{"id":99999,"date":"2017-11-15T11:52:52","date_gmt":"2017-11-15T10:52:52","guid":{"rendered":"http:\/\/gazdasagportal.hu\/?p=99999"},"modified":"2017-11-15T11:52:52","modified_gmt":"2017-11-15T10:52:52","slug":"a-munkaspart-szazezres-nyugdijminimumot-es-ketszazezres-berminimumot-iger","status":"publish","type":"post","link":"https:\/\/gazdasagportal.hu\/index.php\/a-munkaspart-szazezres-nyugdijminimumot-es-ketszazezres-berminimumot-iger\/","title":{"rendered":"A Munk\u00e1sp\u00e1rt sz\u00e1zezres nyugd\u00edjminimumot \u00e9s k\u00e9tsz\u00e1zezres b\u00e9rminimumot \u00edg\u00e9r"},"content":{"rendered":"<p><strong>Sz\u00e1zezres nyugd\u00edjminimumot \u00e9s k\u00e9tsz\u00e1zezres, ad\u00f3mentes b\u00e9rminimumot \u00edg\u00e9r a Munk\u00e1sp\u00e1rt a szerd\u00e1n Budapesten bemutatott v\u00e1laszt\u00e1si programj\u00e1ban. Th\u00fcrmer Gyula p\u00e1rteln\u00f6k azt mondta: egyed\u00fcl indulnak a 2018-as orsz\u00e1ggy\u0171l\u00e9si v\u00e1laszt\u00e1son, de ut\u00e1na b\u00e1rkivel hajland\u00f3ak egy\u00fcttm\u0171k\u00f6dni a dolgoz\u00f3k, a n\u00e9p \u00e9rdek\u00e9ben.<\/strong><!--more--><\/p>\n<div class=\"ads-in-post1\"><div id=\"gazdasagportal.hu_fullbanner_wideboard\"><\/div>\r\n<\/div>\n<p>    A biztons\u00e1gos, kisz\u00e1m\u00edthat\u00f3 \u00e9letet, magyar mez\u0151gazdas\u00e1got \u00e9s migr\u00e1nsmentes Eur\u00f3p\u00e1t \u00edg\u00e9r\u0151 programr\u00f3l sz\u00f3lva az ellenz\u00e9ki politikus elmondta: c\u00e9lkit\u0171z\u00e9seik k\u00f6z\u00f6tt 65 \u00e9ves kor feletti ingyenes gy\u00f3gyszerell\u00e1t\u00e1s, \u00e1llam \u00e1ltal biztos\u00edtott els\u0151 munkahely, a 35 \u00f3r\u00e1s munkah\u00e9t bevezet\u00e9se, s\u00e1vos, a j\u00f6vedelem emelked\u00e9s\u00e9vel n\u00f6veked\u0151 szja-rendszer megteremt\u00e9se szerepel.<br \/>\n    Hozz\u00e1tette: az eg\u00e9szs\u00e9g\u00fcgy \u00e9s az oktat\u00e1s k\u00f6lts\u00e9gvet\u00e9s\u00e9t megdupl\u00e1zn\u00e1k az &#8222;er\u0151s, okos, felk\u00e9sz\u00fclt&#8221; nemzet megteremt\u00e9se \u00e9rdek\u00e9ben, a minim\u00e1lb\u00e9r t\u00edzszeres\u00e9t kitev\u0151 b\u00e9rplafont, a milli\u00e1rdos vagyonokra pedig egyszeri, 45 sz\u00e1zal\u00e9kos ad\u00f3t vezetn\u00e9nek be.<br \/>\n    Th\u00fcrmer Gyula elmondta: az \u00f6nell\u00e1t\u00e1st \u00e9s az export felfuttat\u00e1s\u00e1t c\u00e9lz\u00f3 agr\u00e1rium megteremt\u00e9se mellett a f\u00fcggetlen nemzeti k\u00fclpolitika is programjuk r\u00e9sze, amelyet \u00fagy jellemzett: az egyszerre baloldali \u00e9s nemzeti elk\u00f6telezetts\u00e9g\u0171.(MTI)<br \/>\n<div class=\"ads-in-post2\"><script async src=\"https:\/\/pagead2.googlesyndication.com\/pagead\/js\/adsbygoogle.js\"><\/script>\r\n<ins class=\"adsbygoogle\"\r\n     style=\"display:block\"\r\n     data-ad-format=\"fluid\"\r\n     data-ad-layout-key=\"-6t+ed+2i-1n-4w\"\r\n     data-ad-client=\"ca-pub-1959107119989764\"\r\n     data-ad-slot=\"4008251320\"><\/ins>\r\n<script>\r\n     (adsbygoogle = window.adsbygoogle || []).push({});\r\n<\/script><\/div>\n","protected":false},"excerpt":{"rendered":"<p>Sz\u00e1zezres nyugd\u00edjminimumot \u00e9s k\u00e9tsz\u00e1zezres, ad\u00f3mentes b\u00e9rminimumot \u00edg\u00e9r a Munk\u00e1sp\u00e1rt a szerd\u00e1n Budapesten bemutatott v\u00e1laszt\u00e1si programj\u00e1ban. Th\u00fcrmer Gyula p\u00e1rteln\u00f6k azt mondta: egyed\u00fcl indulnak a 2018-as orsz\u00e1ggy\u0171l\u00e9si v\u00e1laszt\u00e1son, de ut\u00e1na b\u00e1rkivel hajland\u00f3ak egy\u00fcttm\u0171k\u00f6dni a dolgoz\u00f3k, a n\u00e9p \u00e9rdek\u00e9ben.<\/p>\n","protected":false},"author":1,"featured_media":0,"comment_status":"closed","ping_status":"open","sticky":false,"template":"","format":"standard","meta":[],"categories":[4,18],"tags":[],"_links":{"self":[{"href":"https:\/\/gazdasagportal.hu\/index.php\/wp-json\/wp\/v2\/posts\/99999"}],"collection":[{"href":"https:\/\/gazdasagportal.hu\/index.php\/wp-json\/wp\/v2\/posts"}],"about":[{"href":"https:\/\/gazdasagportal.hu\/index.php\/wp-json\/wp\/v2\/types\/post"}],"author":[{"embeddable":true,"href":"https:\/\/gazdasagportal.hu\/index.php\/wp-json\/wp\/v2\/users\/1"}],"replies":[{"embeddable":true,"href":"https:\/\/gazdasagportal.hu\/index.php\/wp-json\/wp\/v2\/comments?post=99999"}],"version-history":[{"count":1,"href":"https:\/\/gazdasagportal.hu\/index.php\/wp-json\/wp\/v2\/posts\/99999\/revisions"}],"predecessor-version":[{"id":100000,"href":"https:\/\/gazdasagportal.hu\/index.php\/wp-json\/wp\/v2\/posts\/99999\/revisions\/100000"}],"wp:attachment":[{"href":"https:\/\/gazdasagportal.hu\/index.php\/wp-json\/wp\/v2\/media?parent=99999"}],"wp:term":[{"taxonomy":"category","embeddable":true,"href":"https:\/\/gazdasagportal.hu\/index.php\/wp-json\/wp\/v2\/categories?post=99999"},{"taxonomy":"post_tag","embeddable":true,"href":"https:\/\/gazdasagportal.hu\/index.php\/wp-json\/wp\/v2\/tags?post=99999"}],"curies":[{"name":"wp","href":"https:\/\/api.w.org\/{rel}","templated":true}]}}