{"id":99921,"date":"2017-11-13T07:34:04","date_gmt":"2017-11-13T06:34:04","guid":{"rendered":"http:\/\/gazdasagportal.hu\/?p=99921"},"modified":"2017-11-13T08:28:12","modified_gmt":"2017-11-13T07:28:12","slug":"fidesz-kongresszus-ujravalasztottak-orban-viktort-partelnoknek-megvalasztottak-az-alelnokoket","status":"publish","type":"post","link":"https:\/\/gazdasagportal.hu\/index.php\/fidesz-kongresszus-ujravalasztottak-orban-viktort-partelnoknek-megvalasztottak-az-alelnokoket\/","title":{"rendered":"Fidesz-kongresszus &#8211; \u00dajrav\u00e1lasztott\u00e1k Orb\u00e1n Viktort p\u00e1rteln\u00f6knek, megv\u00e1lasztott\u00e1k az aleln\u00f6k\u00f6ket"},"content":{"rendered":"<p><strong>\u00dajrav\u00e1lasztott\u00e1k Orb\u00e1n Viktor korm\u00e1nyf\u0151t a Fidesz eln\u00f6k\u00e9nek vas\u00e1rnap a p\u00e1rt XXVII., tiszt\u00faj\u00edt\u00f3 kongresszus\u00e1n, Budapesten, ahol aleln\u00f6kk\u00e9 v\u00e1lasztott\u00e1k Nov\u00e1k Katalint, Guly\u00e1s Gergelyt, Kubatov G\u00e1bort \u00e9s N\u00e9meth Szil\u00e1rdot.<\/strong><!--more--><\/p>\n<div class=\"ads-in-post1\"><div id=\"gazdasagportal.hu_fullbanner_wideboard\"><\/div>\r\n<\/div>\n<p>    Orb\u00e1n Viktort egyhang\u00falag, 1358 szavazattal v\u00e1lasztott\u00e1k \u00fajra p\u00e1rteln\u00f6knek.<br \/>\n    Nov\u00e1k Katalin, az Emberi Er\u0151forr\u00e1sok Miniszt\u00e9rium\u00e1nak csal\u00e1d-, ifj\u00fas\u00e1g- \u00e9s nemzetk\u00f6zi \u00fcgyek\u00e9rt felel\u0151s \u00e1llamtitk\u00e1ra &#8211; aki az eur\u00f3pai sz\u00e1mvev\u0151sz\u00e9ki tagg\u00e1 v\u00e1lasztott Pelczn\u00e9 G\u00e1ll Ildik\u00f3t v\u00e1ltja az aleln\u00f6ki poszton &#8211; 1297 szavazatot kapott a k\u00fcld\u00f6ttekt\u0151l.<br \/>\n    A m\u00e1r eddig is aleln\u00f6k Guly\u00e1s Gergely orsz\u00e1ggy\u0171l\u00e9si frakci\u00f3vezet\u0151t 1310, Kubatov G\u00e1bor p\u00e1rtigazgat\u00f3t 1298, N\u00e9meth Szil\u00e1rdot, a parlament honv\u00e9delmi \u00e9s rend\u00e9szeti bizotts\u00e1g\u00e1nak eln\u00f6k\u00e9t pedig 1281 szavazattal v\u00e1lasztott\u00e1k \u00fajra &#8211; ismertette a sz\u00e1mokat a szavazatsz\u00e1ml\u00e1l\u00f3 bizotts\u00e1g r\u00e9sz\u00e9r\u0151l Kontr\u00e1t K\u00e1roly.(MTI)<br \/>\n<div class=\"ads-in-post2\"><script async src=\"https:\/\/pagead2.googlesyndication.com\/pagead\/js\/adsbygoogle.js\"><\/script>\r\n<ins class=\"adsbygoogle\"\r\n     style=\"display:block\"\r\n     data-ad-format=\"fluid\"\r\n     data-ad-layout-key=\"-6t+ed+2i-1n-4w\"\r\n     data-ad-client=\"ca-pub-1959107119989764\"\r\n     data-ad-slot=\"4008251320\"><\/ins>\r\n<script>\r\n     (adsbygoogle = window.adsbygoogle || []).push({});\r\n<\/script><\/div>\n","protected":false},"excerpt":{"rendered":"<p>\u00dajrav\u00e1lasztott\u00e1k Orb\u00e1n Viktor korm\u00e1nyf\u0151t a Fidesz eln\u00f6k\u00e9nek vas\u00e1rnap a p\u00e1rt XXVII., tiszt\u00faj\u00edt\u00f3 kongresszus\u00e1n, Budapesten, ahol aleln\u00f6kk\u00e9 v\u00e1lasztott\u00e1k Nov\u00e1k Katalint, Guly\u00e1s Gergelyt, Kubatov G\u00e1bort \u00e9s N\u00e9meth Szil\u00e1rdot.<\/p>\n","protected":false},"author":1,"featured_media":0,"comment_status":"closed","ping_status":"open","sticky":false,"template":"","format":"standard","meta":[],"categories":[4,18],"tags":[],"_links":{"self":[{"href":"https:\/\/gazdasagportal.hu\/index.php\/wp-json\/wp\/v2\/posts\/99921"}],"collection":[{"href":"https:\/\/gazdasagportal.hu\/index.php\/wp-json\/wp\/v2\/posts"}],"about":[{"href":"https:\/\/gazdasagportal.hu\/index.php\/wp-json\/wp\/v2\/types\/post"}],"author":[{"embeddable":true,"href":"https:\/\/gazdasagportal.hu\/index.php\/wp-json\/wp\/v2\/users\/1"}],"replies":[{"embeddable":true,"href":"https:\/\/gazdasagportal.hu\/index.php\/wp-json\/wp\/v2\/comments?post=99921"}],"version-history":[{"count":2,"href":"https:\/\/gazdasagportal.hu\/index.php\/wp-json\/wp\/v2\/posts\/99921\/revisions"}],"predecessor-version":[{"id":99925,"href":"https:\/\/gazdasagportal.hu\/index.php\/wp-json\/wp\/v2\/posts\/99921\/revisions\/99925"}],"wp:attachment":[{"href":"https:\/\/gazdasagportal.hu\/index.php\/wp-json\/wp\/v2\/media?parent=99921"}],"wp:term":[{"taxonomy":"category","embeddable":true,"href":"https:\/\/gazdasagportal.hu\/index.php\/wp-json\/wp\/v2\/categories?post=99921"},{"taxonomy":"post_tag","embeddable":true,"href":"https:\/\/gazdasagportal.hu\/index.php\/wp-json\/wp\/v2\/tags?post=99921"}],"curies":[{"name":"wp","href":"https:\/\/api.w.org\/{rel}","templated":true}]}}