{"id":99915,"date":"2017-11-12T16:13:40","date_gmt":"2017-11-12T15:13:40","guid":{"rendered":"http:\/\/gazdasagportal.hu\/?p=99915"},"modified":"2017-11-12T16:13:40","modified_gmt":"2017-11-12T15:13:40","slug":"eros-hidegfront-erkezik","status":"publish","type":"post","link":"https:\/\/gazdasagportal.hu\/index.php\/eros-hidegfront-erkezik\/","title":{"rendered":"Er\u0151s hidegfront \u00e9rkezik"},"content":{"rendered":"<p><strong>Er\u0151s hidegfront nyom\u00e1n t\u00f6bbfokos leh\u0171l\u00e9s v\u00e1rhat\u00f3 a j\u00f6v\u0151 h\u00e9ten &#8211; k\u00f6z\u00f6lte az Orsz\u00e1gos Meteorol\u00f3giai Szolg\u00e1lat vas\u00e1rnap a honlapj\u00e1n.<\/strong><!--more--><\/p>\n<div class=\"ads-in-post1\"><div id=\"gazdasagportal.hu_fullbanner_wideboard\"><\/div>\r\n<\/div>\n<p>    Az MTI-hez eljuttatott orsz\u00e1gos, k\u00f6z\u00e9pt\u00e1v\u00fa el\u0151rejelz\u00e9s\u00fck szerint t\u00f6bb helyen v\u00e1rhat\u00f3k m\u00ednuszok, \u00e9s n\u00e9hol napk\u00f6zben is 5 Celsius-fok k\u00f6r\u00fcl alakul a h\u0151m\u00e9rs\u00e9klet.<br \/>\n    H\u00e9tf\u0151n reggel a d\u00e9li orsz\u00e1gr\u00e9szben egy-egy zivatar is lehet. Napk\u00f6zben t\u00f6bbnyire er\u0151sen felh\u0151s vagy borult lesz az \u00e9g, \u00e9s t\u00f6bbfel\u00e9 v\u00e1rhat\u00f3 es\u0151, z\u00e1por, a dun\u00e1nt\u00fali hegyekben havas es\u0151, havaz\u00e1s is. A csapad\u00e9k s\u00falypontja a nap folyam\u00e1n egyre ink\u00e1bb a Tisz\u00e1nt\u00falra, illetve D\u00e9l-Magyarorsz\u00e1gra tev\u0151dik \u00e1t. Emellett t\u00f6bbfel\u00e9 meger\u0151s\u00f6dik, a Dun\u00e1nt\u00falon vihaross\u00e1 fokoz\u00f3dik a sz\u00e9l is. A leghidegebb \u00f3r\u00e1kban a Dun\u00e1nt\u00falon 3-7, m\u00e1sutt 7-11 fok lehet.  A nappali maximumok a Dun\u00e1nt\u00falon 4-8, a Dun\u00e1t\u00f3l keletre 10-15 fok k\u00f6z\u00f6tt alakulnak.<br \/>\n    Kedden is er\u0151s, a Dun\u00e1nt\u00falon \u00e9s a Zempl\u00e9nben kezdetben viharos is lehet a sz\u00e9l. Els\u0151sorban az orsz\u00e1g d\u00e9li fel\u00e9n v\u00e1rhat\u00f3 m\u00e9g es\u0151. A legalacsonyabb h\u0151m\u00e9rs\u00e9klet 1-7, a legmagasabb 4-9 fok k\u00f6z\u00f6tt val\u00f3sz\u00edn\u0171.<br \/>\n<div class=\"ads-in-post2\"><script async src=\"https:\/\/pagead2.googlesyndication.com\/pagead\/js\/adsbygoogle.js\"><\/script>\r\n<ins class=\"adsbygoogle\"\r\n     style=\"display:block\"\r\n     data-ad-format=\"fluid\"\r\n     data-ad-layout-key=\"-6t+ed+2i-1n-4w\"\r\n     data-ad-client=\"ca-pub-1959107119989764\"\r\n     data-ad-slot=\"4008251320\"><\/ins>\r\n<script>\r\n     (adsbygoogle = window.adsbygoogle || []).push({});\r\n<\/script><\/div>\n    Szerd\u00e1n nem v\u00e1rhat\u00f3 csapad\u00e9k. Az orsz\u00e1g \u00e9szaki fel\u00e9n t\u00f6bb\u00f3r\u00e1s naps\u00fct\u00e9s is lehet. A minimumh\u0151m\u00e9rs\u00e9klet m\u00ednusz 4 \u00e9s plusz 4 fok k\u00f6z\u00f6tt val\u00f3sz\u00edn\u0171. Az orsz\u00e1g \u00e9szaki fel\u00e9n v\u00e1rhat\u00f3k fagypont alatti \u00e9rt\u00e9kek: N\u00f3gr\u00e1d, Heves, Pest megy\u00e9ben lehet a leghidegebb. Napk\u00f6zben 6-10 fokig melegszik a leveg\u0151.<br \/>\n    Cs\u00fct\u00f6rt\u00f6k\u00f6n a Sz\u00e9cs\u00e9ny-Debrecen vonalt\u00f3l keletre hosszabb id\u0151re is kis\u00fcthet a nap. A D\u00e9l-Dun\u00e1nt\u00falon \u00e9s a D\u00e9l-Alf\u00f6ld\u00f6n viszont kisebb es\u0151 is el\u0151fordulhat. A legalacsonyabb h\u0151m\u00e9rs\u00e9klet m\u00ednusz 2 \u00e9s plusz 5 fok k\u00f6z\u00f6tt alakul, az \u00c9szaki-k\u00f6z\u00e9phegys\u00e9g v\u00f6lgyeiben, a Ny\u00edrs\u00e9gben lehet a hidegebb. A legmagasabb h\u0151m\u00e9rs\u00e9klet 6-11 fok k\u00f6z\u00f6tt val\u00f3sz\u00edn\u0171.<br \/>\n    P\u00e9nteken nem v\u00e1rhat\u00f3 csapad\u00e9k. A minimumh\u0151m\u00e9rs\u00e9klet m\u00ednusz 2 \u00e9s plusz 6, a maximumh\u0151m\u00e9rs\u00e9klet 6-11 fok k\u00f6z\u00f6tt val\u00f3sz\u00edn\u0171.<br \/>\n    Szombaton elsz\u00f3rtan fordulhat el\u0151 kisebb es\u0151. A leghidegebb \u00f3r\u00e1kban 1-6 fok lehet. Napk\u00f6zben 6-11 fokig melegszik a leveg\u0151.<br \/>\n    Vas\u00e1rnap reggelt\u0151l cs\u00f6kken a felh\u0151zet, napk\u00f6zben helyenk\u00e9nt, f\u0151k\u00e9nt keleten lehet es\u0151, z\u00e1por. Emellett viszont n\u00e9hol meger\u0151s\u00f6dik a sz\u00e9l. A minimumh\u0151m\u00e9rs\u00e9klet m\u00ednusz 2 \u00e9s plusz 5 fok k\u00f6z\u00f6tt val\u00f3sz\u00edn\u0171, a nappali maximumok 6-10 fok k\u00f6z\u00f6tt alakulnak &#8211; olvashat\u00f3 az el\u0151rejelz\u00e9sben.(MTI)<\/p>\n","protected":false},"excerpt":{"rendered":"<p>Er\u0151s hidegfront nyom\u00e1n t\u00f6bbfokos leh\u0171l\u00e9s v\u00e1rhat\u00f3 a j\u00f6v\u0151 h\u00e9ten &#8211; k\u00f6z\u00f6lte az Orsz\u00e1gos Meteorol\u00f3giai Szolg\u00e1lat vas\u00e1rnap a honlapj\u00e1n.<\/p>\n","protected":false},"author":1,"featured_media":0,"comment_status":"closed","ping_status":"open","sticky":false,"template":"","format":"standard","meta":[],"categories":[4],"tags":[],"_links":{"self":[{"href":"https:\/\/gazdasagportal.hu\/index.php\/wp-json\/wp\/v2\/posts\/99915"}],"collection":[{"href":"https:\/\/gazdasagportal.hu\/index.php\/wp-json\/wp\/v2\/posts"}],"about":[{"href":"https:\/\/gazdasagportal.hu\/index.php\/wp-json\/wp\/v2\/types\/post"}],"author":[{"embeddable":true,"href":"https:\/\/gazdasagportal.hu\/index.php\/wp-json\/wp\/v2\/users\/1"}],"replies":[{"embeddable":true,"href":"https:\/\/gazdasagportal.hu\/index.php\/wp-json\/wp\/v2\/comments?post=99915"}],"version-history":[{"count":1,"href":"https:\/\/gazdasagportal.hu\/index.php\/wp-json\/wp\/v2\/posts\/99915\/revisions"}],"predecessor-version":[{"id":99916,"href":"https:\/\/gazdasagportal.hu\/index.php\/wp-json\/wp\/v2\/posts\/99915\/revisions\/99916"}],"wp:attachment":[{"href":"https:\/\/gazdasagportal.hu\/index.php\/wp-json\/wp\/v2\/media?parent=99915"}],"wp:term":[{"taxonomy":"category","embeddable":true,"href":"https:\/\/gazdasagportal.hu\/index.php\/wp-json\/wp\/v2\/categories?post=99915"},{"taxonomy":"post_tag","embeddable":true,"href":"https:\/\/gazdasagportal.hu\/index.php\/wp-json\/wp\/v2\/tags?post=99915"}],"curies":[{"name":"wp","href":"https:\/\/api.w.org\/{rel}","templated":true}]}}