{"id":99913,"date":"2017-11-12T16:27:15","date_gmt":"2017-11-12T15:27:15","guid":{"rendered":"http:\/\/gazdasagportal.hu\/?p=99913"},"modified":"2017-11-12T08:28:02","modified_gmt":"2017-11-12T07:28:02","slug":"hutohazak-epitesere-eddig-8-milliard-forint-palyazati-osszegrol-dontottek","status":"publish","type":"post","link":"https:\/\/gazdasagportal.hu\/index.php\/hutohazak-epitesere-eddig-8-milliard-forint-palyazati-osszegrol-dontottek\/","title":{"rendered":"H\u0171t\u0151h\u00e1zak \u00e9p\u00edt\u00e9s\u00e9re eddig 8 milli\u00e1rd forint p\u00e1ly\u00e1zati \u00f6sszegr\u0151l d\u00f6nt\u00f6ttek"},"content":{"rendered":"<p><strong>Sz\u00e1z p\u00e1ly\u00e1zat t\u00e1mogat\u00e1s\u00e1val eddig mintegy nyolc milli\u00e1rd forint eur\u00f3pai uni\u00f3s t\u00e1mogat\u00e1sr\u00f3l d\u00f6nt\u00f6ttek a kert\u00e9szeti \u00e1gazaton bel\u00fcl h\u0171t\u0151h\u00e1zak \u00e9p\u00edt\u00e9s\u00e9re &#8211; mondta a Minisztereln\u00f6ks\u00e9g agr\u00e1r- \u00e9s vid\u00e9kfejleszt\u00e9s\u00e9rt felel\u0151s \u00e1llamtitk\u00e1ra szombaton Csorn\u00e1n, a Hans\u00e1g-Fert\u0151menti Z\u00f6lds\u00e9g-Gy\u00fcm\u00f6lcs Termel\u0151i \u00c9rt\u00e9kes\u00edt\u0151 Sz\u00f6vetkezet 256 milli\u00f3 forintb\u00f3l fel\u00e9p\u00fcl\u0151 h\u0171t\u0151h\u00e1z\u00e1nak alapk\u0151let\u00e9tel\u00e9n.<\/strong><!--more--><\/p>\n<div class=\"ads-in-post1\"><div id=\"gazdasagportal.hu_fullbanner_wideboard\"><\/div>\r\n<\/div>\n<p>    A h\u0171t\u0151h\u00e1z \u00e9p\u00edt\u00e9s\u00e9re mintegy 150 milli\u00f3 forint t\u00e1mogat\u00e1st nyert a sz\u00f6vetkezet.<br \/>\n    Kiss Mikl\u00f3s Zsolt elmondta, hogy a vid\u00e9kfejleszt\u00e9si program \u00e1ltal rendelkez\u00e9sre \u00e1ll\u00f3 1300 milli\u00e1rd forint t\u00e1mogat\u00e1sb\u00f3l a kert\u00e9szet sz\u00e1m\u00e1ra mintegy 90 milli\u00e1rd forint \u00e1ll rendelkez\u00e9sre, t\u00f6bb p\u00e1ly\u00e1zati csomag r\u00e9v\u00e9n.<br \/>\n    \u00dcvegh\u00e1zak, f\u00f3liah\u00e1zak \u00e9p\u00edt\u00e9s\u00e9re, gombah\u00e1zak \u00e9s h\u0171t\u0151h\u00e1zak \u00e9p\u00edt\u00e9s\u00e9re, \u00fcltetv\u00e9nykorszer\u0171s\u00edt\u00e9sre, valamint kert\u00e9szeti g\u00e9pek beszerz\u00e9sre is t\u00f6bb, mint 20-20 milli\u00e1rd forintos a keret\u00f6sszeg, emellett lesz t\u00f6bb kisebb p\u00e1ly\u00e1zat is.<br \/>\n    Az \u00e1llamtitk\u00e1r rem\u00e9nyei szerint t\u00f6bb sz\u00e1zmilli\u00f3 forintos beruh\u00e1z\u00e1sokat gener\u00e1l majd a csal\u00e1di v\u00e1llalkoz\u00e1sokban \u00e9s a sz\u00f6vetez\u00e9sekben a t\u00e1mogat\u00e1s. Szinte ez az egyed\u00fcli \u00fat a siker fel\u00e9, nem v\u00e9letlen\u00fcl lett a vid\u00e9kfejleszt\u00e9si programban is \u00fagy kialak\u00edtva a t\u00e1mogat\u00e1si rendszer, hogy a kert\u00e9szet, az \u00e1llatteny\u00e9szt\u00e9s \u00e9s az ehhez kapcsol\u00f3d\u00f3 \u00e9lelmiszeripar kapja a legnagyobb hangs\u00falyt &#8211; fogalmazott.<br \/>\n    Besz\u00e9lt arr\u00f3l is, hogy nem csak az Eur\u00f3pai Uni\u00f3nak, hanem a korm\u00e1nynak is az a c\u00e9lja, hogy olyan j\u00f6v\u0151be l\u00e1t\u00f3 gazdas\u00e1gok, k\u00f6z\u00f6ss\u00e9gek \u00e9s sz\u00f6vetkezetek j\u00f6jjenek l\u00e9tre, amik az energiaf\u00fcgg\u0151s\u00e9g\u00fcket is cs\u00f6kkenteni tudj\u00e1k, ak\u00e1r ezen beruh\u00e1z\u00e1sok r\u00e9v\u00e9n. P\u00e9ldak\u00e9nt eml\u00edtette, hogy a csornai beruh\u00e1z\u00e1snak is r\u00e9sze napelemek telep\u00edt\u00e9se.<br \/>\n<div class=\"ads-in-post2\"><script async src=\"https:\/\/pagead2.googlesyndication.com\/pagead\/js\/adsbygoogle.js\"><\/script>\r\n<ins class=\"adsbygoogle\"\r\n     style=\"display:block\"\r\n     data-ad-format=\"fluid\"\r\n     data-ad-layout-key=\"-6t+ed+2i-1n-4w\"\r\n     data-ad-client=\"ca-pub-1959107119989764\"\r\n     data-ad-slot=\"4008251320\"><\/ins>\r\n<script>\r\n     (adsbygoogle = window.adsbygoogle || []).push({});\r\n<\/script><\/div>\n    Gyop\u00e1ros Alp\u00e1r, a t\u00e9rs\u00e9g fideszes orsz\u00e1ggy\u0171l\u00e9si k\u00e9pvisel\u0151je arr\u00f3l besz\u00e9lt, hogy az elm\u00falt h\u00e9t \u00e9vben a R\u00e1bak\u00f6zben \u00f6sszesen k\u00e9tsz\u00e1z milli\u00e1rd forintnyi fejleszt\u00e9s val\u00f3sult meg, amelyek k\u00f6z\u00fcl kiemelkednek a csornai \u00e9s a kapuv\u00e1ri k\u00f3rh\u00e1zak fejleszt\u00e9sei, valamint az M85-\u00f6s \u00e9s M86-os gyorsforgalmi utak \u00e9p\u00edt\u00e9se.<br \/>\n    Hozz\u00e1tette: tapasztalata szerint az elm\u00falt h\u00e1rom-n\u00e9gy \u00e9vben, egyebek mellett a fiatal gazda vagy az iskolagy\u00fcm\u00f6lcs programok r\u00e9v\u00e9n egyre n\u0151 azon fiatalok sz\u00e1ma, akik a kert\u00e9szeti \u00e1gazatban dolgoznak, csal\u00e1di v\u00e1llalkoz\u00e1sokban vagy egy-egy k\u00f6z\u00f6ss\u00e9g, sz\u00f6vetkezet tagjak\u00e9nt.<br \/>\n    Csal\u00e1di J\u00e1nos, a Hans\u00e1g-Fert\u0151menti Z\u00f6lds\u00e9g-Gy\u00fcm\u00f6lcs Termel\u0151i \u00c9rt\u00e9kes\u00edt\u0151 Sz\u00f6vetkezet eln\u00f6ke elmondta, hogy a h\u00e1romezer n\u00e9gyzetm\u00e9ter alapter\u00fclet\u0171, 450 tonna kapacit\u00e1s\u00fa h\u0171t\u0151h\u00e1z \u00e9p\u00edt\u00e9s\u00e9re m\u00e9g 2015-ben v\u00e1s\u00e1roltak telket a T\u00c9SZ csornai telephely\u00e9n. A kivitelez\u00e9s k\u00e9t h\u00e9t m\u00falva kezd\u0151dik, s legk\u00e9s\u0151bb j\u00f6v\u0151 \u00e9v szeptember v\u00e9g\u00e9re fog elk\u00e9sz\u00fclni.<br \/>\n    A h\u0171t\u0151h\u00e1zban norm\u00e1l h\u0151m\u00e9rs\u00e9klet\u0171 t\u00e1rol\u00f3t, manipul\u00e1l\u00f3 teret, csomagol\u00f3anyag- \u00e9s g\u00f6ngy\u00f6legrakt\u00e1rt, szoci\u00e1lis helyis\u00e9geket \u00e9s k\u00fcls\u0151 kiszolg\u00e1l\u00f3 tereket is kialak\u00edtanak. A fejleszt\u00e9ssel az eg\u00e9sz \u00e9ven \u00e1t tart\u00f3, folyamatos \u00e1ruell\u00e1t\u00e1st tudj\u00e1k biztos\u00edtani, \u00fagy, hogy a bet\u00e1rolt \u00e1ru az \u00e9rt\u00e9kes\u00edt\u00e9sig meg\u0151rzi min\u0151s\u00e9g\u00e9t. Ez\u00e1ltal jelent\u0151sen n\u00f6vekszik a T\u00c9SZ-hez tartoz\u00f3 gazd\u00e1k termel\u00e9si \u00e9s \u00e9rtkes\u00edt\u00e9si biztons\u00e1ga.<br \/>\n    A Hans\u00e1g-Fert\u0151menti T\u00c9SZ 2003-ban alakult. A sz\u00f6vetkezetnek jelenleg mintegy \u00f6tven tagja van. Nett\u00f3 \u00e1rbev\u00e9tele tavaly 385,6 milli\u00f3 forint volt, ami 196,6 milli\u00f3 forinttal marad el az el\u0151z\u0151 \u00e9vit\u0151l. Ennek okak\u00e9nt kor\u00e1bban a fagyk\u00e1rt jel\u00f6lte meg az eln\u00f6k.<br \/>\n    \u00c1lland\u00f3 besz\u00e1ll\u00edt\u00f3i a METRO \u00fczletl\u00e1ncnak. F\u0151 term\u00e9k\u00fck a r\u00e1bak\u00f6zi v\u00f6r\u00f6shagyma, az alma, de nagy ter\u00fcleten termelik a k\u00fcl\u00f6nb\u00f6z\u0151 k\u00e1posztaf\u00e9l\u00e9ket, gy\u00f6k\u00e9rz\u00f6lds\u00e9geket \u00e9s konzervipari paprikaf\u00e9l\u00e9ket is.(MTI)<\/p>\n","protected":false},"excerpt":{"rendered":"<p>Sz\u00e1z p\u00e1ly\u00e1zat t\u00e1mogat\u00e1s\u00e1val eddig mintegy nyolc milli\u00e1rd forint eur\u00f3pai uni\u00f3s t\u00e1mogat\u00e1sr\u00f3l d\u00f6nt\u00f6ttek a kert\u00e9szeti \u00e1gazaton bel\u00fcl h\u0171t\u0151h\u00e1zak \u00e9p\u00edt\u00e9s\u00e9re &#8211; mondta a Minisztereln\u00f6ks\u00e9g agr\u00e1r- \u00e9s vid\u00e9kfejleszt\u00e9s\u00e9rt felel\u0151s \u00e1llamtitk\u00e1ra szombaton Csorn\u00e1n, a Hans\u00e1g-Fert\u0151menti Z\u00f6lds\u00e9g-Gy\u00fcm\u00f6lcs Termel\u0151i \u00c9rt\u00e9kes\u00edt\u0151 Sz\u00f6vetkezet 256 milli\u00f3 forintb\u00f3l fel\u00e9p\u00fcl\u0151 h\u0171t\u0151h\u00e1z\u00e1nak alapk\u0151let\u00e9tel\u00e9n.<\/p>\n","protected":false},"author":1,"featured_media":0,"comment_status":"closed","ping_status":"open","sticky":false,"template":"","format":"standard","meta":[],"categories":[19],"tags":[],"_links":{"self":[{"href":"https:\/\/gazdasagportal.hu\/index.php\/wp-json\/wp\/v2\/posts\/99913"}],"collection":[{"href":"https:\/\/gazdasagportal.hu\/index.php\/wp-json\/wp\/v2\/posts"}],"about":[{"href":"https:\/\/gazdasagportal.hu\/index.php\/wp-json\/wp\/v2\/types\/post"}],"author":[{"embeddable":true,"href":"https:\/\/gazdasagportal.hu\/index.php\/wp-json\/wp\/v2\/users\/1"}],"replies":[{"embeddable":true,"href":"https:\/\/gazdasagportal.hu\/index.php\/wp-json\/wp\/v2\/comments?post=99913"}],"version-history":[{"count":1,"href":"https:\/\/gazdasagportal.hu\/index.php\/wp-json\/wp\/v2\/posts\/99913\/revisions"}],"predecessor-version":[{"id":99914,"href":"https:\/\/gazdasagportal.hu\/index.php\/wp-json\/wp\/v2\/posts\/99913\/revisions\/99914"}],"wp:attachment":[{"href":"https:\/\/gazdasagportal.hu\/index.php\/wp-json\/wp\/v2\/media?parent=99913"}],"wp:term":[{"taxonomy":"category","embeddable":true,"href":"https:\/\/gazdasagportal.hu\/index.php\/wp-json\/wp\/v2\/categories?post=99913"},{"taxonomy":"post_tag","embeddable":true,"href":"https:\/\/gazdasagportal.hu\/index.php\/wp-json\/wp\/v2\/tags?post=99913"}],"curies":[{"name":"wp","href":"https:\/\/api.w.org\/{rel}","templated":true}]}}