{"id":99906,"date":"2017-11-12T13:25:37","date_gmt":"2017-11-12T12:25:37","guid":{"rendered":"http:\/\/gazdasagportal.hu\/?p=99906"},"modified":"2017-11-12T08:16:33","modified_gmt":"2017-11-12T07:16:33","slug":"a-magyar-szorvany-napja-lesz-szerdan-a-kozmediaban","status":"publish","type":"post","link":"https:\/\/gazdasagportal.hu\/index.php\/a-magyar-szorvany-napja-lesz-szerdan-a-kozmediaban\/","title":{"rendered":"A magyar sz\u00f3rv\u00e1ny napja lesz szerd\u00e1n a k\u00f6zm\u00e9di\u00e1ban"},"content":{"rendered":"<p><strong>A sz\u00f3rv\u00e1nyban \u00e9l\u0151 magyars\u00e1got mutatja be soksz\u00edn\u0171 m\u0171sorokkal november 15-\u00e9n a k\u00f6zm\u00e9dia, a tematikus napon a Duna World mellett a Duna, az M1, az M5, valamint a Kossuth R\u00e1di\u00f3 m\u0171sorai is foglalkoznak a t\u00e9m\u00e1val.<\/strong><!--more--><\/p>\n<div class=\"ads-in-post1\"><div id=\"gazdasagportal.hu_fullbanner_wideboard\"><\/div>\r\n<\/div>\n<p>     A tematikus nap m\u0171sorai fel\u00f6lelik az \u00f6sszes \u00e9rintett k\u00fclhoni r\u00e9gi\u00f3t &#8211; mondta el Sikl\u00f3si Beatrix, a M\u00e9diaszolg\u00e1ltat\u00e1s-t\u00e1mogat\u00f3 \u00e9s Vagyonkezel\u0151 Alap (MTVA) kiemelt projektek\u00e9rt is felel\u0151s f\u0151szerkeszt\u0151je az MTI-nek.<br \/>\n    Az erd\u00e9lyi, a felvid\u00e9ki, a d\u00e9lvid\u00e9ki, a burgenlandi \u00e9s a k\u00e1rp\u00e1taljai sz\u00f3rv\u00e1nyban \u00e9l\u0151ket bemutat\u00f3 felv\u00e9telek a m\u0171kedvel\u0151 sz\u00ednj\u00e1tsz\u00e1st\u00f3l \u00e9s a p\u00e1sztornapt\u00f3l kezdve a g\u00f6m\u00f6ri n\u00e9pviseleten \u00e9s a Pet\u0151fi-programon \u00e1t a cs\u00e1ng\u00f3 iskol\u00e1kkal is megismertetik az \u00e9rdekl\u0151d\u0151ket.<br \/>\n    A f\u0151szerkeszt\u0151 felh\u00edvta a figyelmet arra, hogy a magyar sz\u00f3rv\u00e1ny napja alkalm\u00e1b\u00f3l exkluz\u00edv interj\u00fat ad a k\u00f6zm\u00e9di\u00e1nak Semj\u00e9n Zsolt minisztereln\u00f6k-helyettes. Az interj\u00fat a k\u00f6zm\u00e9dia t\u00f6bb csatorn\u00e1j\u00e1n is megtekintheti, meghallgathatja majd a k\u00f6z\u00f6ns\u00e9g.<br \/>\n    Eml\u00e9keztetett, hogy az Orsz\u00e1ggy\u0171l\u00e9s 2015 november elej\u00e9n nyilv\u00e1n\u00edtotta november 15.-\u00e9t, Bethlen G\u00e1bor (1580-1629) erd\u00e9lyi fejedelem sz\u00fclet\u00e9s\u00e9nek \u00e9s hal\u00e1l\u00e1nak \u00e9vfordul\u00f3j\u00e1t a magyar sz\u00f3rv\u00e1ny napj\u00e1v\u00e1. Err\u0151l a napr\u00f3l n\u00e9h\u00e1ny \u00e9ve az erd\u00e9lyi magyars\u00e1g m\u00e1r megeml\u00e9kezik, a k\u00f6zm\u00e9dia pedig m\u00e1r ezt megel\u0151z\u0151en is tematikus ad\u00e1ssal foglalkozott a sz\u00f3rv\u00e1nymagyars\u00e1ggal &#8211; hangs\u00falyozta.<br \/>\n<div class=\"ads-in-post2\"><script async src=\"https:\/\/pagead2.googlesyndication.com\/pagead\/js\/adsbygoogle.js\"><\/script>\r\n<ins class=\"adsbygoogle\"\r\n     style=\"display:block\"\r\n     data-ad-format=\"fluid\"\r\n     data-ad-layout-key=\"-6t+ed+2i-1n-4w\"\r\n     data-ad-client=\"ca-pub-1959107119989764\"\r\n     data-ad-slot=\"4008251320\"><\/ins>\r\n<script>\r\n     (adsbygoogle = window.adsbygoogle || []).push({});\r\n<\/script><\/div>\n     A m\u0171sorfolyamban r\u00f6vid bej\u00e1tsz\u00e1sokban mutatnak be a sz\u00f3rv\u00e1nyter\u00fcleteken tal\u00e1lhat\u00f3 telep\u00fcl\u00e9seket \u00e9s olyan embereket, kezdem\u00e9nyez\u00e9seket, amelyek a magyars\u00e1g megmarad\u00e1s\u00e1t seg\u00edtik.<br \/>\nMegismerkedhetnek a t\u00e9v\u00e9n\u00e9z\u0151k a sz\u00f3rv\u00e1nyban \u00e9l\u0151k szok\u00e1saival, jellegzetes \u00e9teleikkel, zen\u00e9ikkel, t\u00e1ncaikkal, viselet\u00fckkel. A m\u0171sor k\u00e9sz\u00edt\u0151i kiemelt figyelmet szentelnek a t\u00f6mbmagyars\u00e1gt\u00f3l leszakad\u00f3 sz\u00f3rv\u00e1ny ter\u00fcleteken \u00e9l\u0151 k\u00f6z\u00f6ss\u00e9geknek, bemutatj\u00e1k, hogyan boldogulnak Cs\u00e1ng\u00f3f\u00f6ld\u00f6n, de ell\u00e1togatnak K\u00e1rp\u00e1talja vagy a Felvid\u00e9k eldugott szegleteibe \u00e9s megismertetik a n\u00e9z\u0151ket azokkal az emberekkel is, akiknek nagyon sokat k\u00f6sz\u00f6nhetnek a helyi magyar k\u00f6z\u00f6ss\u00e9gek.<br \/>\n    A n\u00e9z\u0151k megismerhetik t\u00f6bbek k\u00f6z\u00f6tt a K\u00e1rp\u00e1taljai Magyar Pedag\u00f3gussz\u00f6vets\u00e9g sz\u00f3rv\u00e1nymagyars\u00e1ggal foglalkoz\u00f3 programj\u00e1t, a lendvai Kir\u00e1ly Ferenc szobr\u00e1szm\u0171v\u00e9szt, a Gyerty\u00e1nligeten \u00e9l\u0151 P\u00e1duai Szent Antal Karit\u00e1sz vezet\u0151j\u00e9t, a Rom\u00e1niai Falugondnokok Sz\u00f6vets\u00e9g\u00e9t \u00e9s egy aknaszlatinai nyugd\u00edjas s\u00f3b\u00e1ny\u00e1szt. A st\u00e1bok ell\u00e1togatnak egyebek mellett Zalatn\u00e1ra, L\u00e9v\u00e1ra, Viskre, Selmecb\u00e1ny\u00e1ra, L\u00e1bnyikra \u00e9s Dobronakra is.<br \/>\n    A tematikus nap k\u00e9t m\u0171sorvezet\u0151je G\u00e1l Emese \u00e9s Koz\u00e1ri R\u00e9ka lesz.<br \/>\n    A k\u00f6zm\u00e9dia harmadik alkalommal szentel tematikus napot a sz\u00f3rv\u00e1ny magyars\u00e1gnak, id\u00e9n a Pesti Vigad\u00f3b\u00f3l jelentkezve.(MTI)<\/p>\n","protected":false},"excerpt":{"rendered":"<p>A sz\u00f3rv\u00e1nyban \u00e9l\u0151 magyars\u00e1got mutatja be soksz\u00edn\u0171 m\u0171sorokkal november 15-\u00e9n a k\u00f6zm\u00e9dia, a tematikus napon a Duna World mellett a Duna, az M1, az M5, valamint a Kossuth R\u00e1di\u00f3 m\u0171sorai is foglalkoznak a t\u00e9m\u00e1val.<\/p>\n","protected":false},"author":1,"featured_media":0,"comment_status":"closed","ping_status":"open","sticky":false,"template":"","format":"standard","meta":[],"categories":[4],"tags":[],"_links":{"self":[{"href":"https:\/\/gazdasagportal.hu\/index.php\/wp-json\/wp\/v2\/posts\/99906"}],"collection":[{"href":"https:\/\/gazdasagportal.hu\/index.php\/wp-json\/wp\/v2\/posts"}],"about":[{"href":"https:\/\/gazdasagportal.hu\/index.php\/wp-json\/wp\/v2\/types\/post"}],"author":[{"embeddable":true,"href":"https:\/\/gazdasagportal.hu\/index.php\/wp-json\/wp\/v2\/users\/1"}],"replies":[{"embeddable":true,"href":"https:\/\/gazdasagportal.hu\/index.php\/wp-json\/wp\/v2\/comments?post=99906"}],"version-history":[{"count":1,"href":"https:\/\/gazdasagportal.hu\/index.php\/wp-json\/wp\/v2\/posts\/99906\/revisions"}],"predecessor-version":[{"id":99907,"href":"https:\/\/gazdasagportal.hu\/index.php\/wp-json\/wp\/v2\/posts\/99906\/revisions\/99907"}],"wp:attachment":[{"href":"https:\/\/gazdasagportal.hu\/index.php\/wp-json\/wp\/v2\/media?parent=99906"}],"wp:term":[{"taxonomy":"category","embeddable":true,"href":"https:\/\/gazdasagportal.hu\/index.php\/wp-json\/wp\/v2\/categories?post=99906"},{"taxonomy":"post_tag","embeddable":true,"href":"https:\/\/gazdasagportal.hu\/index.php\/wp-json\/wp\/v2\/tags?post=99906"}],"curies":[{"name":"wp","href":"https:\/\/api.w.org\/{rel}","templated":true}]}}