{"id":99904,"date":"2017-11-12T11:44:20","date_gmt":"2017-11-12T10:44:20","guid":{"rendered":"http:\/\/gazdasagportal.hu\/?p=99904"},"modified":"2017-11-12T08:14:06","modified_gmt":"2017-11-12T07:14:06","slug":"heti-makronaptar-a-negyedeves-gdp-adatok-jelennek-meg-a-jovo-heten-3","status":"publish","type":"post","link":"https:\/\/gazdasagportal.hu\/index.php\/heti-makronaptar-a-negyedeves-gdp-adatok-jelennek-meg-a-jovo-heten-3\/","title":{"rendered":"Heti makronapt\u00e1r &#8211; A negyed\u00e9ves GDP-adatok jelennek meg a j\u00f6v\u0151 h\u00e9ten"},"content":{"rendered":"<p><strong>Kev\u00e9s statisztikai adat l\u00e1t napvil\u00e1got a j\u00f6v\u0151 h\u00e9ten, ezek k\u00f6z\u00fcl a harmadik negyed\u00e9ves brutt\u00f3 hazai term\u00e9k (GDP) alakul\u00e1s\u00e1nak el\u0151zetes adatai sz\u00e1m\u00edthatnak legink\u00e1bb a piac \u00e9rdekl\u0151d\u00e9s\u00e9re.<\/strong><!--more--><\/p>\n<div class=\"ads-in-post1\"><div id=\"gazdasagportal.hu_fullbanner_wideboard\"><\/div>\r\n<\/div>\n<p>    H\u00e9tf\u0151n k\u00f6zli a K\u00f6zponti Statisztikai Hivatal (KSH) a szeptemberi ipari termel\u00e9s m\u00e1sodik becsl\u00e9s\u00e9t, \u00e9s az \u00e9p\u00edt\u0151ipar szeptemberi teljes\u00edtm\u00e9ny\u00e9nek adat\u00e1t. Az els\u0151 becsl\u00e9s szerint szeptemberben 5,4 sz\u00e1zal\u00e9kkal n\u0151tt az ipari termel\u00e9s az egy \u00e9vvel kor\u00e1bbihoz viszony\u00edtva, az augusztusi 6,8 sz\u00e1zal\u00e9kos emelked\u00e9s ut\u00e1n. A munkanaphat\u00e1st\u00f3l megtiszt\u00edtott adatok alapj\u00e1n 8,1 sz\u00e1zal\u00e9kkal emelkedett a termel\u00e9s szeptemberben. Az el\u0151z\u0151 h\u00f3naphoz k\u00e9pest 0,7 sz\u00e1zal\u00e9kkal cs\u00f6kkent a szezon\u00e1lisan \u00e9s munkanapt\u00e9nyez\u0151vel kiigaz\u00edtott ipari kibocs\u00e1t\u00e1s szeptemberben az augusztusi 5,5 sz\u00e1zal\u00e9kos n\u00f6veked\u00e9st k\u00f6vet\u0151en. A termel\u00e9s az \u00e9v els\u0151 kilenc h\u00f3napj\u00e1ban 5,2 sz\u00e1zal\u00e9kkal nagyobb volt, mint az el\u0151z\u0151 \u00e9v azonos id\u0151szak\u00e1ban.<br \/>\n<div class=\"ads-in-post2\"><script async src=\"https:\/\/pagead2.googlesyndication.com\/pagead\/js\/adsbygoogle.js\"><\/script>\r\n<ins class=\"adsbygoogle\"\r\n     style=\"display:block\"\r\n     data-ad-format=\"fluid\"\r\n     data-ad-layout-key=\"-6t+ed+2i-1n-4w\"\r\n     data-ad-client=\"ca-pub-1959107119989764\"\r\n     data-ad-slot=\"4008251320\"><\/ins>\r\n<script>\r\n     (adsbygoogle = window.adsbygoogle || []).push({});\r\n<\/script><\/div>\n    Augusztusban az \u00e9p\u00edt\u0151ipari termel\u00e9s volumene 36,8 sz\u00e1zal\u00e9kkal meghaladta az egy \u00e9vvel kor\u00e1bbi, alacsony b\u00e1zist. Az \u00e9p\u00fcletek \u00e9p\u00edt\u00e9se 46,8, az egy\u00e9b \u00e9p\u00edtm\u00e9nyek\u00e9 24,1 sz\u00e1zal\u00e9kkal emelkedett. Az \u00e9v els\u0151 nyolc h\u00f3napj\u00e1ban az \u00e9p\u00edt\u0151ipari termel\u00e9s volumene 27,9 sz\u00e1zal\u00e9kkal b\u0151v\u00fclt az egy \u00e9vvel kor\u00e1bbihoz m\u00e9rten.<br \/>\n    Kedden jelenik meg a harmadik negyed\u00e9ves brutt\u00f3 hazai term\u00e9k (GDP) alakul\u00e1s\u00e1nak el\u0151zetes adata. A GDP a m\u00e1sodik negyed\u00e9vben 3,2 sz\u00e1zal\u00e9kkal haladta meg az el\u0151z\u0151 \u00e9v azonos id\u0151szak\u00e1\u00e9t. A szezon\u00e1lisan \u00e9s napt\u00e1rhat\u00e1ssal kiigaz\u00edtott \u00e9s kiegyens\u00falyozott adatok szerint a gazdas\u00e1g teljes\u00edtm\u00e9nye az el\u0151z\u0151 \u00e9v azonos negyed\u00e9v\u00e9hez m\u00e9rten 3,5, az el\u0151z\u0151 negyed\u00e9vhez viszony\u00edtva 0,9 sz\u00e1zal\u00e9kkal n\u0151tt. A brutt\u00f3 hazai term\u00e9k m\u00e1sodik negyed\u00e9vi, 3,2 sz\u00e1zal\u00e9kos n\u00f6veked\u00e9s\u00e9hez a szolg\u00e1ltat\u00e1sok 1,5, az ipar 0,7 \u00e9s az \u00e9p\u00edt\u0151ipar 0,8 sz\u00e1zal\u00e9kponttal j\u00e1rult hozz\u00e1. A mez\u0151gazdas\u00e1g 0,5 sz\u00e1zal\u00e9kponttal m\u00e9rs\u00e9kelte a GDP n\u00f6veked\u00e9si \u00fctem\u00e9t.<br \/>\n    Szerd\u00e1n a mez\u0151gazdas\u00e1gi termel\u0151i \u00e1rak szeptemberi alakul\u00e1s\u00e1r\u00f3l k\u00f6z\u00f6lnek statisztik\u00e1t. Augusztusban tov\u00e1bb emelkedtek a termel\u0151i \u00e1rak, 3,2 sz\u00e1zal\u00e9kkal haladt\u00e1k meg az el\u0151z\u0151 \u00e9v azonos id\u0151szak\u00e1\u00e9t, ami a n\u00f6v\u00e9nyi term\u00e9kek \u00e1r\u00e1nak 0,6 sz\u00e1zal\u00e9kos, illetve az \u00e9l\u0151 \u00e1llatok \u00e9s \u00e1llati term\u00e9kek \u00e1r\u00e1nak 7,4 sz\u00e1zal\u00e9kos n\u00f6veked\u00e9s\u00e9b\u0151l tev\u0151dik \u00f6ssze. A n\u00f6v\u00e9nyi term\u00e9kek \u00e1ra el\u0151sz\u00f6r emelkedett az elm\u00falt egy \u00e9vben, az \u00e9l\u0151\u00e1llatok \u00e9s \u00e1llati term\u00e9kek \u00e1remelked\u00e9se pedig tov\u00e1bb lassult.(MTI)<\/p>\n","protected":false},"excerpt":{"rendered":"<p>Kev\u00e9s statisztikai adat l\u00e1t napvil\u00e1got a j\u00f6v\u0151 h\u00e9ten, ezek k\u00f6z\u00fcl a harmadik negyed\u00e9ves brutt\u00f3 hazai term\u00e9k (GDP) alakul\u00e1s\u00e1nak el\u0151zetes adatai sz\u00e1m\u00edthatnak legink\u00e1bb a piac \u00e9rdekl\u0151d\u00e9s\u00e9re.<\/p>\n","protected":false},"author":1,"featured_media":0,"comment_status":"closed","ping_status":"open","sticky":false,"template":"","format":"standard","meta":[],"categories":[19,246],"tags":[],"_links":{"self":[{"href":"https:\/\/gazdasagportal.hu\/index.php\/wp-json\/wp\/v2\/posts\/99904"}],"collection":[{"href":"https:\/\/gazdasagportal.hu\/index.php\/wp-json\/wp\/v2\/posts"}],"about":[{"href":"https:\/\/gazdasagportal.hu\/index.php\/wp-json\/wp\/v2\/types\/post"}],"author":[{"embeddable":true,"href":"https:\/\/gazdasagportal.hu\/index.php\/wp-json\/wp\/v2\/users\/1"}],"replies":[{"embeddable":true,"href":"https:\/\/gazdasagportal.hu\/index.php\/wp-json\/wp\/v2\/comments?post=99904"}],"version-history":[{"count":1,"href":"https:\/\/gazdasagportal.hu\/index.php\/wp-json\/wp\/v2\/posts\/99904\/revisions"}],"predecessor-version":[{"id":99905,"href":"https:\/\/gazdasagportal.hu\/index.php\/wp-json\/wp\/v2\/posts\/99904\/revisions\/99905"}],"wp:attachment":[{"href":"https:\/\/gazdasagportal.hu\/index.php\/wp-json\/wp\/v2\/media?parent=99904"}],"wp:term":[{"taxonomy":"category","embeddable":true,"href":"https:\/\/gazdasagportal.hu\/index.php\/wp-json\/wp\/v2\/categories?post=99904"},{"taxonomy":"post_tag","embeddable":true,"href":"https:\/\/gazdasagportal.hu\/index.php\/wp-json\/wp\/v2\/tags?post=99904"}],"curies":[{"name":"wp","href":"https:\/\/api.w.org\/{rel}","templated":true}]}}