{"id":9981,"date":"2013-06-15T16:26:23","date_gmt":"2013-06-15T14:26:23","guid":{"rendered":"http:\/\/stockportal.hu\/?p=9981"},"modified":"2013-06-15T16:26:23","modified_gmt":"2013-06-15T14:26:23","slug":"fidesz-ot-eve-nem-volt-ilyen-keves-regisztralt-allaskereso","status":"publish","type":"post","link":"https:\/\/gazdasagportal.hu\/index.php\/fidesz-ot-eve-nem-volt-ilyen-keves-regisztralt-allaskereso\/","title":{"rendered":"Fidesz: \u00f6t \u00e9ve nem volt ilyen kev\u00e9s regisztr\u00e1lt \u00e1ll\u00e1skeres\u0151"},"content":{"rendered":"<p><strong>Magyarorsz\u00e1gon 36 h\u00f3napja folyamatosan n\u0151 a foglalkoztatottak sz\u00e1ma, a Nemzeti Foglalkoztat\u00e1si Szolg\u00e1lat adatai szerint pedig \u00f6t \u00e9ve nem volt ilyen kev\u00e9s regisztr\u00e1lt \u00e1ll\u00e1skeres\u0151, sz\u00e1muk egy \u00e9v alatt 20 ezerrel cs\u00f6kkent &#8211; jelentette ki szombati sajt\u00f3t\u00e1j\u00e9koztat\u00f3j\u00e1n a Fidesz sz\u00f3viv\u0151je Budapesten.<!--more--><\/strong><\/p>\n<p>Selmeczi Gabriella k\u00f6z\u00f6lte: a foglalkoztat\u00e1st \u00f6szt\u00f6nz\u0151 ad\u00f3politika \u00e9s a korm\u00e1nyzati programok nagyon j\u00f3l kieg\u00e9sz\u00edtik egym\u00e1st. Az \u00e9v els\u0151 n\u00e9gy h\u00f3napj\u00e1ban 58 ezerrel dolgoztak t\u00f6bben, mint egy \u00e9vvel kor\u00e1bban. M\u00e1jusban 515 ezer volt az \u00e1ll\u00e1skeres\u0151k sz\u00e1ma, \u00e9s minden korcsoportban, f\u00e9rfiakn\u00e1l, n\u0151kn\u00e9l egyar\u00e1nt n\u0151 a foglalkoztatotts\u00e1g. A foglalkoztat\u00e1st \u00f6szt\u00f6nz\u0151 ad\u00f3politika \u00e9s a korm\u00e1nyzati programok nagyon j\u00f3l kieg\u00e9sz\u00edtik egym\u00e1st \u2013 tette hozz\u00e1.<br \/>\nAz eur\u00f3z\u00f3na 17 orsz\u00e1ga tov\u00e1bbra is negat\u00edv p\u00e1ly\u00e1n van, \u00e9s az EU m\u00e1s tag\u00e1llamaiban is tov\u00e1bb cs\u00f6kken a foglalkoztatotts\u00e1g. K\u00fcl\u00f6n\u00f6sen aggaszt\u00f3 azon orsz\u00e1gok helyzete, amelyek hasonl\u00f3 p\u00e1ly\u00e1n ragadtak, mint Magyarorsz\u00e1g 2010 el\u0151tt. A baloldal korm\u00e1nyz\u00e1sa alatt megdupl\u00e1z\u00f3dott a munkan\u00e9lk\u00fclis\u00e9g Magyarorsz\u00e1gon &#8211; hangs\u00falyozta a sz\u00f3viv\u0151.<br \/>\nA p\u00e9nteken nyilv\u00e1noss\u00e1gra hozott, legfrissebb Eurostat-adatok szerint Magyarorsz\u00e1g foglalkoztat\u00e1sban is jobban teljes\u00edt, mint m\u00e1s eur\u00f3pai orsz\u00e1gok. Az orsz\u00e1g kil\u00e9pett a recesszi\u00f3b\u00f3l, az els\u0151 negyed\u00e9vben Magyarorsz\u00e1gon k\u00edv\u00fcl csak k\u00e9t uni\u00f3s orsz\u00e1g tudott gazdas\u00e1gi n\u00f6veked\u00e9st produk\u00e1lni &#8211; mondta Selmeczi Gabriella.<br \/>\nMint elmondta: G\u00f6r\u00f6g- \u00e9s Spanyolorsz\u00e1gban 27 sz\u00e1zal\u00e9kos, Portug\u00e1li\u00e1ban csaknem 18 sz\u00e1zal\u00e9kos a munkan\u00e9lk\u00fclis\u00e9g. &#8222;Magyarorsz\u00e1g m\u00e1r nem tartozik ebbe a k\u00f6rbe, ami\u00f3ta \u00faj vezet\u00e9se van orsz\u00e1gnak, egyre biztat\u00f3bbak az orsz\u00e1g gazdas\u00e1gi teljes\u00edtm\u00e9ny\u00e9nek adatai&#8221; &#8211; fejtegette.<br \/>\nHangs\u00falyozta: Magyarorsz\u00e1g p\u00e9nz\u00fcgyileg talpra \u00e1llt, \u00e9s m\u00e1r nem szorulunk m\u00e1sok seg\u00edts\u00e9g\u00e9re. Mint fogalmazott: a Gyurcs\u00e1ny-Bajnai korm\u00e1nyok alkalmatlans\u00e1g\u00e1nak \u00e1r\u00e1t kamatostul kellett visszafizetni az IMF-hitelek form\u00e1j\u00e1ban. Hozz\u00e1tette: stabil az orsz\u00e1g k\u00f6lts\u00e9gvet\u00e9se, ezt is kev\u00e9s eur\u00f3pai orsz\u00e1g mondhatja el mag\u00e1r\u00f3l. A Fidesz b\u00edzik abban, hogy j\u00fanius 21-\u00e9n az Eur\u00f3pai Uni\u00f3 kiengedi Magyarorsz\u00e1got a t\u00falzottdeficit-elj\u00e1r\u00e1sb\u00f3l.<br \/>\nA Fidesz sz\u00f3viv\u0151je reag\u00e1lt Bajnai Gordon p\u00e1rtalap\u00edt\u00e1si k\u00eds\u00e9rlet\u00e9re is. Mint elmondta: a baloldalon csak a n\u00e9vt\u00e1bl\u00e1kat cser\u00e9lik a p\u00e1rtok, de a politikusok ugyanazok maradtak. \u00c1ll\u00e1spontja szerint m\u00e1r a baloldali politikusok is csak sz\u00e1nalmasan nevetg\u00e9lnek Bajnai Gordonon. Mik\u00f6zben a baloldal egym\u00e1ssal k\u00fczd, nem foglalkoznak az orsz\u00e1g helyzet\u00e9vel &#8211; tette hozz\u00e1 Selmeczi Gabriella. (MTI)<\/p>\n","protected":false},"excerpt":{"rendered":"<p>Magyarorsz\u00e1gon 36 h\u00f3napja folyamatosan n\u0151 a foglalkoztatottak sz\u00e1ma, a Nemzeti Foglalkoztat\u00e1si Szolg\u00e1lat adatai szerint pedig \u00f6t \u00e9ve nem volt ilyen kev\u00e9s regisztr\u00e1lt \u00e1ll\u00e1skeres\u0151, sz\u00e1muk egy \u00e9v alatt 20 ezerrel cs\u00f6kkent &#8211; jelentette ki szombati sajt\u00f3t\u00e1j\u00e9koztat\u00f3j\u00e1n a Fidesz sz\u00f3viv\u0151je Budapesten.<\/p>\n","protected":false},"author":1,"featured_media":0,"comment_status":"open","ping_status":"closed","sticky":false,"template":"","format":"standard","meta":[],"categories":[18],"tags":[],"_links":{"self":[{"href":"https:\/\/gazdasagportal.hu\/index.php\/wp-json\/wp\/v2\/posts\/9981"}],"collection":[{"href":"https:\/\/gazdasagportal.hu\/index.php\/wp-json\/wp\/v2\/posts"}],"about":[{"href":"https:\/\/gazdasagportal.hu\/index.php\/wp-json\/wp\/v2\/types\/post"}],"author":[{"embeddable":true,"href":"https:\/\/gazdasagportal.hu\/index.php\/wp-json\/wp\/v2\/users\/1"}],"replies":[{"embeddable":true,"href":"https:\/\/gazdasagportal.hu\/index.php\/wp-json\/wp\/v2\/comments?post=9981"}],"version-history":[{"count":1,"href":"https:\/\/gazdasagportal.hu\/index.php\/wp-json\/wp\/v2\/posts\/9981\/revisions"}],"predecessor-version":[{"id":9982,"href":"https:\/\/gazdasagportal.hu\/index.php\/wp-json\/wp\/v2\/posts\/9981\/revisions\/9982"}],"wp:attachment":[{"href":"https:\/\/gazdasagportal.hu\/index.php\/wp-json\/wp\/v2\/media?parent=9981"}],"wp:term":[{"taxonomy":"category","embeddable":true,"href":"https:\/\/gazdasagportal.hu\/index.php\/wp-json\/wp\/v2\/categories?post=9981"},{"taxonomy":"post_tag","embeddable":true,"href":"https:\/\/gazdasagportal.hu\/index.php\/wp-json\/wp\/v2\/tags?post=9981"}],"curies":[{"name":"wp","href":"https:\/\/api.w.org\/{rel}","templated":true}]}}