{"id":9977,"date":"2013-06-15T14:12:45","date_gmt":"2013-06-15T12:12:45","guid":{"rendered":"http:\/\/stockportal.hu\/?p=9977"},"modified":"2013-06-15T14:12:51","modified_gmt":"2013-06-15T12:12:51","slug":"cseh-rendorsegi-akcio-a-pragai-lapok-szerint-egyszerre-komedia-es-tragedia-is-a-kormanyfo-kabinetfonokenek-esete","status":"publish","type":"post","link":"https:\/\/gazdasagportal.hu\/index.php\/cseh-rendorsegi-akcio-a-pragai-lapok-szerint-egyszerre-komedia-es-tragedia-is-a-kormanyfo-kabinetfonokenek-esete\/","title":{"rendered":"Cseh rend\u0151rs\u00e9gi akci\u00f3 &#8211; A pr\u00e1gai lapok szerint egyszerre kom\u00e9dia \u00e9s trag\u00e9dia is a korm\u00e1nyf\u0151 kabinetf\u0151n\u00f6k\u00e9nek esete"},"content":{"rendered":"<p><strong>Egyszerre kom\u00e9dia \u00e9s trag\u00e9dia is a minisztereln\u00f6k kabinetf\u0151n\u00f6k\u00e9nek esete &#8211; \u00e1ll\u00edtj\u00e1k egybehangz\u00f3an a szombati cseh orsz\u00e1gos napilapok. Az \u00fajs\u00e1gok szerint paradox dolog, hogy b\u00e1r az \u00fcgyben szerepl\u0151, sz\u00e1zmilli\u00f3s k\u00e9tes \u00fczletekben utaz\u00f3, vitatott v\u00e1llalkoz\u00f3k \u00e9s lobbist\u00e1k tov\u00e1bbra is szabadon vannak, addig a minisztereln\u00f6k k\u00f6rnyezet\u00e9ben lej\u00e1tsz\u00f3d\u00f3 &#8222;szirupos filmsorozat&#8221; szerepl\u0151i ellen m\u00e1r v\u00e1dat is emeltek.<!--more--><\/strong><\/p>\n<p>Jana Nagyov\u00e1nak, a minisztereln\u00f6k kabinetf\u0151n\u00f6k\u00e9nek esete a katonai h\u00edrszerz\u00e9ssel nevets\u00e9ges lenne, ha nem bizony\u00edtan\u00e1, hogy a magas posztokon l\u00e9v\u0151 szem\u00e9lyek s\u00falyosan hib\u00e1ztak &#8211; v\u00e9lekedik a konzervat\u00edv Lidov\u00e9 Noviny.<br \/>\n&#8222;A rend\u0151rs\u00e9g azt \u00e1ll\u00edtja: Nagyov\u00e1 a katonai h\u00edrszerz\u00e9ssel az\u00e9rt figyeltette Necas feles\u00e9g\u00e9t, hogy meggyors\u00edtsa v\u00e1l\u00e1sukat. Necas v\u00e9dekez\u00e9se nem hivat\u00e1sos politikusra, hanem egy szerencs\u00e9tlen szerelmes emberre vall&#8221; &#8211; \u00edrja a lap. Hozz\u00e1teszi: az \u00fcgy azonban nagyon komoly, hiszen Nagyov\u00e1nak l\u00e1that\u00f3an fej\u00e9be sz\u00e1llt a hatalom, s \u00fagy b\u00e1nt az \u00e1llami katonai h\u00edrszerz\u00e9ssel, mint mag\u00e1ndetekt\u00edvekkel.<br \/>\n&#8222;A t\u00f6rt\u00e9net teljes eg\u00e9sz\u00e9ben megfelel egy mexik\u00f3i szirupos sorozat param\u00e9tereinek&#8221; &#8211; olvashat\u00f3 a Mlad\u00e1 Fronta Dnes c\u00edm\u0171 liber\u00e1lis lap komment\u00e1rj\u00e1ban. Mint \u00edrja: elfogadhatatlan, hogy a korm\u00e1ny kabinetf\u0151n\u00f6k\u00e9nek k\u00e9r\u00e9s\u00e9re b\u00e1rkit is megfigyeljenek. &#8222;Az pedig hogyan lehets\u00e9ges, hogy a t\u00e1bornokok nem utas\u00edtott\u00e1k el azonnal a k\u00e9r\u00e9s\u00e9t?&#8221; &#8211; teszi fel a k\u00e9rd\u00e9st az \u00fajs\u00e1g.<br \/>\nA botr\u00e1ny m\u00e1sik k\u00f6zponti t\u00e9m\u00e1j\u00e1t &#8211; a Polg\u00e1ri Demokratikus P\u00e1rt (ODS) h\u00e1rom volt k\u00e9pvisel\u0151je tavaly \u0151sszel j\u00f3l fizet\u0151 \u00e1ll\u00e1st kapott az\u00e9rt, hogy politikai engedm\u00e9nyeket tettek a korm\u00e1nynak &#8211; a cseh sajt\u00f3 szerint nagyon neh\u00e9z b\u0171ncselekm\u00e9nyk\u00e9nt \u00e9rtelmezni. Ezek a politikai \u00fczletek ugyanis \u00e9vek \u00f3ta r\u00e9szei a cseh politikai val\u00f3s\u00e1gnak. A lapok eml\u00e9keztetnek: a m\u00faltban sz\u00e1mos olyan politikus jutott kedvez\u0151 lehet\u0151s\u00e9ghez, aki valamilyen m\u00f3don seg\u00edtett a korm\u00e1nynak vagy p\u00e1rtj\u00e1nak. &#8222;Az eddigi gyakorlat ezeken a kompenz\u00e1ci\u00f3kon alapult&#8221; &#8211; \u00edrja a Lidov\u00e9 Noviny.<br \/>\n&#8222;Ha elfogadn\u00e1nk, hogy korrupci\u00f3nak min\u0151s\u00edthet\u0151 az, ha valaki bizonyos szolg\u00e1latok\u00e9rt bizonyos posztot kap, akkor az bizonyos \u00e9rtelemben az ezer \u00e9ve l\u00e9tez\u0151 politikai gyakorlat v\u00e9g\u00e9t jelenten\u00e9&#8221; &#8211; mutat r\u00e1 a Mlad\u00e1 Fronta Dnes.<br \/>\nEgy\u00e9rtelm\u0171en m\u00e1sk\u00e9nt kellene \u00e9rt\u00e9kelni azt a helyzetet, ha b\u00e1rki is konkr\u00e9t p\u00e9nz\u00f6sszeget kapna szolg\u00e1latai ellent\u00e9telez\u00e9sek\u00e9nt, az m\u00e1r b\u0171ncselekm\u00e9ny lenne &#8211; v\u00e9lik egybehangz\u00f3an a pr\u00e1gai napilapok. (MTI)<\/p>\n","protected":false},"excerpt":{"rendered":"<p>Egyszerre kom\u00e9dia \u00e9s trag\u00e9dia is a minisztereln\u00f6k kabinetf\u0151n\u00f6k\u00e9nek esete &#8211; \u00e1ll\u00edtj\u00e1k egybehangz\u00f3an a szombati cseh orsz\u00e1gos napilapok. Az \u00fajs\u00e1gok szerint paradox dolog, hogy b\u00e1r az \u00fcgyben szerepl\u0151, sz\u00e1zmilli\u00f3s k\u00e9tes \u00fczletekben utaz\u00f3, vitatott v\u00e1llalkoz\u00f3k \u00e9s lobbist\u00e1k tov\u00e1bbra is szabadon vannak, addig a minisztereln\u00f6k k\u00f6rnyezet\u00e9ben lej\u00e1tsz\u00f3d\u00f3 &#8222;szirupos filmsorozat&#8221; szerepl\u0151i ellen m\u00e1r v\u00e1dat is emeltek.<\/p>\n","protected":false},"author":1,"featured_media":0,"comment_status":"open","ping_status":"closed","sticky":false,"template":"","format":"standard","meta":[],"categories":[12],"tags":[],"_links":{"self":[{"href":"https:\/\/gazdasagportal.hu\/index.php\/wp-json\/wp\/v2\/posts\/9977"}],"collection":[{"href":"https:\/\/gazdasagportal.hu\/index.php\/wp-json\/wp\/v2\/posts"}],"about":[{"href":"https:\/\/gazdasagportal.hu\/index.php\/wp-json\/wp\/v2\/types\/post"}],"author":[{"embeddable":true,"href":"https:\/\/gazdasagportal.hu\/index.php\/wp-json\/wp\/v2\/users\/1"}],"replies":[{"embeddable":true,"href":"https:\/\/gazdasagportal.hu\/index.php\/wp-json\/wp\/v2\/comments?post=9977"}],"version-history":[{"count":3,"href":"https:\/\/gazdasagportal.hu\/index.php\/wp-json\/wp\/v2\/posts\/9977\/revisions"}],"predecessor-version":[{"id":9980,"href":"https:\/\/gazdasagportal.hu\/index.php\/wp-json\/wp\/v2\/posts\/9977\/revisions\/9980"}],"wp:attachment":[{"href":"https:\/\/gazdasagportal.hu\/index.php\/wp-json\/wp\/v2\/media?parent=9977"}],"wp:term":[{"taxonomy":"category","embeddable":true,"href":"https:\/\/gazdasagportal.hu\/index.php\/wp-json\/wp\/v2\/categories?post=9977"},{"taxonomy":"post_tag","embeddable":true,"href":"https:\/\/gazdasagportal.hu\/index.php\/wp-json\/wp\/v2\/tags?post=9977"}],"curies":[{"name":"wp","href":"https:\/\/api.w.org\/{rel}","templated":true}]}}