{"id":99714,"date":"2017-11-08T11:51:35","date_gmt":"2017-11-08T10:51:35","guid":{"rendered":"http:\/\/gazdasagportal.hu\/?p=99714"},"modified":"2017-11-08T11:51:35","modified_gmt":"2017-11-08T10:51:35","slug":"eszak-koreai-valsag-szakerto-a-trump-latogatas-hozadeka-a-del-koreai-fegyvervasarlas","status":"publish","type":"post","link":"https:\/\/gazdasagportal.hu\/index.php\/eszak-koreai-valsag-szakerto-a-trump-latogatas-hozadeka-a-del-koreai-fegyvervasarlas\/","title":{"rendered":"\u00c9szak-koreai v\u00e1ls\u00e1g &#8211; Szak\u00e9rt\u0151: a Trump-l\u00e1togat\u00e1s hozad\u00e9ka a d\u00e9l-koreai fegyverv\u00e1s\u00e1rl\u00e1s"},"content":{"rendered":"<p><strong>Donald Trump amerikai eln\u00f6k sz\u00f6uli l\u00e1togat\u00e1s\u00e1nak egyetlen k\u00e9zzelfoghat\u00f3 eredm\u00e9nye, hogy D\u00e9l-Korea kifejezte sz\u00e1nd\u00e9k\u00e1t \u00fajabb amerikai fegyverek v\u00e1s\u00e1rl\u00e1s\u00e1ra &#8211; mondta az E\u00f6tv\u00f6s Lor\u00e1nd Tudom\u00e1nyegyetem Koreai Tansz\u00e9k\u00e9nek vezet\u0151je az M1 aktu\u00e1lis csatorna szerdai m\u0171sor\u00e1ban.<\/strong><!--more--><\/p>\n<div class=\"ads-in-post1\"><div id=\"gazdasagportal.hu_fullbanner_wideboard\"><\/div>\r\n<\/div>\n<p>    Csoma M\u00f3zes \u00fagy v\u00e9lekedett: egy\u00e9b eredm\u00e9nye az\u00e9rt nem lett a tal\u00e1lkoz\u00f3nak, mert az Egyes\u00fclt \u00c1llamok &#8211; a klasszikus hidegh\u00e1bor\u00fas rendszernek megfelel\u0151en &#8211; folyamatosan az amerikai-d\u00e9l-koreai-jap\u00e1n egy\u00fcttm\u0171k\u00f6d\u00e9st szorgalmazza. D\u00e9l-Korea viszont t\u00f6rt\u00e9nelmi okokb\u00f3l szkeptikus Jap\u00e1nnal szemben, vagyis egyens\u00falyoz a saj\u00e1t c\u00e9lkit\u0171z\u00e9sei, a &#8222;meglehet\u0151sen kisz\u00e1m\u00edthatatlan amerikai eln\u00f6k&#8221; \u00e9s az \u00e9szak-koreai fenyeget\u00e9s k\u00f6z\u00f6tt.<br \/>\n<div class=\"ads-in-post2\"><script async src=\"https:\/\/pagead2.googlesyndication.com\/pagead\/js\/adsbygoogle.js\"><\/script>\r\n<ins class=\"adsbygoogle\"\r\n     style=\"display:block\"\r\n     data-ad-format=\"fluid\"\r\n     data-ad-layout-key=\"-6t+ed+2i-1n-4w\"\r\n     data-ad-client=\"ca-pub-1959107119989764\"\r\n     data-ad-slot=\"4008251320\"><\/ins>\r\n<script>\r\n     (adsbygoogle = window.adsbygoogle || []).push({});\r\n<\/script><\/div>\n    A szak\u00e9rt\u0151 arr\u00f3l is sz\u00f3lt, hogy az Egyes\u00fclt \u00c1llamok f\u0151 c\u00e9lkit\u0171z\u00e9se a koreai f\u00e9lsziget atomfegyver-mentes\u00edt\u00e9se, az \u00e9szak-koreai rezsim viszont pontosan tudja, hogy csak addig t\u00e9nyez\u0151, am\u00edg ezeket az eszk\u00f6z\u00f6ket birtokolja.<br \/>\n    Az esetleges amerikai-\u00e9szak-koreai t\u00e1rgyal\u00e1sok hozad\u00e9ka csak az lehet, hogy \u00c9szak-Korea felhagy a rak\u00e9tak\u00eds\u00e9rletekkel \u00e9s a k\u00eds\u00e9rleti atomrobbant\u00e1sokkal, D\u00e9l-Korea \u00e9s az Egyes\u00fclt \u00c1llamok pedig a rendszeres hadgyakorlatokkal &#8211; mondta Csoma M\u00f3zes.(MTI)<\/p>\n","protected":false},"excerpt":{"rendered":"<p>Donald Trump amerikai eln\u00f6k sz\u00f6uli l\u00e1togat\u00e1s\u00e1nak egyetlen k\u00e9zzelfoghat\u00f3 eredm\u00e9nye, hogy D\u00e9l-Korea kifejezte sz\u00e1nd\u00e9k\u00e1t \u00fajabb amerikai fegyverek v\u00e1s\u00e1rl\u00e1s\u00e1ra &#8211; mondta az E\u00f6tv\u00f6s Lor\u00e1nd Tudom\u00e1nyegyetem Koreai Tansz\u00e9k\u00e9nek vezet\u0151je az M1 aktu\u00e1lis csatorna szerdai m\u0171sor\u00e1ban.<\/p>\n","protected":false},"author":1,"featured_media":0,"comment_status":"closed","ping_status":"open","sticky":false,"template":"","format":"standard","meta":[],"categories":[13,16],"tags":[],"_links":{"self":[{"href":"https:\/\/gazdasagportal.hu\/index.php\/wp-json\/wp\/v2\/posts\/99714"}],"collection":[{"href":"https:\/\/gazdasagportal.hu\/index.php\/wp-json\/wp\/v2\/posts"}],"about":[{"href":"https:\/\/gazdasagportal.hu\/index.php\/wp-json\/wp\/v2\/types\/post"}],"author":[{"embeddable":true,"href":"https:\/\/gazdasagportal.hu\/index.php\/wp-json\/wp\/v2\/users\/1"}],"replies":[{"embeddable":true,"href":"https:\/\/gazdasagportal.hu\/index.php\/wp-json\/wp\/v2\/comments?post=99714"}],"version-history":[{"count":1,"href":"https:\/\/gazdasagportal.hu\/index.php\/wp-json\/wp\/v2\/posts\/99714\/revisions"}],"predecessor-version":[{"id":99715,"href":"https:\/\/gazdasagportal.hu\/index.php\/wp-json\/wp\/v2\/posts\/99714\/revisions\/99715"}],"wp:attachment":[{"href":"https:\/\/gazdasagportal.hu\/index.php\/wp-json\/wp\/v2\/media?parent=99714"}],"wp:term":[{"taxonomy":"category","embeddable":true,"href":"https:\/\/gazdasagportal.hu\/index.php\/wp-json\/wp\/v2\/categories?post=99714"},{"taxonomy":"post_tag","embeddable":true,"href":"https:\/\/gazdasagportal.hu\/index.php\/wp-json\/wp\/v2\/tags?post=99714"}],"curies":[{"name":"wp","href":"https:\/\/api.w.org\/{rel}","templated":true}]}}