{"id":99712,"date":"2017-11-08T11:17:52","date_gmt":"2017-11-08T10:17:52","guid":{"rendered":"http:\/\/gazdasagportal.hu\/?p=99712"},"modified":"2017-11-08T11:17:52","modified_gmt":"2017-11-08T10:17:52","slug":"katalan-valsag-tiltakozok-akcioi-benitjak-a-forgalmat-katalonia-szerte","status":"publish","type":"post","link":"https:\/\/gazdasagportal.hu\/index.php\/katalan-valsag-tiltakozok-akcioi-benitjak-a-forgalmat-katalonia-szerte\/","title":{"rendered":"Katal\u00e1n v\u00e1ls\u00e1g &#8211; Tiltakoz\u00f3k akci\u00f3i b\u00e9n\u00edtj\u00e1k a forgalmat Katal\u00f3nia-szerte"},"content":{"rendered":"<p><strong>Utcai tiltakoz\u00f3k akci\u00f3i b\u00e9n\u00edtj\u00e1k a forgalmat Katal\u00f3nia-szerte, ahol emiatt szerd\u00e1n kora reggel \u00f3ta t\u00f6bb k\u00f6z\u00faton is t\u00f6bb kilom\u00e9teres torl\u00f3d\u00e1s alakult ki.<\/strong><!--more--><\/p>\n<div class=\"ads-in-post1\"><div id=\"gazdasagportal.hu_fullbanner_wideboard\"><\/div>\r\n<\/div>\n    &#8222;Szabads\u00e1got a politikai foglyoknak!&#8221;, &#8222;Megv\u00e9dj\u00fck a k\u00f6zt\u00e1rsas\u00e1got!&#8221; &#8211; egyebek mellett ezekkel a transzparensekkel vonultak fel t\u00fcntet\u0151k, akik le is z\u00e1rtak k\u00f6zutakat a forgalom el\u0151l, nagy felh\u00e1borod\u00e1st okozva az aut\u00f3sok k\u00f6z\u00f6tt.<br \/>\n    Hasonl\u00f3an reag\u00e1ltak azok a vas\u00fati utasok is, akiknek vonata kimaradt vagy k\u00e9sett, mert a t\u00fcntet\u0151k a s\u00ednekre vonultak, akad\u00e1lyozva ezzel a vas\u00fati forgalmat.<br \/>\n<div class=\"ads-in-post2\"><script async src=\"https:\/\/pagead2.googlesyndication.com\/pagead\/js\/adsbygoogle.js\"><\/script>\r\n<ins class=\"adsbygoogle\"\r\n     style=\"display:block\"\r\n     data-ad-format=\"fluid\"\r\n     data-ad-layout-key=\"-6t+ed+2i-1n-4w\"\r\n     data-ad-client=\"ca-pub-1959107119989764\"\r\n     data-ad-slot=\"4008251320\"><\/ins>\r\n<script>\r\n     (adsbygoogle = window.adsbygoogle || []).push({});\r\n<\/script><\/div>\n    A tiltakoz\u00f3 akci\u00f3k el\u0151zm\u00e9nye, hogy az Intersindical-CSC nev\u0171 szakszervezet sztr\u00e1jkot hirdetett erre a napra, amelyet t\u00f6bb m\u00e1s, hasonl\u00f3an kisebb \u00e9rdekk\u00e9pviselet is t\u00e1mogat, de nem csatlakoztak hozz\u00e1 a munkav\u00e1llal\u00f3k nagy t\u00f6bbs\u00e9g\u00e9t t\u00f6m\u00f6r\u00edt\u0151 szakszervezetek, a Munk\u00e1sbizotts\u00e1gok (CCOO) \u00e9s a Spanyol Munk\u00e1sok \u00c1ltal\u00e1nos Sz\u00f6vets\u00e9ge (UGT).<br \/>\n    A hat\u00f3s\u00e1gok szerint a megmozdul\u00e1sok t\u00f6bb mint 60 k\u00f6z\u00faton okoznak fennakad\u00e1sokat, a katal\u00e1n rend\u0151rs\u00e9g ez\u00e9rt elkezdte az \u00fatlez\u00e1r\u00e1sok felsz\u00e1mol\u00e1s\u00e1t, el\u0151zetesen Twitter-\u00fczenetben is k\u00e9rte a t\u00fcntet\u0151k egy\u00fcttm\u0171k\u00f6d\u00e9s\u00e9t, hogy megnyithass\u00e1k a forgalmat.(MTI)<\/p>\n","protected":false},"excerpt":{"rendered":"<p>Utcai tiltakoz\u00f3k akci\u00f3i b\u00e9n\u00edtj\u00e1k a forgalmat Katal\u00f3nia-szerte, ahol emiatt szerd\u00e1n kora reggel \u00f3ta t\u00f6bb k\u00f6z\u00faton is t\u00f6bb kilom\u00e9teres torl\u00f3d\u00e1s alakult ki.<\/p>\n","protected":false},"author":1,"featured_media":0,"comment_status":"closed","ping_status":"open","sticky":false,"template":"","format":"standard","meta":[],"categories":[12],"tags":[],"_links":{"self":[{"href":"https:\/\/gazdasagportal.hu\/index.php\/wp-json\/wp\/v2\/posts\/99712"}],"collection":[{"href":"https:\/\/gazdasagportal.hu\/index.php\/wp-json\/wp\/v2\/posts"}],"about":[{"href":"https:\/\/gazdasagportal.hu\/index.php\/wp-json\/wp\/v2\/types\/post"}],"author":[{"embeddable":true,"href":"https:\/\/gazdasagportal.hu\/index.php\/wp-json\/wp\/v2\/users\/1"}],"replies":[{"embeddable":true,"href":"https:\/\/gazdasagportal.hu\/index.php\/wp-json\/wp\/v2\/comments?post=99712"}],"version-history":[{"count":1,"href":"https:\/\/gazdasagportal.hu\/index.php\/wp-json\/wp\/v2\/posts\/99712\/revisions"}],"predecessor-version":[{"id":99713,"href":"https:\/\/gazdasagportal.hu\/index.php\/wp-json\/wp\/v2\/posts\/99712\/revisions\/99713"}],"wp:attachment":[{"href":"https:\/\/gazdasagportal.hu\/index.php\/wp-json\/wp\/v2\/media?parent=99712"}],"wp:term":[{"taxonomy":"category","embeddable":true,"href":"https:\/\/gazdasagportal.hu\/index.php\/wp-json\/wp\/v2\/categories?post=99712"},{"taxonomy":"post_tag","embeddable":true,"href":"https:\/\/gazdasagportal.hu\/index.php\/wp-json\/wp\/v2\/tags?post=99712"}],"curies":[{"name":"wp","href":"https:\/\/api.w.org\/{rel}","templated":true}]}}