{"id":9970,"date":"2013-06-15T10:00:43","date_gmt":"2013-06-15T08:00:43","guid":{"rendered":"http:\/\/stockportal.hu\/?p=9970"},"modified":"2013-06-15T10:00:47","modified_gmt":"2013-06-15T08:00:47","slug":"unios-fejlesztesek-nyilt-napja-szombaton-orszagszerte","status":"publish","type":"post","link":"https:\/\/gazdasagportal.hu\/index.php\/unios-fejlesztesek-nyilt-napja-szombaton-orszagszerte\/","title":{"rendered":"Uni\u00f3s fejleszt\u00e9sek ny\u00edlt napja szombaton orsz\u00e1gszerte"},"content":{"rendered":"<p><strong>Szombaton imm\u00e1r m\u00e1sodik alkalommal rendez ny\u00edlt napot eur\u00f3pai uni\u00f3s fejleszt\u00e9sek megtekint\u00e9s\u00e9re a Nemzeti Fejleszt\u00e9si \u00dcgyn\u00f6ks\u00e9g (NF\u00dc): orsz\u00e1gszerte t\u00f6bb mint 60, az \u00daj Sz\u00e9chenyi Terv keret\u00e9ben megval\u00f3sult fejleszt\u00e9st n\u00e9zhetnek meg az \u00e9rdekl\u0151d\u0151k.<!--more--><\/strong><\/p>\n<p>A Uni\u00f3s fejleszt\u00e9sek ny\u00edlt napja &#8211; s\u00e9ta a kulissz\u00e1k m\u00f6g\u00f6tt c\u00edm\u0171 rendezv\u00e9ny programjai ingyenesen vagy kedvezm\u00e9nyes bel\u00e9p\u0151jeggyel l\u00e1togathat\u00f3k, \u00e9s p\u00e9ld\u00e1ul olyan botanikus kerteket, \u00e9lm\u00e9ny- \u00e9s term\u00e1lf\u00fcrd\u0151ket, erdei szabadid\u0151- \u00e9s kalandparkokat, kast\u00e9lyokat, k\u00f6nyvt\u00e1rakat, m\u00fazeumokat \u00e9s \u00fczemeket n\u00e9zhetnek meg az \u00e9rdekl\u0151d\u0151k, amelyek t\u00f6bbs\u00e9ge egy\u00e9bk\u00e9nt nem l\u00e1togathat\u00f3.<br \/>\nAz NF\u00dc MTI-hez eljuttatott k\u00f6zlem\u00e9ny\u00e9b\u0151l kider\u00fcl, hogy a helysz\u00ednek korl\u00e1tozott befogad\u00f3k\u00e9pess\u00e9ge miatt bizonyos programokra a bel\u00e9p\u00e9s regisztr\u00e1ci\u00f3hoz k\u00f6t\u00f6tt, amelyet a\u00a0<a title=\"Hely megnyit\u00e1sa\" href=\"http:\/\/nyiltnap.uszt.gov.hu\/\" target=\"_blank\" rel=\"noopener\">http:\/\/nyiltnap.uszt.gov.hu<\/a>\u00a0c\u00edmen lehet megtenni.<br \/>\nA programok \u00e1ltal\u00e1ban 10 \u00e9s 16 \u00f3ra k\u00f6z\u00f6tt l\u00e1togathat\u00f3k, az ett\u0151l elt\u00e9r\u0151 id\u0151pontokat a programok oldalain jelzik.<br \/>\nBudapesten meg lehet n\u00e9zni t\u00f6bbek k\u00f6z\u00f6tt a 4-es metr\u00f3 K\u00e1lvin t\u00e9ri \u00e1llom\u00e1s\u00e1t, az Orsz\u00e1gos Ment\u0151szolg\u00e1lat k\u00f6zpontj\u00e1t, az ELTE F\u00fcv\u00e9szkertj\u00e9t \u00e9s a Budai V\u00e1r alatti labirintust is.<br \/>\n\u00c9szak-Magyarorsz\u00e1gon t\u00f6bbek k\u00f6z\u00f6tt a Lillaf\u00fcredi \u00d6koturisztikai K\u00f6zpontba, az egri t\u0171zolt\u00f3 m\u00fazeumba, vagy a salg\u00f3tarj\u00e1ni Ponyi puszt\u00e1ra lehet ell\u00e1togatni, a D\u00e9l-Alf\u00f6ld\u00f6n pedig a mak\u00f3i, Makovecz Imre tervei alapj\u00e1n \u00e9p\u00fclt f\u00fcrd\u0151be, illetve a gyulai Erkel Eml\u00e9kh\u00e1zba, \u00e9s a r\u00e9gi\u00f3ban t\u00f6bb hotel is megnyitja kapuit az \u00e9rdekl\u0151d\u0151k el\u0151tt.<br \/>\nA nyugat-dun\u00e1nt\u00fali t\u00e9rs\u00e9gben p\u00e9ld\u00e1ul a b\u00fcki \u00e9s a zalakarosi f\u00fcrd\u0151k v\u00e1rj\u00e1k a l\u00e1togat\u00f3kat, illetve a Kemenes Vulk\u00e1npark, m\u00edg a D\u00e9l-Dun\u00e1nt\u00falon a p\u00e9csi Region\u00e1lis K\u00f6nyvt\u00e1r \u00e9s Tud\u00e1sk\u00f6zpont nyitja meg kapuit, de a p\u00e9csi keszty\u0171 gy\u00e1rt\u00e1si technol\u00f3gi\u00e1j\u00e1val is megismerkedhetnek a l\u00e1togat\u00f3k.<br \/>\nAz NF\u00dc 2013 m\u00e1rcius\u00e1ban rendezte els\u0151 uni\u00f3s fejleszt\u00e9si ny\u00edlt napj\u00e1t, amely 10 000 embert vonzott; akkor k\u00f6zel 30 projekt csatlakozott\u00a0\u00a0a kezdem\u00e9nyez\u00e9shez. (MTI)<\/p>\n","protected":false},"excerpt":{"rendered":"<p>Szombaton imm\u00e1r m\u00e1sodik alkalommal rendez ny\u00edlt napot eur\u00f3pai uni\u00f3s fejleszt\u00e9sek megtekint\u00e9s\u00e9re a Nemzeti Fejleszt\u00e9si \u00dcgyn\u00f6ks\u00e9g (NF\u00dc): orsz\u00e1gszerte t\u00f6bb mint 60, az \u00daj Sz\u00e9chenyi Terv keret\u00e9ben megval\u00f3sult fejleszt\u00e9st n\u00e9zhetnek meg az \u00e9rdekl\u0151d\u0151k.<\/p>\n","protected":false},"author":1,"featured_media":0,"comment_status":"open","ping_status":"closed","sticky":false,"template":"","format":"standard","meta":[],"categories":[19],"tags":[],"_links":{"self":[{"href":"https:\/\/gazdasagportal.hu\/index.php\/wp-json\/wp\/v2\/posts\/9970"}],"collection":[{"href":"https:\/\/gazdasagportal.hu\/index.php\/wp-json\/wp\/v2\/posts"}],"about":[{"href":"https:\/\/gazdasagportal.hu\/index.php\/wp-json\/wp\/v2\/types\/post"}],"author":[{"embeddable":true,"href":"https:\/\/gazdasagportal.hu\/index.php\/wp-json\/wp\/v2\/users\/1"}],"replies":[{"embeddable":true,"href":"https:\/\/gazdasagportal.hu\/index.php\/wp-json\/wp\/v2\/comments?post=9970"}],"version-history":[{"count":2,"href":"https:\/\/gazdasagportal.hu\/index.php\/wp-json\/wp\/v2\/posts\/9970\/revisions"}],"predecessor-version":[{"id":9973,"href":"https:\/\/gazdasagportal.hu\/index.php\/wp-json\/wp\/v2\/posts\/9970\/revisions\/9973"}],"wp:attachment":[{"href":"https:\/\/gazdasagportal.hu\/index.php\/wp-json\/wp\/v2\/media?parent=9970"}],"wp:term":[{"taxonomy":"category","embeddable":true,"href":"https:\/\/gazdasagportal.hu\/index.php\/wp-json\/wp\/v2\/categories?post=9970"},{"taxonomy":"post_tag","embeddable":true,"href":"https:\/\/gazdasagportal.hu\/index.php\/wp-json\/wp\/v2\/tags?post=9970"}],"curies":[{"name":"wp","href":"https:\/\/api.w.org\/{rel}","templated":true}]}}