{"id":9968,"date":"2013-06-15T11:10:51","date_gmt":"2013-06-15T09:10:51","guid":{"rendered":"http:\/\/stockportal.hu\/?p=9968"},"modified":"2013-06-15T11:11:12","modified_gmt":"2013-06-15T09:11:12","slug":"amerikai-europai-szabadkereskedelmi-egyezmeny-az-eu-s-miniszterek-megallapodtak","status":"publish","type":"post","link":"https:\/\/gazdasagportal.hu\/index.php\/amerikai-europai-szabadkereskedelmi-egyezmeny-az-eu-s-miniszterek-megallapodtak\/","title":{"rendered":"Amerikai-eur\u00f3pai szabadkereskedelmi egyezm\u00e9ny &#8211; Az EU-s miniszterek meg\u00e1llapodtak"},"content":{"rendered":"<p><strong>Az Eur\u00f3pai Uni\u00f3 kereskedelmi miniszterei meg\u00e1llapodtak p\u00e9nteki luxembourgi tan\u00e1cskoz\u00e1sukon az amerikai-eur\u00f3pai szabadkereskedelmi egyezm\u00e9nyr\u0151l ind\u00edtand\u00f3 t\u00e1rgyal\u00e1sokon \u00e9rv\u00e9nyes mand\u00e1tumr\u00f3l. Ebben a t\u00e1rgyal\u00e1sok kezdeti szakasz\u00e1ban nem lesz benne az audiovizu\u00e1lis szektor Franciaorsz\u00e1g k\u00f6vetel\u00e9s\u00e9nek megfelel\u0151en &#8211; k\u00f6z\u00f6lt\u00e9k tiszts\u00e9gvisel\u0151k.<!--more--><\/strong><\/p>\n<p>Az Eur\u00f3pai Bizotts\u00e1gnak azonban joga lesz sz\u00f3ba hozni b\u00e1rmilyen \u00fcgyet, ha azt j\u00f3nak l\u00e1tja a t\u00e1rgyal\u00e1sok k\u00f6zben &#8211; tett\u00e9k hozz\u00e1.<br \/>\nAmint egy EU-forr\u00e1s fogalmazott, &#8222;ezzel a kecske is j\u00f3llakott, \u00e9s a k\u00e1poszta is megmaradt&#8221;.<br \/>\nA meg\u00e1llapod\u00e1ssal Nicole Bricq francia kereskedelmi miniszter is el\u00e9gedetett volt. Elmondta, ha a bizotts\u00e1g m\u00e9gis bele akarn\u00e1 venni a mand\u00e1tumba a kult\u00fara ter\u00fclet\u00e9t, akkor arr\u00f3l a tag\u00e1llamoknak egyhang\u00falag szavazniuk kell majd, \u00e9s Franciaorsz\u00e1g ism\u00e9t nemmel fog szavazni.<br \/>\nA t\u00e1rgyal\u00e1sokat majdan vezet\u0151 Karel De Gucht belga EU-biztos \u00fagy nyilatkozott, hogy a most megsz\u00fcletett meg\u00e1llapod\u00e1s nincs k\u0151be v\u00e9sve. &#8222;Meghallgatom, hogy mit mondanak majd err\u0151l amerikai bar\u00e1taink, \u00e9s ha kell, ut\u00e1na is k\u00e9rhet\u00fcnk \u00fajabb mand\u00e1tumokat.&#8221; \u0150 kiegyezne a most kialak\u00edtott mand\u00e1tummal, mert \u00e9rthet\u0151nek tartja a francia \u00e1ll\u00e1spontot, tekintve, hogy ebben a szektorban nagyon gyors a technol\u00f3giai fejl\u0151d\u00e9s. Jobb \u00edgy, hogy lesz mozg\u00e1ster\u00fck \u00e9s visszat\u00e9rhetnek a kult\u00fara k\u00e9rd\u00e9s\u00e9re, ha v\u00e1ltozik a helyzet &#8211; tette hozz\u00e1.<br \/>\nA luxembourgi tan\u00e1cskoz\u00e1son Magyarorsz\u00e1got Tak\u00e1cs Szabolcs, a K\u00fcl\u00fcgyminiszt\u00e9rium helyettes \u00e1llamtitk\u00e1ra k\u00e9pviselte. Az \u00fcl\u00e9s ut\u00e1n adott nyilatkozat\u00e1ban meg\u00e1llap\u00edtotta: az Eur\u00f3pai Bizotts\u00e1gnak adott t\u00e1rgyal\u00e1si ir\u00e1nymutat\u00e1s &#8222;megfelel\u0151en t\u00fckr\u00f6zi a magyar piacra jut\u00e1si \u00e9rdekeket \u00e9s gazdas\u00e1gi \u00e9rz\u00e9kenys\u00e9geket&#8221;.<br \/>\n&#8222;Magyar r\u00e9szr\u0151l rem\u00e9lj\u00fck, hogy a t\u00e1rgyal\u00e1sok Obama eln\u00f6k hivatali ideje alatt sikerrel befejezhet\u0151k lesznek, \u00e9s kereskedelmi, valamint beruh\u00e1z\u00e1si kapcsolataink komoly b\u0151v\u00fcl\u00e9s\u00e9t eredm\u00e9nyezik. Elv\u00e1r\u00e1sunk, hogy az egyezm\u00e9ny el\u0151nyeib\u0151l \u00e9s pozit\u00edv hat\u00e1saib\u00f3l Magyarorsz\u00e1g \u00e9s a t\u00f6bbi k\u00f6z\u00e9p-eur\u00f3pai tag\u00e1llam a t\u00f6bbi tagorsz\u00e1ggal egyenl\u0151 m\u00e9rt\u00e9kben r\u00e9szes\u00fclj\u00f6n&#8221; &#8211; hangs\u00falyozta a helyettes \u00e1llamtitk\u00e1r. (MTI)<\/p>\n","protected":false},"excerpt":{"rendered":"<p>Az Eur\u00f3pai Uni\u00f3 kereskedelmi miniszterei meg\u00e1llapodtak p\u00e9nteki luxembourgi tan\u00e1cskoz\u00e1sukon az amerikai-eur\u00f3pai szabadkereskedelmi egyezm\u00e9nyr\u0151l ind\u00edtand\u00f3 t\u00e1rgyal\u00e1sokon \u00e9rv\u00e9nyes mand\u00e1tumr\u00f3l. Ebben a t\u00e1rgyal\u00e1sok kezdeti szakasz\u00e1ban nem lesz benne az audiovizu\u00e1lis szektor Franciaorsz\u00e1g k\u00f6vetel\u00e9s\u00e9nek megfelel\u0151en &#8211; k\u00f6z\u00f6lt\u00e9k tiszts\u00e9gvisel\u0151k.<\/p>\n","protected":false},"author":1,"featured_media":0,"comment_status":"open","ping_status":"closed","sticky":false,"template":"","format":"standard","meta":[],"categories":[13,12],"tags":[],"_links":{"self":[{"href":"https:\/\/gazdasagportal.hu\/index.php\/wp-json\/wp\/v2\/posts\/9968"}],"collection":[{"href":"https:\/\/gazdasagportal.hu\/index.php\/wp-json\/wp\/v2\/posts"}],"about":[{"href":"https:\/\/gazdasagportal.hu\/index.php\/wp-json\/wp\/v2\/types\/post"}],"author":[{"embeddable":true,"href":"https:\/\/gazdasagportal.hu\/index.php\/wp-json\/wp\/v2\/users\/1"}],"replies":[{"embeddable":true,"href":"https:\/\/gazdasagportal.hu\/index.php\/wp-json\/wp\/v2\/comments?post=9968"}],"version-history":[{"count":3,"href":"https:\/\/gazdasagportal.hu\/index.php\/wp-json\/wp\/v2\/posts\/9968\/revisions"}],"predecessor-version":[{"id":9974,"href":"https:\/\/gazdasagportal.hu\/index.php\/wp-json\/wp\/v2\/posts\/9968\/revisions\/9974"}],"wp:attachment":[{"href":"https:\/\/gazdasagportal.hu\/index.php\/wp-json\/wp\/v2\/media?parent=9968"}],"wp:term":[{"taxonomy":"category","embeddable":true,"href":"https:\/\/gazdasagportal.hu\/index.php\/wp-json\/wp\/v2\/categories?post=9968"},{"taxonomy":"post_tag","embeddable":true,"href":"https:\/\/gazdasagportal.hu\/index.php\/wp-json\/wp\/v2\/tags?post=9968"}],"curies":[{"name":"wp","href":"https:\/\/api.w.org\/{rel}","templated":true}]}}