{"id":99546,"date":"2017-11-03T06:17:37","date_gmt":"2017-11-03T05:17:37","guid":{"rendered":"http:\/\/gazdasagportal.hu\/?p=99546"},"modified":"2017-11-03T06:17:37","modified_gmt":"2017-11-03T05:17:37","slug":"trump-bejelentette-jerome-powellt-jeloli-az-amerikai-jegybank-fed-uj-elnokenek","status":"publish","type":"post","link":"https:\/\/gazdasagportal.hu\/index.php\/trump-bejelentette-jerome-powellt-jeloli-az-amerikai-jegybank-fed-uj-elnokenek\/","title":{"rendered":"Trump bejelentette: Jerome Powellt jel\u00f6li az amerikai jegybank (Fed) \u00faj eln\u00f6k\u00e9nek"},"content":{"rendered":"<p><strong>Donald Trump amerikai eln\u00f6k cs\u00fct\u00f6rt\u00f6k\u00f6n d\u00e9lut\u00e1n a Feh\u00e9r H\u00e1zban bejelentette: Jerome Powellt jel\u00f6li az amerikai jegybank (Fed) \u00faj eln\u00f6k\u00e9nek.<\/strong><!--more--><\/p>\n<div class=\"ads-in-post1\"><div id=\"gazdasagportal.hu_fullbanner_wideboard\"><\/div>\r\n<\/div>\n<p>    Jerome Powell az el\u0151z\u0151 amerikai eln\u00f6k, a demokrata p\u00e1rti Barack Obama \u00e1ltal kinevezett Janet Yellent v\u00e1ltja a jegybankeln\u00f6ki sz\u00e9kben. Powell 2012 \u00f3ta a jegybank korm\u00e1nyz\u00f3tan\u00e1cs\u00e1nak tagja volt. Kinevez\u00e9s\u00e9t &#8211; meghallgat\u00e1sa ut\u00e1n &#8211; a szen\u00e1tusnak kell j\u00f3v\u00e1hagynia. Ha ez megt\u00f6rt\u00e9nik, a 64 \u00e9ves Powell szem\u00e9ly\u00e9ben 1987 \u00f3ta el\u0151sz\u00f6r lesz a jegybanknak nem k\u00f6zgazd\u00e1sz vezet\u0151je.<br \/>\n    A bejelent\u00e9s nem befoly\u00e1solta l\u00e9nyegesen a t\u0151zsdei \u00e1rfolyamok alakul\u00e1s\u00e1t. A piacok sz\u00e1m\u00edtottak a monet\u00e1ris politikai n\u00e9zeteiben &#8222;galambk\u00e9nt&#8221; ismert Powell jel\u00f6l\u00e9s\u00e9re a szint\u00e9n &#8222;galamb&#8221; politik\u00e1t folytat\u00f3 Janet Yellen ut\u00f3djak\u00e9nt. A piacok az \u00faj eln\u00f6kt\u0151l a Fed \u00e1ltal lefektetett monet\u00e1ris politikai ir\u00e1nyvonal folytat\u00e1s\u00e1t v\u00e1rj\u00e1k.<br \/>\n<div class=\"ads-in-post2\"><script async src=\"https:\/\/pagead2.googlesyndication.com\/pagead\/js\/adsbygoogle.js\"><\/script>\r\n<ins class=\"adsbygoogle\"\r\n     style=\"display:block\"\r\n     data-ad-format=\"fluid\"\r\n     data-ad-layout-key=\"-6t+ed+2i-1n-4w\"\r\n     data-ad-client=\"ca-pub-1959107119989764\"\r\n     data-ad-slot=\"4008251320\"><\/ins>\r\n<script>\r\n     (adsbygoogle = window.adsbygoogle || []).push({});\r\n<\/script><\/div>\n    D\u00f6nt\u00e9se bejelent\u00e9sekor a Feh\u00e9r H\u00e1z R\u00f3zsakertj\u00e9ben Donald Trump a jel\u00f6lt felk\u00e9sz\u00fclts\u00e9g\u00e9t, tapasztalat\u00e1t dics\u00e9rte, Jerome Powell pedig \u00e1tl\u00e1that\u00f3 p\u00e9nz\u00fcgypolitik\u00e1t \u00edg\u00e9rt.<br \/>\n    A washingtoni sz\u00fclet\u00e9s\u0171 Jerome Powell jog\u00e1sz \u00e9s beruh\u00e1z\u00e1si bank\u00e1r, a mag\u00e1nszektorban \u00e9s a korm\u00e1nyzati szf\u00e9r\u00e1ban egyar\u00e1nt tapasztalatokat szerzett. A Wall Streeten a Carlyle-csoport kor\u00e1bbi t\u00e1rstulajdonosa, az 1990-es \u00e9vekben George Herbert Bush eln\u00f6ks\u00e9ge idej\u00e9n dolgozott a p\u00e9nz\u00fcgyminiszt\u00e9riumban is. Elemz\u0151k pragmatikusnak \u00e9s a monet\u00e1ris politik\u00e1ban centrist\u00e1nak tartj\u00e1k, aki nem egy d\u00f6nt\u00e9s\u00e9ben &#8211; p\u00e9ld\u00e1ul a kamatpolitik\u00e1t illet\u0151en &#8211; t\u00e1mogatta Janet Yellent.<br \/>\n    A jel\u00f6l\u00e9s nem volt teljesen meglepet\u00e9s: a The Wall Street Journal c\u00edm\u0171 lap szerd\u00e1n jelentette, hogy Donald Trump mellette d\u00f6nt\u00f6tt \u00e9s err\u0151l m\u00e1r kedden \u00e9rtes\u00edtette a jel\u00f6ltet.<br \/>\n    Elemz\u0151k ugyanakkor megjegyzik: a d\u00f6nt\u00e9s el\u0151tt sz\u00f3ba ker\u00fclt lehets\u00e9ges jegybankeln\u00f6k-jel\u00f6ltek &#8211; Gary Cohn, a Feh\u00e9r H\u00e1z gazdas\u00e1gi tan\u00e1csad\u00f3 test\u00fclet\u00e9nek vezet\u0151je, Kevin Warsh jog\u00e1sz, p\u00e9nz\u00fcgyi szakember, vagy John Taylor,a Stanford Egyetem k\u00f6zgazd\u00e1sz-professzora &#8211; neveinek kisziv\u00e1rogtat\u00e1s\u00e1val az eln\u00f6k azt sugalmazta, hogy olyan jel\u00f6ltet keres, aki a Fed eddigi filoz\u00f3fi\u00e1j\u00e1t\u00f3l teljesen elt\u00e9r\u0151en gondolkodik. Els\u0151 komment\u00e1rj\u00e1ban a The Wall Street Journal azonban arra mutatott r\u00e1, hogy &#8222;Trump v\u00e1laszt\u00e1sa a folyamatoss\u00e1g melletti voksot&#8221; jelent.(MTI)<\/p>\n","protected":false},"excerpt":{"rendered":"<p>Donald Trump amerikai eln\u00f6k cs\u00fct\u00f6rt\u00f6k\u00f6n d\u00e9lut\u00e1n a Feh\u00e9r H\u00e1zban bejelentette: Jerome Powellt jel\u00f6li az amerikai jegybank (Fed) \u00faj eln\u00f6k\u00e9nek.<\/p>\n","protected":false},"author":1,"featured_media":0,"comment_status":"closed","ping_status":"open","sticky":false,"template":"","format":"standard","meta":[],"categories":[13,246],"tags":[],"_links":{"self":[{"href":"https:\/\/gazdasagportal.hu\/index.php\/wp-json\/wp\/v2\/posts\/99546"}],"collection":[{"href":"https:\/\/gazdasagportal.hu\/index.php\/wp-json\/wp\/v2\/posts"}],"about":[{"href":"https:\/\/gazdasagportal.hu\/index.php\/wp-json\/wp\/v2\/types\/post"}],"author":[{"embeddable":true,"href":"https:\/\/gazdasagportal.hu\/index.php\/wp-json\/wp\/v2\/users\/1"}],"replies":[{"embeddable":true,"href":"https:\/\/gazdasagportal.hu\/index.php\/wp-json\/wp\/v2\/comments?post=99546"}],"version-history":[{"count":1,"href":"https:\/\/gazdasagportal.hu\/index.php\/wp-json\/wp\/v2\/posts\/99546\/revisions"}],"predecessor-version":[{"id":99547,"href":"https:\/\/gazdasagportal.hu\/index.php\/wp-json\/wp\/v2\/posts\/99546\/revisions\/99547"}],"wp:attachment":[{"href":"https:\/\/gazdasagportal.hu\/index.php\/wp-json\/wp\/v2\/media?parent=99546"}],"wp:term":[{"taxonomy":"category","embeddable":true,"href":"https:\/\/gazdasagportal.hu\/index.php\/wp-json\/wp\/v2\/categories?post=99546"},{"taxonomy":"post_tag","embeddable":true,"href":"https:\/\/gazdasagportal.hu\/index.php\/wp-json\/wp\/v2\/tags?post=99546"}],"curies":[{"name":"wp","href":"https:\/\/api.w.org\/{rel}","templated":true}]}}