{"id":9948,"date":"2013-06-14T18:11:34","date_gmt":"2013-06-14T16:11:34","guid":{"rendered":"http:\/\/stockportal.hu\/?p=9948"},"modified":"2013-06-14T18:11:50","modified_gmt":"2013-06-14T16:11:50","slug":"alkotmanymodositas-brusszel-udvozli-a-magyar-valaszokat","status":"publish","type":"post","link":"https:\/\/gazdasagportal.hu\/index.php\/alkotmanymodositas-brusszel-udvozli-a-magyar-valaszokat\/","title":{"rendered":"Alkotm\u00e1nym\u00f3dos\u00edt\u00e1s &#8211; Br\u00fcsszel \u00fcdv\u00f6zli a magyar v\u00e1laszokat"},"content":{"rendered":"<p><strong>Az Eur\u00f3pai Bizotts\u00e1g \u00f6sszess\u00e9g\u00e9ben \u00fcdv\u00f6zli azokat az eddigi magyar korm\u00e1nyzati v\u00e1laszokat, amelyeket a negyedik alkotm\u00e1nym\u00f3dos\u00edt\u00e1ssal kapcsolatos br\u00fcsszeli agg\u00e1lyokra adtak &#8211; mondta az uni\u00f3s v\u00e9grehajt\u00f3-javaslattev\u0151 int\u00e9zm\u00e9ny p\u00e9nteki br\u00fcsszeli sajt\u00f3t\u00e1j\u00e9koztat\u00f3j\u00e1n Olivier Bailly sz\u00f3viv\u0151. K\u00f6z\u00f6lte, hogy k\u00e9t k\u00e9rd\u00e9sben az eddigi v\u00e1laszok alapj\u00e1n b\u00edzni lehet az \u00fcgy rendez\u0151d\u00e9s\u00e9ben, a harmadikban pedig tov\u00e1bbi konzult\u00e1ci\u00f3kat k\u00edv\u00e1nnak folytatni a magyar korm\u00e1nnyal.<!--more--><\/strong><\/p>\n<p>A magyar f\u00e9l a br\u00fcsszeli felvet\u00e9sek nyom\u00e1n kil\u00e1t\u00e1sba helyezte, hogy kiveszi az alapt\u00f6rv\u00e9nyb\u0151l egyfel\u0151l azt a rendelkez\u00e9st, amely k\u00fcl\u00f6nad\u00f3 kivet\u00e9s\u00e9t teszi lehet\u0151v\u00e9 arra az esetre, ha az \u00e1llamnak b\u00edr\u00f3s\u00e1gi &#8211; ak\u00e1r p\u00e9ld\u00e1ul eur\u00f3pai b\u00edr\u00f3s\u00e1gi &#8211; \u00edt\u00e9let nyom\u00e1n v\u00e1ratlan fizet\u00e9si k\u00f6telezetts\u00e9ge keletkezne, m\u00e1sfel\u0151l pedig azt a rendelkez\u00e9st, amely az Orsz\u00e1gos B\u00edr\u00f3i Hivatal eln\u00f6k\u00e9t \u00fcgy\u00e1thelyez\u00e9si jogk\u00f6rrel ruh\u00e1zza fel. A v\u00e1laszt\u00e1si kamp\u00e1nyhoz &#8211; azon bel\u00fcl \u00edgy az eur\u00f3pai parlamenti v\u00e1laszt\u00e1si kamp\u00e1nyhoz is &#8211; kapcsol\u00f3d\u00f3 politikai hirdet\u00e9sek korl\u00e1toz\u00e1s\u00e1nak az \u00fcgy\u00e9ben a magyar korm\u00e1ny kitart kor\u00e1bbi \u00e1ll\u00e1spontja mellett.<br \/>\nBailly elmondta, hogy az els\u0151 k\u00e9rd\u00e9sben tudom\u00e1sul vett\u00e9k a magyar hat\u00f3s\u00e1gokt\u00f3l kapott t\u00e1j\u00e9koztat\u00e1st az alkotm\u00e1ny \u00e9s a v\u00e9grehajt\u00e1si jogszab\u00e1ly megv\u00e1ltoztat\u00e1s\u00e1nak a sz\u00e1nd\u00e9k\u00e1r\u00f3l. Most ennek a konkr\u00e9t r\u00e9szleteit v\u00e1rj\u00e1k a magyar f\u00e9lt\u0151l. A m\u00e1sodik k\u00e9rd\u00e9sben is \u00f6r\u00fcltek a magyar f\u00e9l v\u00e1ltoztat\u00e1si sz\u00e1nd\u00e9kot t\u00fckr\u00f6z\u0151 bejelent\u00e9s\u00e9nek, \u00e9s itt is a konkr\u00e9t r\u00e9szleteket szeretn\u00e9k l\u00e1tni, miel\u0151tt kialak\u00edtj\u00e1k a v\u00e9gleges \u00e1ll\u00e1spontjukat.<br \/>\nA sz\u00f3viv\u0151 a harmadik k\u00e9rd\u00e9ssel kapcsolatban azt k\u00f6z\u00f6lte, hogy &#8222;technikai szinten&#8221; \u00e9p\u00edt\u0151 szellem\u0171 vit\u00e1t folytatnak a magyar f\u00e9llel, \u00e9s hogy az elm\u00falt napokban is tartottak ilyen megbesz\u00e9l\u00e9seket. Az uni\u00f3s zsargonban &#8222;technikai szint\u0171nek&#8221; a korm\u00e1nytagn\u00e1l alacsonyabb szinten lebonyol\u00edtott diplom\u00e1ciai egyeztet\u00e9st szokt\u00e1k nevezni. Olivier Bailly rem\u00e9ny\u00e9nek adott hangot, hogy ebben a t\u00e9m\u00e1ban is k\u00e9pesek lesznek konstrukt\u00edv megold\u00e1st tal\u00e1lni &#8222;n\u00e9h\u00e1ny napon vagy h\u00e9ten bel\u00fcl&#8221;.<br \/>\nA politikai rekl\u00e1mok korl\u00e1toz\u00e1s\u00e1nak t\u00e9mak\u00f6r\u00e9t illet\u0151en a bizotts\u00e1gi sz\u00f3viv\u0151 kiemelte annak fontoss\u00e1g\u00e1t, hogy a j\u00f6v\u0151 \u00e9vi eur\u00f3pai parlamenti v\u00e1laszt\u00e1sokat az EU-joggal \u00f6sszhangban \u00e1ll\u00f3 szab\u00e1lyok szerint rendezz\u00e9k meg Magyarorsz\u00e1gon.<br \/>\nBailly a szab\u00e1lyoz\u00e1s ar\u00e1nyoss\u00e1g\u00e1nak a k\u00f6vetelm\u00e9ny\u00e9t hangs\u00falyozta, \u00e9s szavaib\u00f3l kit\u0171nt: Br\u00fcsszel \u00e9s Budapest k\u00f6z\u00f6tt a vita l\u00e9nyege e vonatkoz\u00e1sban \u00e9ppen az, hogy az Eur\u00f3pai Bizotts\u00e1gnak k\u00e9ts\u00e9gei vannak a magyar szab\u00e1lyoz\u00e1s ar\u00e1nyoss\u00e1g\u00e1t illet\u0151en.<br \/>\nA sz\u00f3viv\u0151 mindazon\u00e1ltal hangs\u00falyozta: a t\u00e9m\u00e1ban nem jutottak el a k\u00f6telezetts\u00e9gszeg\u00e9si elj\u00e1r\u00e1s els\u0151 fok\u00e1t jelent\u0151 &#8222;hivatalos felsz\u00f3l\u00edt\u00f3 lev\u00e9l&#8221; megfogalmaz\u00e1s\u00e1ig sem, csup\u00e1n a jogi helyzet tiszt\u00e1z\u00e1sa \u00e9rdek\u00e9ben folytatnak a felek konzult\u00e1ci\u00f3t egym\u00e1ssal. (MTI)<\/p>\n","protected":false},"excerpt":{"rendered":"<p>Az Eur\u00f3pai Bizotts\u00e1g \u00f6sszess\u00e9g\u00e9ben \u00fcdv\u00f6zli azokat az eddigi magyar korm\u00e1nyzati v\u00e1laszokat, amelyeket a negyedik alkotm\u00e1nym\u00f3dos\u00edt\u00e1ssal kapcsolatos br\u00fcsszeli agg\u00e1lyokra adtak &#8211; mondta az uni\u00f3s v\u00e9grehajt\u00f3-javaslattev\u0151 int\u00e9zm\u00e9ny p\u00e9nteki br\u00fcsszeli sajt\u00f3t\u00e1j\u00e9koztat\u00f3j\u00e1n Olivier Bailly sz\u00f3viv\u0151. K\u00f6z\u00f6lte, hogy k\u00e9t k\u00e9rd\u00e9sben az eddigi v\u00e1laszok alapj\u00e1n b\u00edzni lehet az \u00fcgy rendez\u0151d\u00e9s\u00e9ben, a harmadikban pedig tov\u00e1bbi konzult\u00e1ci\u00f3kat k\u00edv\u00e1nnak folytatni a magyar korm\u00e1nnyal.<\/p>\n","protected":false},"author":1,"featured_media":0,"comment_status":"open","ping_status":"closed","sticky":false,"template":"","format":"standard","meta":[],"categories":[12,18],"tags":[],"_links":{"self":[{"href":"https:\/\/gazdasagportal.hu\/index.php\/wp-json\/wp\/v2\/posts\/9948"}],"collection":[{"href":"https:\/\/gazdasagportal.hu\/index.php\/wp-json\/wp\/v2\/posts"}],"about":[{"href":"https:\/\/gazdasagportal.hu\/index.php\/wp-json\/wp\/v2\/types\/post"}],"author":[{"embeddable":true,"href":"https:\/\/gazdasagportal.hu\/index.php\/wp-json\/wp\/v2\/users\/1"}],"replies":[{"embeddable":true,"href":"https:\/\/gazdasagportal.hu\/index.php\/wp-json\/wp\/v2\/comments?post=9948"}],"version-history":[{"count":3,"href":"https:\/\/gazdasagportal.hu\/index.php\/wp-json\/wp\/v2\/posts\/9948\/revisions"}],"predecessor-version":[{"id":9950,"href":"https:\/\/gazdasagportal.hu\/index.php\/wp-json\/wp\/v2\/posts\/9948\/revisions\/9950"}],"wp:attachment":[{"href":"https:\/\/gazdasagportal.hu\/index.php\/wp-json\/wp\/v2\/media?parent=9948"}],"wp:term":[{"taxonomy":"category","embeddable":true,"href":"https:\/\/gazdasagportal.hu\/index.php\/wp-json\/wp\/v2\/categories?post=9948"},{"taxonomy":"post_tag","embeddable":true,"href":"https:\/\/gazdasagportal.hu\/index.php\/wp-json\/wp\/v2\/tags?post=9948"}],"curies":[{"name":"wp","href":"https:\/\/api.w.org\/{rel}","templated":true}]}}