{"id":9933,"date":"2013-06-14T14:27:25","date_gmt":"2013-06-14T12:27:25","guid":{"rendered":"http:\/\/stockportal.hu\/?p=9933"},"modified":"2013-06-14T14:27:25","modified_gmt":"2013-06-14T12:27:25","slug":"quaestor-a-hozamemelkedes-a-kamatcsokkentesi-ciklus-veget-hozhatja","status":"publish","type":"post","link":"https:\/\/gazdasagportal.hu\/index.php\/quaestor-a-hozamemelkedes-a-kamatcsokkentesi-ciklus-veget-hozhatja\/","title":{"rendered":"QUAESTOR: a hozamemelked\u00e9s a kamatcs\u00f6kkent\u00e9si ciklus v\u00e9g\u00e9t hozhatja"},"content":{"rendered":"<p><strong>Az MNB egyel\u0151re tov\u00e1bb cs\u00f6kkentheti az alapkamatot, hiszen az infl\u00e1ci\u00f3 alacsony, ha azonban a k\u00f6zelm\u00faltban a vil\u00e1gban lezajlott hozamemelked\u00e9s tart\u00f3s lesz, az a hazai kamatcs\u00f6kkent\u00e9si ciklus v\u00e9g\u00e9t hozhatja a QUAESTOR Zrt. vezet\u0151 elemz\u0151je szerint.<!--more--><\/strong><\/p>\n<p>H\u00e1da B\u00e1lint p\u00e9nteki budapesti sajt\u00f3t\u00e1j\u00e9koztat\u00f3j\u00e1n kifejtette: a fejlett piaci k\u00f6tv\u00e9nyhozamok emelked\u00e9s\u00e9t r\u00e9szben az amerikai jegybanki p\u00e9nznyomtat\u00e1s lass\u00edt\u00e1s\u00e1nak lehet\u0151s\u00e9ge, r\u00e9szben az optimista gazdas\u00e1gi n\u00f6veked\u00e9si v\u00e1rakoz\u00e1sok okozz\u00e1k. A likvidit\u00e1skivon\u00e1s rossz id\u0151z\u00edt\u00e9se azonban a p\u00e9nz\u00e1raml\u00e1sok megfordul\u00e1s\u00e1t hozhatja, finansz\u00edroz\u00e1st vonhat el p\u00e9ld\u00e1ul a perif\u00e9rikus orsz\u00e1gokb\u00f3l, \u00e9s r\u00f6vid t\u00e1von profitrealiz\u00e1l\u00e1si hull\u00e1mot ind\u00edthat el a b\u00f6rz\u00e9ken is.<br \/>\nA p\u00e9nz\u00fcgyi tan\u00e1csad\u00f3 c\u00e9g 2013 v\u00e9g\u00e9re 4,50 sz\u00e1zal\u00e9kos alapkamatot v\u00e1r, a 2014. \u00e9v v\u00e9gi el\u0151rejelz\u00e9s\u00e9ben pedig 5 sz\u00e1zal\u00e9kos jegybanki alapkamat szerepel. A t\u00e1rsas\u00e1g az id\u00e9n 2,5 sz\u00e1zal\u00e9kos \u00e9ves \u00e1tlagos infl\u00e1ci\u00f3val sz\u00e1mol, j\u00f6v\u0151re pedig 3,2 sz\u00e1zal\u00e9kossal.<br \/>\nH\u00e1da B\u00e1lint szerint a v\u00e1rtn\u00e1l jobb gazdas\u00e1gi adatok hat\u00e1s\u00e1ra felcsillant a rem\u00e9nye annak, hogy tal\u00e1n v\u00e9get \u00e9rhet a recesszi\u00f3, pozit\u00edv jelek l\u00e1tszanak az eur\u00f3z\u00f3n\u00e1ban \u00e9s Magyarorsz\u00e1gon is. Hozz\u00e1tette, hogy az eur\u00f3z\u00f3na \u00e1llamaiban ugyanakkor jelent\u0151s k\u00fcl\u00f6nbs\u00e9gek vannak, igaz\u00e1n j\u00f3l csak a n\u00e9met gazdas\u00e1g teljes\u00edt.<br \/>\nMagyarorsz\u00e1gon az els\u0151 negyed\u00e9vben n\u0151tt ugyan a GDP az el\u0151z\u0151 negyed\u00e9vhez k\u00e9pest, de ebben a mez\u0151gazdas\u00e1gnak volt h\u00faz\u00f3 szerepe, az ipar \u00e9s a szolg\u00e1ltat\u00e1si szektor tov\u00e1bbra is er\u0151tlen &#8211; mondta az elemz\u0151. Megjegyezte, hogy a mez\u0151gazdas\u00e1g tov\u00e1bbi teljes\u00edtm\u00e9ny\u00e9t pedig nagyban befoly\u00e1solja az id\u0151j\u00e1r\u00e1s.<br \/>\nA Magyar Nemzeti Bank n\u00f6veked\u00e9si hitelprogramj\u00e1r\u00f3l H\u00e1da B\u00e1lint \u00fagy v\u00e9lekedett, hogy annak legnagyobb r\u00e9sze a megl\u00e9v\u0151 dr\u00e1ga deviza- \u00e9s forinthitelek kiv\u00e1lt\u00e1s\u00e1ra mehet el, \u00e9s kev\u00e9s \u00faj hitel sz\u00fcletik majd a program keret\u00e9ben.<br \/>\nA QUAESTOR az idei makrogazdas\u00e1gi el\u0151rejelz\u00e9s\u00e9ben m\u00e9g 0,1 sz\u00e1zal\u00e9kos GDP-cs\u00f6kken\u00e9ssel sz\u00e1mol, j\u00f6v\u0151re pedig 1 sz\u00e1zal\u00e9kos b\u0151v\u00fcl\u00e9st v\u00e1r. Az \u00e1llamh\u00e1ztart\u00e1s hi\u00e1ny\u00e1t 2013-ban a GDP 2,8 sz\u00e1zal\u00e9k\u00e1ra, 2014-ben 2,7 sz\u00e1zal\u00e9k\u00e1ra teszi. A c\u00e9g v\u00e1rakoz\u00e1sa szerint az \u00e1llamad\u00f3ss\u00e1g az id\u00e9n a GDP 76 sz\u00e1zal\u00e9k\u00e1t teheti ki, j\u00f6v\u0151re pedig 73 sz\u00e1zal\u00e9kra m\u00e9rs\u00e9kl\u0151dhet. (MTI)<\/p>\n","protected":false},"excerpt":{"rendered":"<p>Az MNB egyel\u0151re tov\u00e1bb cs\u00f6kkentheti az alapkamatot, hiszen az infl\u00e1ci\u00f3 alacsony, ha azonban a k\u00f6zelm\u00faltban a vil\u00e1gban lezajlott hozamemelked\u00e9s tart\u00f3s lesz, az a hazai kamatcs\u00f6kkent\u00e9si ciklus v\u00e9g\u00e9t hozhatja a QUAESTOR Zrt. vezet\u0151 elemz\u0151je szerint.<\/p>\n","protected":false},"author":1,"featured_media":0,"comment_status":"open","ping_status":"closed","sticky":false,"template":"","format":"standard","meta":[],"categories":[31],"tags":[],"_links":{"self":[{"href":"https:\/\/gazdasagportal.hu\/index.php\/wp-json\/wp\/v2\/posts\/9933"}],"collection":[{"href":"https:\/\/gazdasagportal.hu\/index.php\/wp-json\/wp\/v2\/posts"}],"about":[{"href":"https:\/\/gazdasagportal.hu\/index.php\/wp-json\/wp\/v2\/types\/post"}],"author":[{"embeddable":true,"href":"https:\/\/gazdasagportal.hu\/index.php\/wp-json\/wp\/v2\/users\/1"}],"replies":[{"embeddable":true,"href":"https:\/\/gazdasagportal.hu\/index.php\/wp-json\/wp\/v2\/comments?post=9933"}],"version-history":[{"count":1,"href":"https:\/\/gazdasagportal.hu\/index.php\/wp-json\/wp\/v2\/posts\/9933\/revisions"}],"predecessor-version":[{"id":9934,"href":"https:\/\/gazdasagportal.hu\/index.php\/wp-json\/wp\/v2\/posts\/9933\/revisions\/9934"}],"wp:attachment":[{"href":"https:\/\/gazdasagportal.hu\/index.php\/wp-json\/wp\/v2\/media?parent=9933"}],"wp:term":[{"taxonomy":"category","embeddable":true,"href":"https:\/\/gazdasagportal.hu\/index.php\/wp-json\/wp\/v2\/categories?post=9933"},{"taxonomy":"post_tag","embeddable":true,"href":"https:\/\/gazdasagportal.hu\/index.php\/wp-json\/wp\/v2\/tags?post=9933"}],"curies":[{"name":"wp","href":"https:\/\/api.w.org\/{rel}","templated":true}]}}