{"id":99251,"date":"2017-10-26T21:22:35","date_gmt":"2017-10-26T19:22:35","guid":{"rendered":"http:\/\/gazdasagportal.hu\/?p=99251"},"modified":"2017-10-26T21:22:35","modified_gmt":"2017-10-26T19:22:35","slug":"hajdu-janos-el-a-nigeriai-kalozok-altal-elrabolt-magyar-tengeresz","status":"publish","type":"post","link":"https:\/\/gazdasagportal.hu\/index.php\/hajdu-janos-el-a-nigeriai-kalozok-altal-elrabolt-magyar-tengeresz\/","title":{"rendered":"Hajdu J\u00e1nos: \u00e9l a nig\u00e9riai kal\u00f3zok \u00e1ltal elrabolt magyar tenger\u00e9sz"},"content":{"rendered":"<p><strong>\u00c9l \u00e9s a k\u00f6r\u00fclm\u00e9nyekhez k\u00e9pest j\u00f3l van az a magyar tenger\u00e9sz, akit nig\u00e9riai kal\u00f3zok raboltak el kedden &#8211; k\u00f6z\u00f6lte a Terrorelh\u00e1r\u00edt\u00e1si K\u00f6zpont (TEK) f\u0151igazgat\u00f3ja az M1 aktu\u00e1lis csatorn\u00e1n cs\u00fct\u00f6rt\u00f6k\u00f6n.<\/strong><!--more--><\/p>\n<div class=\"ads-in-post1\"><div id=\"gazdasagportal.hu_fullbanner_wideboard\"><\/div>\r\n<\/div>\n<p>    Hajdu J\u00e1nos elmondta, csak a magyar t\u00faszr\u00f3l sz\u00e1molhat be felel\u0151ss\u00e9ggel, de az \u0151 \u00e1llapot\u00e1r\u00f3l meger\u0151s\u00edtett inform\u00e1ci\u00f3k vannak.<br \/>\n    Arra a k\u00e9rd\u00e9sre, hogy mit tehet ilyenkor a TEK, felsorolta: perceken bel\u00fcl fel\u00e1llt egy kr\u00edzisk\u00f6zpont a szervezetn\u00e9l, egy\u00fcttm\u0171k\u00f6dnek a K\u00fclgazdas\u00e1gi \u00e9s K\u00fcl\u00fcgyminiszt\u00e9riummal, valamint felvett\u00e9k a kapcsolatot minden olyan t\u00e1rsszervvel \u00e9s szolg\u00e1lattal, amelynek a seg\u00edts\u00e9g\u00e9re sz\u00fcks\u00e9g van. Nemzetk\u00f6zi team vesz r\u00e9szt a t\u00e1rgyal\u00e1sokon jelenleg &#8211; tette hozz\u00e1.<br \/>\n    &#8222;Minden olyan helyet elfoglaltunk ma t\u00e9rben a vil\u00e1gban, ahol hozz\u00e1 tudunk j\u00e1rulni ahhoz, hogy sikeresen hazahozzuk ezt a magyar embert&#8221; &#8211; k\u00f6z\u00f6lte.<br \/>\n    Jelezte azt is, minden olyan inform\u00e1ci\u00f3t megadnak az \u00e9rintett csal\u00e1dj\u00e1nak, amely \u00e1tadhat\u00f3, \u00e9s seg\u00edt \u00e1tv\u00e9szelni ezt az id\u0151szakot.<br \/>\n<div class=\"ads-in-post2\"><script async src=\"https:\/\/pagead2.googlesyndication.com\/pagead\/js\/adsbygoogle.js\"><\/script>\r\n<ins class=\"adsbygoogle\"\r\n     style=\"display:block\"\r\n     data-ad-format=\"fluid\"\r\n     data-ad-layout-key=\"-6t+ed+2i-1n-4w\"\r\n     data-ad-client=\"ca-pub-1959107119989764\"\r\n     data-ad-slot=\"4008251320\"><\/ins>\r\n<script>\r\n     (adsbygoogle = window.adsbygoogle || []).push({});\r\n<\/script><\/div>\n    Hajdu J\u00e1nos kit\u00e9rt arra is: el\u0151sz\u00f6r azt kell megtudni egy olyan t\u00e1rgyal\u00e1sn\u00e1l, mint a mostani, hogy azokkal t\u00e1rgyalnak-e, akikn\u00e9l val\u00f3ban t\u00faszok vannak, azokkal, akikn\u00e9l a magyar t\u00fasz is ott van, ez megt\u00f6rt\u00e9nt az elm\u00falt 48 \u00f3r\u00e1ban, innent\u0151l kezdve lehet minden m\u00e1sr\u00f3l besz\u00e9lni. Arra a k\u00e9rd\u00e9sre, hogy mennyi id\u0151be telhet a t\u00fasz kiszabad\u00edt\u00e1sa, a TEK f\u0151igazgat\u00f3ja \u00fagy v\u00e1laszolt, azt gondolja, egy-k\u00e9t h\u00f3nap re\u00e1lis id\u0151 lehet erre, hat h\u00f3napn\u00e1l elh\u00faz\u00f3d\u00f3 \u00fcgyr\u0151l lehet besz\u00e9lni.<br \/>\n    A Reuters brit h\u00edr\u00fcgyn\u00f6ks\u00e9g kedden sz\u00e1molt be arr\u00f3l, hogy hat embert raboltak el egy n\u00e9met kont\u00e9nerhaj\u00f3r\u00f3l Nig\u00e9ria partjain\u00e1l. A Peter Doehle Schiffahrts KG haj\u00f3z\u00e1si t\u00e1rsas\u00e1g k\u00f6z\u00f6lte, hogy kal\u00f3zok t\u00e1madt\u00e1k meg a haj\u00f3t szombaton, amikor Nig\u00e9ria egyik kik\u00f6t\u0151j\u00e9hez k\u00f6zel\u00edtett, \u00e9s hat embert vittek magukkal a leg\u00e9nys\u00e9gb\u0151l. Emberrabl\u00f3k fogva tartj\u00e1k \u0151ket Nig\u00e9ri\u00e1ban.<br \/>\n    Szijj\u00e1rt\u00f3 P\u00e9ter k\u00fclgazdas\u00e1gi \u00e9s k\u00fcl\u00fcgyminiszter szerd\u00e1n sajt\u00f3t\u00e1j\u00e9koztat\u00f3n elmondta, a helyi \u00e9s a n\u00e9met hat\u00f3s\u00e1gok meger\u0151s\u00edtett\u00e9k, hogy egy magyart is elraboltak a nig\u00e9riai kal\u00f3zok.(MTI)<\/p>\n","protected":false},"excerpt":{"rendered":"<p>\u00c9l \u00e9s a k\u00f6r\u00fclm\u00e9nyekhez k\u00e9pest j\u00f3l van az a magyar tenger\u00e9sz, akit nig\u00e9riai kal\u00f3zok raboltak el kedden &#8211; k\u00f6z\u00f6lte a Terrorelh\u00e1r\u00edt\u00e1si K\u00f6zpont (TEK) f\u0151igazgat\u00f3ja az M1 aktu\u00e1lis csatorn\u00e1n cs\u00fct\u00f6rt\u00f6k\u00f6n.<\/p>\n","protected":false},"author":1,"featured_media":0,"comment_status":"closed","ping_status":"open","sticky":false,"template":"","format":"standard","meta":[],"categories":[4],"tags":[],"_links":{"self":[{"href":"https:\/\/gazdasagportal.hu\/index.php\/wp-json\/wp\/v2\/posts\/99251"}],"collection":[{"href":"https:\/\/gazdasagportal.hu\/index.php\/wp-json\/wp\/v2\/posts"}],"about":[{"href":"https:\/\/gazdasagportal.hu\/index.php\/wp-json\/wp\/v2\/types\/post"}],"author":[{"embeddable":true,"href":"https:\/\/gazdasagportal.hu\/index.php\/wp-json\/wp\/v2\/users\/1"}],"replies":[{"embeddable":true,"href":"https:\/\/gazdasagportal.hu\/index.php\/wp-json\/wp\/v2\/comments?post=99251"}],"version-history":[{"count":1,"href":"https:\/\/gazdasagportal.hu\/index.php\/wp-json\/wp\/v2\/posts\/99251\/revisions"}],"predecessor-version":[{"id":99252,"href":"https:\/\/gazdasagportal.hu\/index.php\/wp-json\/wp\/v2\/posts\/99251\/revisions\/99252"}],"wp:attachment":[{"href":"https:\/\/gazdasagportal.hu\/index.php\/wp-json\/wp\/v2\/media?parent=99251"}],"wp:term":[{"taxonomy":"category","embeddable":true,"href":"https:\/\/gazdasagportal.hu\/index.php\/wp-json\/wp\/v2\/categories?post=99251"},{"taxonomy":"post_tag","embeddable":true,"href":"https:\/\/gazdasagportal.hu\/index.php\/wp-json\/wp\/v2\/tags?post=99251"}],"curies":[{"name":"wp","href":"https:\/\/api.w.org\/{rel}","templated":true}]}}