{"id":99232,"date":"2017-10-26T12:57:51","date_gmt":"2017-10-26T10:57:51","guid":{"rendered":"http:\/\/gazdasagportal.hu\/?p=99232"},"modified":"2017-10-26T12:57:51","modified_gmt":"2017-10-26T10:57:51","slug":"elemzok-tortenelmi-csucson-a-foglalkoztatottsag-tovabb-csokkenhet-a-munkanelkuliseg","status":"publish","type":"post","link":"https:\/\/gazdasagportal.hu\/index.php\/elemzok-tortenelmi-csucson-a-foglalkoztatottsag-tovabb-csokkenhet-a-munkanelkuliseg\/","title":{"rendered":"Elemz\u0151k: t\u00f6rt\u00e9nelmi cs\u00facson a foglalkoztatotts\u00e1g, tov\u00e1bb cs\u00f6kkenhet a munkan\u00e9lk\u00fclis\u00e9g"},"content":{"rendered":"<p><strong>B\u00e1r a harmadik negyed\u00e9vben t\u00f6rt\u00e9nelmi cs\u00facsra emelkedett a foglalkoztatottak sz\u00e1ma, a munkan\u00e9lk\u00fclis\u00e9g tov\u00e1bbi cs\u00f6kken\u00e9s\u00e9re sz\u00e1m\u00edtanak az MTI-nek nyilatkoz\u00f3 piaci elemz\u0151k a K\u00f6zponti Statisztikai Hivatal (KSH) cs\u00fct\u00f6rt\u00f6k\u00f6n kiadott munkaer\u0151piaci adatait komment\u00e1lva.<\/strong><!--more--><\/p>\n<div class=\"ads-in-post1\"><div id=\"gazdasagportal.hu_fullbanner_wideboard\"><\/div>\r\n<\/div>\n<p>    A KSH jelent\u00e9se szerint a harmadik negyed\u00e9vben 4 milli\u00f3 451 ezer volt a foglalkoztatottak \u00e1tlagos l\u00e9tsz\u00e1ma, 60 ezerrel t\u00f6bb, mint egy \u00e9vvel kor\u00e1bban. A foglalkoztatottak sz\u00e1m\u00e1nak n\u00f6veked\u00e9se a munkan\u00e9lk\u00fcliek sz\u00e1m\u00e1nak 38 ezres cs\u00f6kken\u00e9s\u00e9b\u0151l \u00e9s a munkaer\u0151piacon frissen megjelen\u0151 22 ezer emberb\u0151l tev\u0151d\u00f6tt \u00f6ssze. A munkan\u00e9lk\u00fcliek \u00e1tlagos l\u00e9tsz\u00e1ma ugyanebben az id\u0151szakban 189 ezerre, a munkan\u00e9lk\u00fclis\u00e9gi r\u00e1ta 0,8 sz\u00e1zal\u00e9kponttal 4,1 sz\u00e1zal\u00e9kra cs\u00f6kkent.<br \/>\n    Horv\u00e1th Andr\u00e1s, a Takar\u00e9kbank elemz\u0151je arra sz\u00e1m\u00edt, hogy foglalkoztatottak sz\u00e1ma id\u00e9n m\u00e1r nem \u00e9ri el a 4,5 milli\u00f3t, erre 2018 nyar\u00e1ig v\u00e1rni kell, a munkan\u00e9lk\u00fclis\u00e9g cs\u00f6kken\u00e9se azonban folytat\u00f3dik: id\u00e9n a ny\u00e1r v\u00e9g\u00e9re 4 sz\u00e1zal\u00e9kra cs\u00f6kkenhetett a r\u00e1ta, m\u00edg \u00e9ves \u00e1tlagban 4,2 sz\u00e1zal\u00e9k lehet ez a sz\u00e1m, 2018-ban pedig 3,8 sz\u00e1zal\u00e9kig s\u00fcllyed a munkan\u00e9lk\u00fclis\u00e9g.<br \/>\n<div class=\"ads-in-post2\"><script async src=\"https:\/\/pagead2.googlesyndication.com\/pagead\/js\/adsbygoogle.js\"><\/script>\r\n<ins class=\"adsbygoogle\"\r\n     style=\"display:block\"\r\n     data-ad-format=\"fluid\"\r\n     data-ad-layout-key=\"-6t+ed+2i-1n-4w\"\r\n     data-ad-client=\"ca-pub-1959107119989764\"\r\n     data-ad-slot=\"4008251320\"><\/ins>\r\n<script>\r\n     (adsbygoogle = window.adsbygoogle || []).push({});\r\n<\/script><\/div>\n    A munkaer\u0151hi\u00e1nyr\u00f3l sz\u00f3l\u00f3 folyamatos h\u00edrek ellen\u00e9re a magyar gazdas\u00e1g tov\u00e1bbra is csaknem 700 ezres munkaer\u0151 tartal\u00e9kkal rendelkezik a dolgozni sz\u00e1nd\u00e9koz\u00f3 inakt\u00edvak, a k\u00f6zfoglalkoztatottak, a k\u00fclf\u00f6ldre ing\u00e1z\u00f3k \u00e9s a munkan\u00e9lk\u00fcliek sz\u00e1m\u00e1t tekintve &#8211; tette hozz\u00e1 az elemz\u0151. Az eg\u00e9szs\u00e9gesebb foglalkoztat\u00e1si szerkezet \u00e9rdek\u00e9ben a k\u00f6zszf\u00e9r\u00e1b\u00f3l t\u00f6bb t\u00edzezer magasan k\u00e9pzett munkav\u00e1llal\u00f3  \u00e1tvezet\u00e9s\u00e9re lenne sz\u00fcks\u00e9g a versenyszf\u00e9r\u00e1ba. A foglalkoztat\u00e1s b\u0151v\u00fcl\u00e9s\u00e9nek lassul\u00e1sa arra utal, hogy egyre kevesebb a szakk\u00e9pzett, akt\u00edvan bevonhat\u00f3 potenci\u00e1lis munkav\u00e1llal\u00f3 a magyar munkaer\u0151piacon \u00e9s a foglalkoztatotts\u00e1g kezdi el\u00e9rni a cs\u00facs\u00e1t a munkaer\u0151 jelenlegi k\u00e9pzetts\u00e9gi szintj\u00e9n.<br \/>\n    \u00dcrm\u00f6ssy Gergely, az Erste Bank vezet\u0151 makrogazdas\u00e1gi elemz\u0151je szerint is folytat\u00f3dhat j\u00f6v\u0151re a munkan\u00e9lk\u00fclis\u00e9gi r\u00e1ta lass\u00fa cs\u00f6kken\u00e9se. A feszes munkaer\u0151piac seg\u00edthet abban, hogy a re\u00e1lb\u00e9r emelked\u00e9si \u00fcteme fennmaradjon 2018-ban is, ami a GDP n\u00f6veked\u00e9s\u00e9t er\u0151s\u00edtheti a b\u0151v\u00fcl\u0151 keresleten kereszt\u00fcl.<br \/>\n    Az emelked\u0151 b\u00e9rek \u00e9s az er\u0151s\u00f6d\u0151 kereslet id\u0151vel az infl\u00e1ci\u00f3s folyamatokat is felgyors\u00edthatja. Az Erste Bank v\u00e1rakoz\u00e1sa szerint id\u00e9n 3,7 sz\u00e1zal\u00e9kkal, j\u00f6v\u0151re  3,4 sz\u00e1zal\u00e9kkal emelkedhet a magyar brutt\u00f3 hazai term\u00e9k, amihez \u00e9rdemben hozz\u00e1j\u00e1rul majd a h\u00e1ztart\u00e1sok emelked\u0151 v\u00e1s\u00e1rl\u00f3ereje. Becsl\u00e9s\u00fck szerint az infl\u00e1ci\u00f3 id\u00e9n 2,4, j\u00f6v\u0151re pedig 3,4 sz\u00e1zal\u00e9kos lehet.<br \/>\n    N\u00e9meth D\u00e1vid, a K&#038;H Bank vezet\u0151 elemz\u0151je szerint a munkan\u00e9lk\u00fclis\u00e9gi r\u00e1ta m\u00e1r megk\u00f6zel\u00edti a 4 sz\u00e1zal\u00e9kos szintet, ami l\u00e9nyeg\u00e9ben a teljes foglalkoztatotts\u00e1gnak felel meg. \u00cdgy m\u00e1r szerkezeti v\u00e1ltoz\u00e1sra lenne sz\u00fcks\u00e9g ahhoz, hogy a munkaer\u0151piac ne g\u00e1tolja a gazdas\u00e1gi n\u00f6veked\u00e9st. A k\u00f6zfoglalkoztatottak sz\u00e1ma cs\u00f6kken, mik\u00f6zben az aktivit\u00e1si r\u00e1ta javul\u00e1st mutat, azaz a k\u00f6zfoglalkoztat\u00e1sb\u00f3l kiker\u00fcl\u0151k az els\u0151dleges munkaer\u0151piacon tal\u00e1ltak munk\u00e1t &#8211; mondta.<br \/>\n    A K&#038;H Bank vezet\u0151 elemz\u0151je fontosnak tartja, hogy a k\u00f6zfoglalkoztatottak m\u00e9g nagyobb sz\u00e1mban tal\u00e1lhassanak munk\u00e1t az els\u0151dleges munkaer\u0151piacon. A legnehezebben az alacsony k\u00e9pzetts\u00e9g\u0171ek tal\u00e1lnak  munk\u00e1t, ez\u00e9rt is lenne sz\u00fcks\u00e9g \u00e1tfog\u00f3 k\u00e9pz\u00e9si programokra, amelyek eredm\u00e9nyek\u00e9nt az egyre t\u00f6bb szektort \u00e9rint\u0151 munkaer\u0151hi\u00e1nyt is enyh\u00edteni lehetne.(MTI)<\/p>\n","protected":false},"excerpt":{"rendered":"<p>B\u00e1r a harmadik negyed\u00e9vben t\u00f6rt\u00e9nelmi cs\u00facsra emelkedett a foglalkoztatottak sz\u00e1ma, a munkan\u00e9lk\u00fclis\u00e9g tov\u00e1bbi cs\u00f6kken\u00e9s\u00e9re sz\u00e1m\u00edtanak az MTI-nek nyilatkoz\u00f3 piaci elemz\u0151k a K\u00f6zponti Statisztikai Hivatal (KSH) cs\u00fct\u00f6rt\u00f6k\u00f6n kiadott munkaer\u0151piaci adatait komment\u00e1lva.<\/p>\n","protected":false},"author":1,"featured_media":0,"comment_status":"closed","ping_status":"open","sticky":false,"template":"","format":"standard","meta":[],"categories":[19],"tags":[],"_links":{"self":[{"href":"https:\/\/gazdasagportal.hu\/index.php\/wp-json\/wp\/v2\/posts\/99232"}],"collection":[{"href":"https:\/\/gazdasagportal.hu\/index.php\/wp-json\/wp\/v2\/posts"}],"about":[{"href":"https:\/\/gazdasagportal.hu\/index.php\/wp-json\/wp\/v2\/types\/post"}],"author":[{"embeddable":true,"href":"https:\/\/gazdasagportal.hu\/index.php\/wp-json\/wp\/v2\/users\/1"}],"replies":[{"embeddable":true,"href":"https:\/\/gazdasagportal.hu\/index.php\/wp-json\/wp\/v2\/comments?post=99232"}],"version-history":[{"count":1,"href":"https:\/\/gazdasagportal.hu\/index.php\/wp-json\/wp\/v2\/posts\/99232\/revisions"}],"predecessor-version":[{"id":99233,"href":"https:\/\/gazdasagportal.hu\/index.php\/wp-json\/wp\/v2\/posts\/99232\/revisions\/99233"}],"wp:attachment":[{"href":"https:\/\/gazdasagportal.hu\/index.php\/wp-json\/wp\/v2\/media?parent=99232"}],"wp:term":[{"taxonomy":"category","embeddable":true,"href":"https:\/\/gazdasagportal.hu\/index.php\/wp-json\/wp\/v2\/categories?post=99232"},{"taxonomy":"post_tag","embeddable":true,"href":"https:\/\/gazdasagportal.hu\/index.php\/wp-json\/wp\/v2\/tags?post=99232"}],"curies":[{"name":"wp","href":"https:\/\/api.w.org\/{rel}","templated":true}]}}