{"id":99226,"date":"2017-10-26T11:13:40","date_gmt":"2017-10-26T09:13:40","guid":{"rendered":"http:\/\/gazdasagportal.hu\/?p=99226"},"modified":"2017-10-26T11:13:40","modified_gmt":"2017-10-26T09:13:40","slug":"varga-mihaly-a-kedvezo-gazdasagi-folyamatoknak-koszonheto-a-foglalkoztatottak-szamanak-novekedese","status":"publish","type":"post","link":"https:\/\/gazdasagportal.hu\/index.php\/varga-mihaly-a-kedvezo-gazdasagi-folyamatoknak-koszonheto-a-foglalkoztatottak-szamanak-novekedese\/","title":{"rendered":"Varga Mih\u00e1ly: a kedvez\u0151 gazdas\u00e1gi folyamatoknak k\u00f6sz\u00f6nhet\u0151 a foglalkoztatottak sz\u00e1m\u00e1nak n\u00f6veked\u00e9se"},"content":{"rendered":"<p><strong>A kedvez\u0151 gazdas\u00e1gi folyamatoknak \u00e9s a korm\u00e1ny int\u00e9zked\u00e9seinek k\u00f6sz\u00f6nhet\u0151en 741 ezerrel n\u0151tt a foglalkoztatottak sz\u00e1ma 2010 \u00f3ta, a versenyszektor 560-570 ezerrel n\u00f6velte a munkahelyek sz\u00e1m\u00e1t &#8211; mondta Varga Mih\u00e1ly nemzetgazdas\u00e1gi miniszter cs\u00fct\u00f6rt\u00f6k\u00f6n az M1 aktu\u00e1lis csatorn\u00e1n a K\u00f6zponti Statisztikai Hivatal (KSH) foglalkoztatotts\u00e1gi \u00e9s munkan\u00e9lk\u00fclis\u00e9gi adataira reag\u00e1lva.<\/strong><!--more--><\/p>\n<div class=\"ads-in-post1\"><div id=\"gazdasagportal.hu_fullbanner_wideboard\"><\/div>\r\n<\/div>\n<p>    A KSH cs\u00fct\u00f6rt\u00f6ki k\u00f6zl\u00e9se szerint a j\u00falius-szeptemberi id\u0151szakban a foglalkoztatottak \u00e1tlagos l\u00e9tsz\u00e1ma 4 milli\u00f3 451 ezer volt, 60 ezerrel t\u00f6bb, mint egy \u00e9vvel kor\u00e1bban. A 15-64 \u00e9vesek foglalkoztat\u00e1si r\u00e1t\u00e1ja egy \u00e9v alatt 1,6 sz\u00e1zal\u00e9kponttal 68,7 sz\u00e1zal\u00e9kra emelkedett. Ugyanebben az id\u0151szakban a munkan\u00e9lk\u00fcliek \u00e1tlagos l\u00e9tsz\u00e1ma az egy \u00e9vvel kor\u00e1bbihoz k\u00e9pest 38 ezerrel 189 ezerre, a munkan\u00e9lk\u00fclis\u00e9gi r\u00e1ta 0,8 sz\u00e1zal\u00e9kponttal 4,1 sz\u00e1zal\u00e9kra cs\u00f6kkent.<br \/>\n    A miniszter kiemelte, az adatok azt mutatj\u00e1k, hogy a magyar gazdas\u00e1g folyamatosan n\u0151, a hat\u00e9ves b\u00e9rmeg\u00e1llapod\u00e1s \u00e9s ad\u00f3cs\u00f6kkent\u00e9si program emellett \u00fajabb lend\u00fcletet adhat a munkaer\u0151piacnak, tov\u00e1bb \u00f6szt\u00f6n\u00f6zve a foglalkoztat\u00e1st.<br \/>\n<div class=\"ads-in-post2\"><script async src=\"https:\/\/pagead2.googlesyndication.com\/pagead\/js\/adsbygoogle.js\"><\/script>\r\n<ins class=\"adsbygoogle\"\r\n     style=\"display:block\"\r\n     data-ad-format=\"fluid\"\r\n     data-ad-layout-key=\"-6t+ed+2i-1n-4w\"\r\n     data-ad-client=\"ca-pub-1959107119989764\"\r\n     data-ad-slot=\"4008251320\"><\/ins>\r\n<script>\r\n     (adsbygoogle = window.adsbygoogle || []).push({});\r\n<\/script><\/div>\n    Mint fogalmazott, id\u00e9n egy olyan gazdas\u00e1gi k\u00f6rnyezet v\u00e1lt val\u00f3ra, amely lehet\u0151v\u00e9 tette, hogy 2018. janu\u00e1r 1-j\u00e9t\u0151l 2 helyett 2,5 sz\u00e1zal\u00e9kkal cs\u00f6kkents\u00e9k a szoci\u00e1lis hozz\u00e1j\u00e1rul\u00e1si ad\u00f3 m\u00e9rt\u00e9k\u00e9t. Emellett folytat\u00f3dik a b\u00e9rek n\u00f6vel\u00e9se, a minim\u00e1lb\u00e9r \u00f6sszege 8 sz\u00e1zal\u00e9kkal, a garant\u00e1lt b\u00e9rminimum\u00e9 pedig 12 sz\u00e1zal\u00e9kkal emelkedik.<br \/>\n    Varga Mih\u00e1ly hangs\u00falyozta, a munkan\u00e9lk\u00fclis\u00e9g az elm\u00falt 25 \u00e9vben m\u00e9g soha nem volt ennyire alacsony, amihez a Munkahelyv\u00e9delmi akci\u00f3, az Ifj\u00fas\u00e1gi garancia program \u00e9s a korm\u00e1nyzat tov\u00e1bbi foglalkoztat\u00e1spolitikai \u00e9s aktivit\u00e1st \u00f6szt\u00f6nz\u0151 int\u00e9zked\u00e9sei is hozz\u00e1j\u00e1rultak.(MTI)<\/p>\n","protected":false},"excerpt":{"rendered":"<p>A kedvez\u0151 gazdas\u00e1gi folyamatoknak \u00e9s a korm\u00e1ny int\u00e9zked\u00e9seinek k\u00f6sz\u00f6nhet\u0151en 741 ezerrel n\u0151tt a foglalkoztatottak sz\u00e1ma 2010 \u00f3ta, a versenyszektor 560-570 ezerrel n\u00f6velte a munkahelyek sz\u00e1m\u00e1t &#8211; mondta Varga Mih\u00e1ly nemzetgazdas\u00e1gi miniszter cs\u00fct\u00f6rt\u00f6k\u00f6n az M1 aktu\u00e1lis csatorn\u00e1n a K\u00f6zponti Statisztikai Hivatal (KSH) foglalkoztatotts\u00e1gi \u00e9s munkan\u00e9lk\u00fclis\u00e9gi adataira reag\u00e1lva.<\/p>\n","protected":false},"author":1,"featured_media":0,"comment_status":"closed","ping_status":"open","sticky":false,"template":"","format":"standard","meta":[],"categories":[19],"tags":[],"_links":{"self":[{"href":"https:\/\/gazdasagportal.hu\/index.php\/wp-json\/wp\/v2\/posts\/99226"}],"collection":[{"href":"https:\/\/gazdasagportal.hu\/index.php\/wp-json\/wp\/v2\/posts"}],"about":[{"href":"https:\/\/gazdasagportal.hu\/index.php\/wp-json\/wp\/v2\/types\/post"}],"author":[{"embeddable":true,"href":"https:\/\/gazdasagportal.hu\/index.php\/wp-json\/wp\/v2\/users\/1"}],"replies":[{"embeddable":true,"href":"https:\/\/gazdasagportal.hu\/index.php\/wp-json\/wp\/v2\/comments?post=99226"}],"version-history":[{"count":1,"href":"https:\/\/gazdasagportal.hu\/index.php\/wp-json\/wp\/v2\/posts\/99226\/revisions"}],"predecessor-version":[{"id":99227,"href":"https:\/\/gazdasagportal.hu\/index.php\/wp-json\/wp\/v2\/posts\/99226\/revisions\/99227"}],"wp:attachment":[{"href":"https:\/\/gazdasagportal.hu\/index.php\/wp-json\/wp\/v2\/media?parent=99226"}],"wp:term":[{"taxonomy":"category","embeddable":true,"href":"https:\/\/gazdasagportal.hu\/index.php\/wp-json\/wp\/v2\/categories?post=99226"},{"taxonomy":"post_tag","embeddable":true,"href":"https:\/\/gazdasagportal.hu\/index.php\/wp-json\/wp\/v2\/tags?post=99226"}],"curies":[{"name":"wp","href":"https:\/\/api.w.org\/{rel}","templated":true}]}}