{"id":99107,"date":"2017-10-22T20:55:46","date_gmt":"2017-10-22T18:55:46","guid":{"rendered":"http:\/\/gazdasagportal.hu\/?p=99107"},"modified":"2017-10-22T20:55:46","modified_gmt":"2017-10-22T18:55:46","slug":"szemtanuk-beszamoloja-szerint-tuszokat-ejtett-egy-fegyveres-ferfi-egy-angliai-szabadidokozpontban","status":"publish","type":"post","link":"https:\/\/gazdasagportal.hu\/index.php\/szemtanuk-beszamoloja-szerint-tuszokat-ejtett-egy-fegyveres-ferfi-egy-angliai-szabadidokozpontban\/","title":{"rendered":"Szemtan\u00fak besz\u00e1mol\u00f3ja szerint t\u00faszokat ejtett egy fegyveres f\u00e9rfi egy angliai szabadid\u0151k\u00f6zpontban"},"content":{"rendered":"<p><strong>Szemtan\u00fak besz\u00e1mol\u00f3ja szerint t\u00faszokat ejtett egy fegyveres f\u00e9rfi vas\u00e1rnap a k\u00f6z\u00e9p-angliai Nuneaton v\u00e1ros\u00e1nak egyik szabadid\u0151k\u00f6zpontj\u00e1ban.<\/strong><!--more--><\/p>\n<div class=\"ads-in-post1\"><div id=\"gazdasagportal.hu_fullbanner_wideboard\"><\/div>\r\n<\/div>\n<p>    A Birminghamt\u0151l keletre fekv\u0151 v\u00e1ros rend\u0151rs\u00e9ge a Twitter \u00fczen\u0151port\u00e1lon k\u00f6zz\u00e9tett t\u00e1j\u00e9koztat\u00e1s\u00e1ban vas\u00e1rnap este el\u0151sz\u00f6r csak annyit k\u00f6z\u00f6lt, hogy &#8222;folyamatban l\u00e9v\u0151 incidensr\u0151l&#8221; van sz\u00f3, nem sokkal k\u00e9s\u0151bb azonban ezt kieg\u00e9sz\u00edtette azzal, hogy az incidensnek nincs k\u00f6ze a terrorizmushoz.<br \/>\n    A rend\u0151rs\u00e9g k\u00e9rte a lakoss\u00e1got a helysz\u00edn elker\u00fcl\u00e9s\u00e9re.<br \/>\n    Szemtan\u00fakat id\u00e9z\u0151, hivatalosan nem meger\u0151s\u00edtett m\u00e9diabesz\u00e1mol\u00f3k szerint egy f\u00e9rfi egy pusk\u00e1val bement a bev\u00e1s\u00e1rl\u00f3- \u00e9s szabadid\u0151k\u00f6zpont bowling-p\u00e1ly\u00e1j\u00e1ra, \u00e9s ott \u00e1ll\u00edt\u00f3lag k\u00e9t alkalmazottat tart fogva.<br \/>\n<div class=\"ads-in-post2\"><script async src=\"https:\/\/pagead2.googlesyndication.com\/pagead\/js\/adsbygoogle.js\"><\/script>\r\n<ins class=\"adsbygoogle\"\r\n     style=\"display:block\"\r\n     data-ad-format=\"fluid\"\r\n     data-ad-layout-key=\"-6t+ed+2i-1n-4w\"\r\n     data-ad-client=\"ca-pub-1959107119989764\"\r\n     data-ad-slot=\"4008251320\"><\/ins>\r\n<script>\r\n     (adsbygoogle = window.adsbygoogle || []).push({});\r\n<\/script><\/div>\n    M\u00e1s besz\u00e1mol\u00f3k szerint viszont a felfegyverkezett f\u00e9rfi t\u00f6bbeket durva hangon, k\u00e1romkodva felsz\u00f3l\u00edtott, hogy hagyj\u00e1k el az \u00e9p\u00fcletet, \u00e9s sokan t\u00e1voztak is.<br \/>\n    Az egyik szemtan\u00fa a Sky News h\u00edrtelev\u00edzi\u00f3nak azt mondta: olyan \u00e9rtes\u00fcl\u00e9seket hallott, hogy az illet\u0151 el\u0151z\u0151leg \u00f6sszeveszett valakivel a szabadid\u0151k\u00f6zpont mozij\u00e1ban.<br \/>\n    A rend\u0151rs\u00e9g lez\u00e1rta a k\u00f6rny\u00e9ket, \u00e9s fegyveres rend\u0151ri egys\u00e9gek is megjelentek a helysz\u00ednen.<br \/>\n    A szabadid\u0151k\u00f6zpont k\u00f6zel\u00e9ben egy ment\u0151helikopter is lesz\u00e1llt, de nem sokkal k\u00e9s\u0151bb t\u00e1vozott.<br \/>\n    A ment\u0151szolg\u00e1lat besz\u00e1mol\u00f3ja szerint az incidensben eddig senki nem s\u00e9r\u00fclt meg.<br \/>\n    A Bermuda Park nev\u0171 k\u00f6zpontban \u00e9ttermek, mozik, \u00e1ruh\u00e1zak, edz\u0151termek \u00e9s gyermekeknek kialak\u00edtott j\u00e1tsz\u00f3helyek vannak.(MTI)<\/p>\n","protected":false},"excerpt":{"rendered":"<p>Szemtan\u00fak besz\u00e1mol\u00f3ja szerint t\u00faszokat ejtett egy fegyveres f\u00e9rfi vas\u00e1rnap a k\u00f6z\u00e9p-angliai Nuneaton v\u00e1ros\u00e1nak egyik szabadid\u0151k\u00f6zpontj\u00e1ban.<\/p>\n","protected":false},"author":1,"featured_media":0,"comment_status":"closed","ping_status":"open","sticky":false,"template":"","format":"standard","meta":[],"categories":[12],"tags":[],"_links":{"self":[{"href":"https:\/\/gazdasagportal.hu\/index.php\/wp-json\/wp\/v2\/posts\/99107"}],"collection":[{"href":"https:\/\/gazdasagportal.hu\/index.php\/wp-json\/wp\/v2\/posts"}],"about":[{"href":"https:\/\/gazdasagportal.hu\/index.php\/wp-json\/wp\/v2\/types\/post"}],"author":[{"embeddable":true,"href":"https:\/\/gazdasagportal.hu\/index.php\/wp-json\/wp\/v2\/users\/1"}],"replies":[{"embeddable":true,"href":"https:\/\/gazdasagportal.hu\/index.php\/wp-json\/wp\/v2\/comments?post=99107"}],"version-history":[{"count":1,"href":"https:\/\/gazdasagportal.hu\/index.php\/wp-json\/wp\/v2\/posts\/99107\/revisions"}],"predecessor-version":[{"id":99108,"href":"https:\/\/gazdasagportal.hu\/index.php\/wp-json\/wp\/v2\/posts\/99107\/revisions\/99108"}],"wp:attachment":[{"href":"https:\/\/gazdasagportal.hu\/index.php\/wp-json\/wp\/v2\/media?parent=99107"}],"wp:term":[{"taxonomy":"category","embeddable":true,"href":"https:\/\/gazdasagportal.hu\/index.php\/wp-json\/wp\/v2\/categories?post=99107"},{"taxonomy":"post_tag","embeddable":true,"href":"https:\/\/gazdasagportal.hu\/index.php\/wp-json\/wp\/v2\/tags?post=99107"}],"curies":[{"name":"wp","href":"https:\/\/api.w.org\/{rel}","templated":true}]}}