{"id":99089,"date":"2017-10-21T17:46:31","date_gmt":"2017-10-21T15:46:31","guid":{"rendered":"http:\/\/gazdasagportal.hu\/?p=99089"},"modified":"2017-10-21T17:46:31","modified_gmt":"2017-10-21T15:46:31","slug":"sziria-ujabb-varosbol-sikerult-kiuzni-az-iszlam-allamot","status":"publish","type":"post","link":"https:\/\/gazdasagportal.hu\/index.php\/sziria-ujabb-varosbol-sikerult-kiuzni-az-iszlam-allamot\/","title":{"rendered":"Sz\u00edria &#8211; \u00dajabb v\u00e1rosb\u00f3l siker\u00fclt ki\u0171zni az Iszl\u00e1m \u00c1llamot"},"content":{"rendered":"<p><strong>Ki\u0171zt\u00e9k a sz\u00edriai korm\u00e1nyer\u0151k az Iszl\u00e1m \u00c1llam terrorszervezet harcosait a Homsz tartom\u00e1nybeli El-Karjatein telep\u00fcl\u00e9sr\u0151l &#8211; jelentette szombaton a Sana hivatalos sz\u00edriai h\u00edr\u00fcgyn\u00f6ks\u00e9g.<\/strong><!--more--><\/p>\n<div class=\"ads-in-post1\"><div id=\"gazdasagportal.hu_fullbanner_wideboard\"><\/div>\r\n<\/div>\n<p>    A dzsihadist\u00e1k okt\u00f3ber elej\u00e9n foglalt\u00e1k el \u00fajra a sivatagos ter\u00fcleten fekv\u0151 v\u00e1rost, amely egykor a muszlimok \u00e9s kereszt\u00e9nyek b\u00e9k\u00e9s egy\u00fctt\u00e9l\u00e9s\u00e9nek jelk\u00e9pe volt.<br \/>\n    A t\u00f6bb fronton is harcol\u00f3 Iszl\u00e1m \u00c1llam az ut\u00f3bbi h\u00f3napokban sorra megh\u00e1tr\u00e1l\u00e1sra k\u00e9nyszer\u00fclt Sz\u00edri\u00e1ban \u00e9s a szomsz\u00e9dos Irakban is. Sz\u00edri\u00e1ban m\u00e1r csak egy kisebb sivatagos ter\u00fcletet tartanak ellen\u0151rz\u00e9s alatt Homsz \u00e9s Deir-ez-Z\u00f3r tartom\u00e1nyban.<br \/>\n<div class=\"ads-in-post2\"><script async src=\"https:\/\/pagead2.googlesyndication.com\/pagead\/js\/adsbygoogle.js\"><\/script>\r\n<ins class=\"adsbygoogle\"\r\n     style=\"display:block\"\r\n     data-ad-format=\"fluid\"\r\n     data-ad-layout-key=\"-6t+ed+2i-1n-4w\"\r\n     data-ad-client=\"ca-pub-1959107119989764\"\r\n     data-ad-slot=\"4008251320\"><\/ins>\r\n<script>\r\n     (adsbygoogle = window.adsbygoogle || []).push({});\r\n<\/script><\/div>\n    Az Iszl\u00e1m \u00c1llam 2015-ben foglalta el El-Karjateint, ahol a sz\u00e9ls\u0151s\u00e9gesek a kereszt\u00e9ny templomokat is feld\u00falt\u00e1k. 2016-ban elvesztett\u00e9k a v\u00e1rost, majd okt\u00f3ber elej\u00e9n ism\u00e9t hatalmukba ker\u00edtett\u00e9k, de m\u00e1r csak p\u00e1r napig voltak k\u00e9pesek megtartani.<br \/>\n    A 2011-ben kirobbant konfliktus el\u0151tt 30 ezres l\u00e9leksz\u00e1m\u00fa El-Karjatein egy csaknem ezerf\u0151s kereszt\u00e9ny k\u00f6z\u00f6ss\u00e9gnek is otthona volt egykor.(MTI)<\/p>\n","protected":false},"excerpt":{"rendered":"<p>Ki\u0171zt\u00e9k a sz\u00edriai korm\u00e1nyer\u0151k az Iszl\u00e1m \u00c1llam terrorszervezet harcosait a Homsz tartom\u00e1nybeli El-Karjatein telep\u00fcl\u00e9sr\u0151l &#8211; jelentette szombaton a Sana hivatalos sz\u00edriai h\u00edr\u00fcgyn\u00f6ks\u00e9g.<\/p>\n","protected":false},"author":1,"featured_media":0,"comment_status":"closed","ping_status":"open","sticky":false,"template":"","format":"standard","meta":[],"categories":[16],"tags":[],"_links":{"self":[{"href":"https:\/\/gazdasagportal.hu\/index.php\/wp-json\/wp\/v2\/posts\/99089"}],"collection":[{"href":"https:\/\/gazdasagportal.hu\/index.php\/wp-json\/wp\/v2\/posts"}],"about":[{"href":"https:\/\/gazdasagportal.hu\/index.php\/wp-json\/wp\/v2\/types\/post"}],"author":[{"embeddable":true,"href":"https:\/\/gazdasagportal.hu\/index.php\/wp-json\/wp\/v2\/users\/1"}],"replies":[{"embeddable":true,"href":"https:\/\/gazdasagportal.hu\/index.php\/wp-json\/wp\/v2\/comments?post=99089"}],"version-history":[{"count":1,"href":"https:\/\/gazdasagportal.hu\/index.php\/wp-json\/wp\/v2\/posts\/99089\/revisions"}],"predecessor-version":[{"id":99090,"href":"https:\/\/gazdasagportal.hu\/index.php\/wp-json\/wp\/v2\/posts\/99089\/revisions\/99090"}],"wp:attachment":[{"href":"https:\/\/gazdasagportal.hu\/index.php\/wp-json\/wp\/v2\/media?parent=99089"}],"wp:term":[{"taxonomy":"category","embeddable":true,"href":"https:\/\/gazdasagportal.hu\/index.php\/wp-json\/wp\/v2\/categories?post=99089"},{"taxonomy":"post_tag","embeddable":true,"href":"https:\/\/gazdasagportal.hu\/index.php\/wp-json\/wp\/v2\/tags?post=99089"}],"curies":[{"name":"wp","href":"https:\/\/api.w.org\/{rel}","templated":true}]}}