{"id":99083,"date":"2017-10-21T13:41:21","date_gmt":"2017-10-21T11:41:21","guid":{"rendered":"http:\/\/gazdasagportal.hu\/?p=99083"},"modified":"2017-10-21T09:12:19","modified_gmt":"2017-10-21T07:12:19","slug":"eu-csucsbrexit-londoni-strategiai-elemzok-a-tovabblepesrol-szolo-decemberi-megallapodas-a-legvaloszinubb","status":"publish","type":"post","link":"https:\/\/gazdasagportal.hu\/index.php\/eu-csucsbrexit-londoni-strategiai-elemzok-a-tovabblepesrol-szolo-decemberi-megallapodas-a-legvaloszinubb\/","title":{"rendered":"EU-cs\u00facs\/Brexit &#8211; Londoni strat\u00e9giai elemz\u0151k: a tov\u00e1bbl\u00e9p\u00e9sr\u0151l sz\u00f3l\u00f3 decemberi meg\u00e1llapod\u00e1s a legval\u00f3sz\u00edn\u0171bb"},"content":{"rendered":"<p><strong>Londoni strat\u00e9giai elemz\u0151k szerint a Brexitr\u0151l, vagyis a brit EU-tags\u00e1g megsz\u0171n\u00e9s\u00e9r\u0151l foly\u00f3 t\u00e1rgyal\u00e1ssorozat legval\u00f3sz\u00edn\u0171bb tov\u00e1bbi forgat\u00f3k\u00f6nyve az, hogy a decemberi EU-cs\u00facson siker\u00fcl meg\u00e1llapodni a j\u00f6v\u0151beni kereskedelmi kapcsolatrendszerr\u0151l sz\u00f3l\u00f3 m\u00e1sodik t\u00e1rgyal\u00e1si szakasz elkezd\u00e9s\u00e9r\u0151l.<\/strong><!--more--><\/p>\n<div class=\"ads-in-post1\"><div id=\"gazdasagportal.hu_fullbanner_wideboard\"><\/div>\r\n<\/div>\n<p>    Az Eurasia Group nev\u0171 glob\u00e1lis gazdas\u00e1gi-politikai kock\u00e1zatelemz\u0151 csoport londoni r\u00e9szleg\u00e9nek szak\u00e9rt\u0151i p\u00e9nteki el\u0151rejelz\u00e9s\u00fckben 55 sz\u00e1zal\u00e9kra taks\u00e1lt\u00e1k annak az es\u00e9ly\u00e9t, hogy a december 14-15-\u00e9n esed\u00e9kes \u00e9vz\u00e1r\u00f3 EU-cs\u00facson megegyez\u00e9s sz\u00fcletik a tov\u00e1bbl\u00e9p\u00e9sr\u0151l a brit korm\u00e1ny \u00e9s az uni\u00f3ban marad\u00f3 27 orsz\u00e1g vezet\u0151i k\u00f6z\u00f6tt.<br \/>\n    London kor\u00e1bban azt szerette volna, hogy m\u00e1r a mostani EU-cs\u00facs\u00e9rtekezlet d\u00f6nts\u00f6n a Brexit ut\u00e1ni kapcsolatrendszerr\u0151l &#8211; mindenekel\u0151tt a majdani kereskedelmi kapcsolatokr\u00f3l sz\u00f3l\u00f3 &#8211; m\u00e1sodik t\u00e1rgyal\u00e1si szakasz elkezd\u00e9s\u00e9r\u0151l, \u00e1m a 27-ek p\u00e9nteken arra a k\u00f6z\u00f6s \u00e1ll\u00e1spontra jutottak, hogy a kil\u00e9p\u00e9si felt\u00e9tekr\u0151l foly\u00f3 jelenlegi, els\u0151 t\u00e1rgyal\u00e1si szakaszban ehhez eddig nem siker\u00fclt megfelel\u0151 el\u0151rel\u00e9p\u00e9st el\u00e9rni.<br \/>\n    Az Eurasia londoni elemz\u0151i szerint Theresa May brit minisztereln\u00f6knek saj\u00e1t politikai h\u00e1torsz\u00e1g\u00e1n bel\u00fcl k\u00e9t egym\u00e1ssal vet\u00e9lked\u0151 frakci\u00f3 k\u00f6z\u00f6tt kellene megtal\u00e1lnia a tov\u00e1bbl\u00e9p\u00e9shez sz\u00fcks\u00e9ges k\u00f6z\u00e9putat. Az egyik a korm\u00e1nyz\u00f3 Konzervat\u00edv P\u00e1rt kem\u00e9nyvonalas Brexit-t\u00e1bora, amelynek k\u00e9pvisel\u0151i arra igyekeznek r\u00e1szor\u00edtani a korm\u00e1nyf\u0151t, hogy hagyja ott az EU-val folytatott t\u00e1rgyal\u00e1sokat, \u00e9s ink\u00e1bb arra k\u00e9sz\u00fclj\u00f6n fel, hogy nem lesz meg\u00e1llapod\u00e1s a kil\u00e9p\u00e9s ut\u00e1ni kapcsolatrendszerr\u0151l, a m\u00e1sik a konzervat\u00edvok EU-p\u00e1rti t\u00e1bora, amelynek tagjai a t\u00e1rgyal\u00e1sok meg\u00e1llapod\u00e1s n\u00e9lk\u00fcli befejez\u00e9s\u00e9nek elutas\u00edt\u00e1s\u00e1ra mozg\u00f3s\u00edtan\u00e1k a londoni parlamentet.<br \/>\n<div class=\"ads-in-post2\"><script async src=\"https:\/\/pagead2.googlesyndication.com\/pagead\/js\/adsbygoogle.js\"><\/script>\r\n<ins class=\"adsbygoogle\"\r\n     style=\"display:block\"\r\n     data-ad-format=\"fluid\"\r\n     data-ad-layout-key=\"-6t+ed+2i-1n-4w\"\r\n     data-ad-client=\"ca-pub-1959107119989764\"\r\n     data-ad-slot=\"4008251320\"><\/ins>\r\n<script>\r\n     (adsbygoogle = window.adsbygoogle || []).push({});\r\n<\/script><\/div>\n    Ebben a helyzetben Theresa May eddig k\u00e9ptelen volt arra, hogy engedm\u00e9nyeket aj\u00e1nljon fel a meg\u00e1llapod\u00e1s fej\u00e9ben, de a t\u00e1rgyal\u00e1sok el\u0151mozd\u00edt\u00e1sa \u00e9rdek\u00e9ben m\u00e9gis erre fog k\u00e9nyszer\u00fclni. Ennek egyik megnyilv\u00e1nul\u00e1sa az Eurasia Group londoni elemz\u0151i szerint az lesz, hogy a brit korm\u00e1ny jogi \u00e9rtelemben elismeri az Eur\u00f3pai Uni\u00f3val szemben fenn\u00e1ll\u00f3, a Brexit ut\u00e1ni id\u0151szakra sz\u00f3l\u00f3 p\u00e9nz\u00fcgyi k\u00f6telezetts\u00e9geit.<br \/>\n    A h\u00e1z szerint ezt megk\u00f6nny\u00edti Theresa May sz\u00e1m\u00e1ra, hogy az EU jelenleg nem t\u00f6rekszik meg\u00e1llapod\u00e1sra a vele szembeni brit p\u00e9nz\u00fcgyi k\u00f6telezetts\u00e9gek konkr\u00e9t \u00f6sszeg\u00e9r\u0151l, ehelyett a k\u00e9t f\u00e9l minden bizonnyal &#8222;kosarakr\u00f3l&#8221; fog meg\u00e1llapodni, vagyis arr\u00f3l, hogy a &#8222;v\u00e1l\u00e1si sz\u00e1ml\u00e1ra&#8221; az egyes kateg\u00f3ri\u00e1kon bel\u00fcl milyen t\u00e9telek ker\u00fcljenek fel, de \u00f6sszegszer\u0171s\u00e9gr\u0151l egyel\u0151re nem esne sz\u00f3.<br \/>\n    Az Eurasia elemz\u0151inek m\u00e1sodik, kev\u00e9sb\u00e9 kedvez\u0151 forgat\u00f3k\u00f6nyve szerint azonban nem elhanyagolhat\u00f3 az es\u00e9lye annak sem, hogy Theresa Mayt m\u00e9g kar\u00e1csony el\u0151tt megbuktatj\u00e1k. A korm\u00e1nyf\u0151 helyzete &#8211; mi\u00f3ta a konzervat\u00edvok a j\u00faniusi el\u0151rehozott v\u00e1laszt\u00e1sokon addigi csek\u00e9ly als\u00f3h\u00e1zi t\u00f6bbs\u00e9g\u00fcket is elvesz\u00edtett\u00e9k &#8211; meglehet\u0151sen ingatag, a p\u00e1rt m\u00falt havi \u00e9ves kongresszus\u00e1n pedig a minisztereln\u00f6k &#8222;katasztrof\u00e1lisan&#8221; szerepelt, \u00e9s a tory padsorokban az\u00f3ta felhangosodott az az addig is hallhat\u00f3 sz\u00f3besz\u00e9d, hogy May m\u00e1r nem lesz k\u00e9pes visszanyerni a p\u00e1rt ir\u00e1ny\u00edt\u00e1s\u00e1t.<br \/>\n    Az Eurasia szak\u00e9rt\u0151i szerint ha May az EU-t\u00e1rgyal\u00e1sokon &#8211; f\u0151leg a p\u00e9nz\u00fcgyi k\u00f6telezetts\u00e9gek ter\u00fclet\u00e9n &#8211; t\u00fal sokat enged, vagy olyan meg\u00e1llapod\u00e1st szorgalmaz, amelynek alapj\u00e1n Nagy-Britannia gazdas\u00e1gi \u00e9s szab\u00e1lyoz\u00e1si \u00e9rtelemben &#8222;t\u00fal k\u00f6zel&#8221; maradna az EU-hoz, akkor k\u00f6nnyen megbuktathatj\u00e1k.<br \/>\n    P\u00e9nteki tanulm\u00e1ny\u00e1ban az Eurasia Group ennek a forgat\u00f3k\u00f6nyvnek 35 sz\u00e1zal\u00e9kos megval\u00f3sul\u00e1si es\u00e9lyt ad.<br \/>\n    A h\u00e1z elemz\u0151i szerint a Brexit-p\u00e1rti tory t\u00e1bor csak az\u00e9rt t\u00e1mogatja m\u00e9g mindig Theresa Mayt, mert meggy\u0151z\u0151d\u00e9se, hogy a korm\u00e1nyf\u0151 a kem\u00e9ny Brexitet fogja megval\u00f3s\u00edtani, vagyis a teljes k\u00f6r\u0171 int\u00e9zm\u00e9nyes szak\u00edt\u00e1st az EU-val. Ha ez a t\u00e1bor valamilyen enyh\u00e9bb, k\u00f6ztes megold\u00e1s fel\u00e9 ir\u00e1nyul\u00f3 strat\u00e9gi\u00e1t kezd \u00e9rz\u00e9kelni, akkor megn\u00f6vekszik a val\u00f3sz\u00edn\u0171s\u00e9ge, hogy megbuktatj\u00e1k Theresa Mayt.<br \/>\n    Az Eurasia harmadik forgat\u00f3k\u00f6nyv-v\u00e1ltozata a kil\u00e9p\u00e9si t\u00e1rgyal\u00e1sok \u00f6sszeoml\u00e1sa \u00e9s az el\u0151k\u00e9sz\u00fcletek elind\u00edt\u00e1sa a meg\u00e1llapod\u00e1s n\u00e9lk\u00fcli kil\u00e9p\u00e9sre. A c\u00e9g erre a kimenetelre 10 sz\u00e1zal\u00e9k es\u00e9lyt ad.<br \/>\n    A tanulm\u00e1ny szerint e v\u00e9gkifejlet el\u0151id\u00e9z\u0151i k\u00f6z\u00f6tt lehet egyebek mellett az, hogy a brit korm\u00e1ny regisztr\u00e1ci\u00f3s rendszert akar bevezetni a Nagy-Britanni\u00e1ban \u00e9l\u0151 k\u00fclf\u00f6ldi EU-\u00e1llampolg\u00e1rok sz\u00e1m\u00e1ra, \u00e9s harmadik orsz\u00e1gokkal k\u00edv\u00e1n kereskedelmi meg\u00e1llapod\u00e1sokat k\u00f6tni, mik\u00f6zben az EU-val is szabadkereskedelmi egyezm\u00e9nyre t\u00f6rekszik.<br \/>\n    Az Eurasia szerint az EU-ban marad\u00f3 27 tagorsz\u00e1g ezt nem veszi j\u00f3n\u00e9ven, \u00e9s ha e k\u00e9rt k\u00e9rd\u00e9sben nincs el\u0151rel\u00e9p\u00e9s, akkor a decemberi EU-cs\u00facsig aligha lehet meggy\u0151z\u0151 halad\u00e1st el\u00e9rni a kil\u00e9p\u00e9si felt\u00e9telekr\u0151l sz\u00f3l\u00f3 t\u00e1rgyal\u00e1sokon.(MTI)<\/p>\n","protected":false},"excerpt":{"rendered":"<p>Londoni strat\u00e9giai elemz\u0151k szerint a Brexitr\u0151l, vagyis a brit EU-tags\u00e1g megsz\u0171n\u00e9s\u00e9r\u0151l foly\u00f3 t\u00e1rgyal\u00e1ssorozat legval\u00f3sz\u00edn\u0171bb tov\u00e1bbi forgat\u00f3k\u00f6nyve az, hogy a decemberi EU-cs\u00facson siker\u00fcl meg\u00e1llapodni a j\u00f6v\u0151beni kereskedelmi kapcsolatrendszerr\u0151l sz\u00f3l\u00f3 m\u00e1sodik t\u00e1rgyal\u00e1si szakasz elkezd\u00e9s\u00e9r\u0151l.<\/p>\n","protected":false},"author":1,"featured_media":0,"comment_status":"closed","ping_status":"open","sticky":false,"template":"","format":"standard","meta":[],"categories":[12],"tags":[],"_links":{"self":[{"href":"https:\/\/gazdasagportal.hu\/index.php\/wp-json\/wp\/v2\/posts\/99083"}],"collection":[{"href":"https:\/\/gazdasagportal.hu\/index.php\/wp-json\/wp\/v2\/posts"}],"about":[{"href":"https:\/\/gazdasagportal.hu\/index.php\/wp-json\/wp\/v2\/types\/post"}],"author":[{"embeddable":true,"href":"https:\/\/gazdasagportal.hu\/index.php\/wp-json\/wp\/v2\/users\/1"}],"replies":[{"embeddable":true,"href":"https:\/\/gazdasagportal.hu\/index.php\/wp-json\/wp\/v2\/comments?post=99083"}],"version-history":[{"count":1,"href":"https:\/\/gazdasagportal.hu\/index.php\/wp-json\/wp\/v2\/posts\/99083\/revisions"}],"predecessor-version":[{"id":99084,"href":"https:\/\/gazdasagportal.hu\/index.php\/wp-json\/wp\/v2\/posts\/99083\/revisions\/99084"}],"wp:attachment":[{"href":"https:\/\/gazdasagportal.hu\/index.php\/wp-json\/wp\/v2\/media?parent=99083"}],"wp:term":[{"taxonomy":"category","embeddable":true,"href":"https:\/\/gazdasagportal.hu\/index.php\/wp-json\/wp\/v2\/categories?post=99083"},{"taxonomy":"post_tag","embeddable":true,"href":"https:\/\/gazdasagportal.hu\/index.php\/wp-json\/wp\/v2\/tags?post=99083"}],"curies":[{"name":"wp","href":"https:\/\/api.w.org\/{rel}","templated":true}]}}