{"id":9908,"date":"2013-06-14T08:06:59","date_gmt":"2013-06-14T06:06:59","guid":{"rendered":"http:\/\/stockportal.hu\/?p=9908"},"modified":"2013-09-01T10:28:11","modified_gmt":"2013-09-01T08:28:11","slug":"sziria-obama-a-sziriai-felkelok-katonai-tamogatasa-mellett-dontott","status":"publish","type":"post","link":"https:\/\/gazdasagportal.hu\/index.php\/sziria-obama-a-sziriai-felkelok-katonai-tamogatasa-mellett-dontott\/","title":{"rendered":"Sz\u00edria &#8211; Obama a sz\u00edriai felkel\u0151k katonai t\u00e1mogat\u00e1sa mellett d\u00f6nt\u00f6tt"},"content":{"rendered":"<p><strong>Barack Obama amerikai eln\u00f6k a Bass\u00e1r el-Aszad rendszere ellen harcol\u00f3 sz\u00edriai felkel\u0151knek ny\u00fajtand\u00f3 katonai t\u00e1mogat\u00e1s mellett d\u00f6nt\u00f6tt &#8211; k\u00f6z\u00f6lte cs\u00fct\u00f6rt\u00f6k\u00f6n a Feh\u00e9r H\u00e1z.<!--more--><\/strong><\/p>\n<p>Az eln\u00f6k \u00fagy d\u00f6nt\u00f6tt, hogy nagyobb t\u00e1mogat\u00e1st ny\u00fajt az ellenz\u00e9knek, ami mag\u00e1ban foglalja a Legfels\u0151bb Katonai Tan\u00e1csnak ny\u00fajtand\u00f3 k\u00f6zvetlen t\u00e1mogat\u00e1st, ide \u00e9rtve a katonai t\u00e1mogat\u00e1st is &#8211; fejtette ki Ben Rhodes, az eln\u00f6k nemzetbiztons\u00e1gi tan\u00e1csad\u00f3j\u00e1nak strat\u00e9giai kommunik\u00e1ci\u00f3\u00e9rt felel\u0151s helyettese.<br \/>\n&#8222;Ez mind hat\u00e1ly\u00e1ban, mind pedig m\u00e9rt\u00e9k\u00e9ben el fog t\u00e9rni att\u00f3l, amit eddig a Legfels\u0151bb Katonai Tan\u00e1csnak ny\u00fajtottunk&#8221; &#8211; tette hozz\u00e1.<br \/>\nA Legfels\u0151bb Katonai Tan\u00e1cs a sz\u00edriai ellenz\u00e9ki vezet\u0151 polg\u00e1ri csoportj\u00e1nak katonai sz\u00e1rnya.<br \/>\nA helyettes nemzetbiztons\u00e1gi tan\u00e1csad\u00f3 szerint Washington a tov\u00e1bbi l\u00e9p\u00e9sekr\u0151l a j\u00f6v\u0151 h\u00e9ten \u00c9szak-\u00cdrorsz\u00e1gban konzult\u00e1lni akar Oroszorsz\u00e1ggal, a G8-csoporttal \u00e9s az ENSZ-szel is.<br \/>\n&#8222;Oroszorsz\u00e1got \u00e9s a nemzetk\u00f6zi k\u00f6z\u00f6ss\u00e9g minden tagj\u00e1t aggodalommal kell elt\u00f6ltenie annak, hogy vegyi fegyvereket alkalmaznak&#8221; &#8211; mondta Rhodes.<br \/>\nAz Egyes\u00fclt \u00c1llamok ugyan r\u00e9szt akar venni azon a genfi konferenci\u00e1n, amely a sz\u00edriai konfliktus rendez\u00e9s\u00e9r\u0151l fog sz\u00f3lni, de nincsenek ill\u00fazi\u00f3i &#8211; tette hozz\u00e1.<br \/>\nRhodes nem bocs\u00e1tkozott r\u00e9szletekbe a katonai seg\u00edts\u00e9gny\u00fajt\u00e1s m\u00f3dj\u00e1val kapcsolatban, de azt elmondta, hogy egy esetleges rep\u00fcl\u00e9stilalmi \u00f6vezet l\u00e9trehoz\u00e1s\u00e1r\u00f3l egyel\u0151re nem sz\u00fcletett d\u00f6nt\u00e9s.<br \/>\nA katonai t\u00e1mogat\u00e1sr\u00f3l sz\u00f3l\u00f3 bejelent\u00e9st megel\u0151z\u0151en a Feh\u00e9r H\u00e1z k\u00f6z\u00f6lte: az Egyes\u00fclt \u00c1llamok meggy\u0151z\u0151 bizony\u00edt\u00e9kok alapj\u00e1n arra a meg\u00e1llap\u00edt\u00e1sra jutott, hogy az Aszad-rezsim t\u00f6bb alkalommal kisebb mennyis\u00e9gben vegyi fegyvert vetett be a felkel\u0151k ellen. Az egyebek k\u00f6z\u00f6tt szarin idegg\u00e1zzal v\u00e9grehajtott t\u00e1mad\u00e1soknak 100-150 ember eshetett \u00e1ldozatul. Washington szerint nincs r\u00e1 bizony\u00edt\u00e9k, hogy a felkel\u0151k is rendelkezn\u00e9nek vegyi fegyverrel.<br \/>\nAz amerikai vezet\u00e9st v\u00e9g\u00fcl a Franciaorsz\u00e1g \u00e1ltal rendelkez\u00e9sre bocs\u00e1tott bizony\u00edt\u00e9kok gy\u0151zt\u00e9k meg v\u00e9g\u00e9rv\u00e9nyesen. P\u00e1rizs \u00e9s London m\u00e1r kor\u00e1bban hangoztatta, hogy meggy\u0151z\u0151d\u00f6tt a Sz\u00edria \u00e1ltali vegyifegyver-haszn\u00e1lat megt\u00f6rt\u00e9nt\u00e9r\u0151l. A bizonyoss\u00e1gr\u00f3l a Feh\u00e9r H\u00e1z t\u00e1j\u00e9koztatta a kongresszust.<br \/>\nA vegyifegyver-bevet\u00e9ssel a sz\u00edriai korm\u00e1nyer\u0151k \u00e1tl\u00e9pt\u00e9k azt a hat\u00e1rt, amelyet Obama h\u00fazott meg. Az eln\u00f6k kil\u00e1t\u00e1sba helyezte, hogy ha ez megt\u00f6rt\u00e9nik, akkor komoly v\u00e1laszl\u00e9p\u00e9sek v\u00e1rhat\u00f3k.<br \/>\nAz ENSZ emberi jogi f\u0151biztoss\u00e1g\u00e1nak friss k\u00f6zlem\u00e9nye szerint a sz\u00edriai polg\u00e1rh\u00e1bor\u00faban &#8211; 2011. m\u00e1rciusi kezdete \u00f3ta &#8211; t\u00f6bb mint 93 ezer embert, k\u00f6zt\u00fck 6500 gyereket \u00f6ltek meg. (MTI)<\/p>\n","protected":false},"excerpt":{"rendered":"<p>Barack Obama amerikai eln\u00f6k a Bass\u00e1r el-Aszad rendszere ellen harcol\u00f3 sz\u00edriai felkel\u0151knek ny\u00fajtand\u00f3 katonai t\u00e1mogat\u00e1s mellett d\u00f6nt\u00f6tt &#8211; k\u00f6z\u00f6lte cs\u00fct\u00f6rt\u00f6k\u00f6n a Feh\u00e9r H\u00e1z.<\/p>\n","protected":false},"author":1,"featured_media":1344,"comment_status":"open","ping_status":"closed","sticky":false,"template":"","format":"standard","meta":[],"categories":[16,116],"tags":[],"_links":{"self":[{"href":"https:\/\/gazdasagportal.hu\/index.php\/wp-json\/wp\/v2\/posts\/9908"}],"collection":[{"href":"https:\/\/gazdasagportal.hu\/index.php\/wp-json\/wp\/v2\/posts"}],"about":[{"href":"https:\/\/gazdasagportal.hu\/index.php\/wp-json\/wp\/v2\/types\/post"}],"author":[{"embeddable":true,"href":"https:\/\/gazdasagportal.hu\/index.php\/wp-json\/wp\/v2\/users\/1"}],"replies":[{"embeddable":true,"href":"https:\/\/gazdasagportal.hu\/index.php\/wp-json\/wp\/v2\/comments?post=9908"}],"version-history":[{"count":3,"href":"https:\/\/gazdasagportal.hu\/index.php\/wp-json\/wp\/v2\/posts\/9908\/revisions"}],"predecessor-version":[{"id":9910,"href":"https:\/\/gazdasagportal.hu\/index.php\/wp-json\/wp\/v2\/posts\/9908\/revisions\/9910"}],"wp:featuredmedia":[{"embeddable":true,"href":"https:\/\/gazdasagportal.hu\/index.php\/wp-json\/wp\/v2\/media\/1344"}],"wp:attachment":[{"href":"https:\/\/gazdasagportal.hu\/index.php\/wp-json\/wp\/v2\/media?parent=9908"}],"wp:term":[{"taxonomy":"category","embeddable":true,"href":"https:\/\/gazdasagportal.hu\/index.php\/wp-json\/wp\/v2\/categories?post=9908"},{"taxonomy":"post_tag","embeddable":true,"href":"https:\/\/gazdasagportal.hu\/index.php\/wp-json\/wp\/v2\/tags?post=9908"}],"curies":[{"name":"wp","href":"https:\/\/api.w.org\/{rel}","templated":true}]}}