{"id":99079,"date":"2017-10-21T10:33:59","date_gmt":"2017-10-21T08:33:59","guid":{"rendered":"http:\/\/gazdasagportal.hu\/?p=99079"},"modified":"2017-10-21T09:06:49","modified_gmt":"2017-10-21T07:06:49","slug":"hitelminosites-nem-vizsgalta-magyarorszag-adososztalyzatat-a-moodys-2","status":"publish","type":"post","link":"https:\/\/gazdasagportal.hu\/index.php\/hitelminosites-nem-vizsgalta-magyarorszag-adososztalyzatat-a-moodys-2\/","title":{"rendered":"Hitelmin\u0151s\u00edt\u00e9s &#8211; Nem vizsg\u00e1lta Magyarorsz\u00e1g ad\u00f3soszt\u00e1lyzat\u00e1t a Moody&#8217;s"},"content":{"rendered":"<p><strong>Nem vizsg\u00e1lta Magyarorsz\u00e1g \u00e1llamad\u00f3s-besorol\u00e1s\u00e1t a Moody&#8217;s Investors Service, \u00edgy a p\u00e9ntek \u00e9jszak\u00e1ra kit\u0171z\u00f6tt id\u0151pontban nem jelentett be m\u00f3dos\u00edt\u00e1st sem az oszt\u00e1lyzatra, sem annak kil\u00e1t\u00e1s\u00e1ra.<\/strong><!--more--><\/p>\n<div class=\"ads-in-post1\"><div id=\"gazdasagportal.hu_fullbanner_wideboard\"><\/div>\r\n<\/div>\n<p>    A hitelmin\u0151s\u00edt\u0151 list\u00e1j\u00e1n Magyarorsz\u00e1g ad\u00f3soszt\u00e1lyzata \u00edgy tov\u00e1bbra is befektet\u00e9si aj\u00e1nl\u00e1s\u00fa &#8222;Baa3&#8221;, stabil kil\u00e1t\u00e1ssal.<br \/>\n    A c\u00e9g \u00e1ltal \u00e9rv\u00e9nyben tartott magyar szuver\u00e9n besorol\u00e1s a befektet\u00e9sre aj\u00e1nlott kateg\u00f3ria alapszintje, \u00e9s azonos a m\u00e1sik k\u00e9t nagy hitelmin\u0151s\u00edt\u0151, a Standard &#038; Poor&#8217;s \u00e9s a Fitch Ratings &#8222;BBB m\u00ednusz&#8221; szint\u0171 magyar \u00e1llamad\u00f3s-oszt\u00e1lyzat\u00e1val.<br \/>\n    A Moody&#8217;s az Eur\u00f3pai Uni\u00f3 el\u0151\u00edr\u00e1sainak megfelel\u0151en el\u0151re \u00f6ssze\u00e1ll\u00edtotta az eur\u00f3pai szuver\u00e9n ad\u00f3sbesorol\u00e1sok \u00e1ttekint\u00e9s\u00e9nek idei menetrendj\u00e9t, \u00e9s a magyar szuver\u00e9n oszt\u00e1lyzat idei harmadik, egyben utols\u00f3 potenci\u00e1lis fel\u00fclvizsg\u00e1lati id\u0151pontj\u00e1t p\u00e9ntekre t\u0171zte ki.<br \/>\n    P\u00e9ntek \u00e9jjel Londonban k\u00f6z\u00f6lte mindazon\u00e1ltal, hogy &#8211; a m\u00e1rciusi els\u0151 \u00e9s a j\u00faliusi m\u00e1sodik id\u0151ponthoz hasonl\u00f3an &#8211; most sem friss\u00edtette a magyar \u00e1llamad\u00f3s-besorol\u00e1st.<br \/>\n    A Moody&#8217;s \u00e9s a Standard &#038; Poor&#8217;s az id\u00e9n m\u00e1r nem vizsg\u00e1lja a magyar szuver\u00e9n oszt\u00e1lyzatot.<br \/>\n    Magyarorsz\u00e1g hitelmin\u0151s\u00edt\u0151i vizsg\u00e1latainak 2017-re \u00f6ssze\u00e1ll\u00edtott menetrendj\u00e9t a Fitch Ratings z\u00e1rja, amely november 10-\u00e9re t\u0171zte ki a magyar \u00e1llamad\u00f3s-besorol\u00e1s idei utols\u00f3 elb\u00edr\u00e1l\u00e1s\u00e1t.<br \/>\n    A Moody&#8217;s tavaly november 4-\u00e9n emelte vissza a befektet\u00e9si aj\u00e1nl\u00e1s\u00fa kateg\u00f3ri\u00e1ba a magyar \u00e1llamad\u00f3s-oszt\u00e1lyzatot, egyebek mellett azzal a v\u00e9lem\u00e9ny\u00e9vel indokolva a l\u00e9p\u00e9st, hogy a magyar szuver\u00e9n ad\u00f3ss\u00e1g\u00e1llom\u00e1ny szerkezet\u00e9nek javul\u00e1sa cs\u00f6kkentette a magyar gazdas\u00e1g k\u00fcls\u0151 s\u00e9r\u00fcl\u00e9kenys\u00e9g\u00e9t.<br \/>\n    A Standard &#038; Poor&#8217;s tavaly szeptemberben, a Fitch Ratings tavaly m\u00e1jusban sorolta \u00e1t a befektet\u00e9si aj\u00e1nl\u00e1s\u00fa oszt\u00e1lyzati s\u00e1vba a magyar \u00e1llamad\u00f3ss\u00e1got.<br \/>\n    A Standard &#038; Poor&#8217;s &#8211; egyed\u00fclik\u00e9nt a h\u00e1rom nagy c\u00e9g k\u00f6z\u00fcl &#8211; augusztus \u00f3ta \u00fajabb felmin\u0151s\u00edt\u00e9s lehet\u0151s\u00e9g\u00e9re utal\u00f3 pozit\u00edv kil\u00e1t\u00e1st tart \u00e9rv\u00e9nyben a magyar \u00e1llamad\u00f3s-oszt\u00e1lyzatra. Az S&#038;P az augusztus 25-ei fel\u00fclvizsg\u00e1lati id\u0151pontban jav\u00edtotta pozit\u00edvra a kil\u00e1t\u00e1st az addigi stabilr\u00f3l, mindenekel\u0151tt azzal a v\u00e1rakoz\u00e1s\u00e1val indokolva a d\u00f6nt\u00e9st, hogy a magyar re\u00e1lgazdas\u00e1gi \u00e9s k\u00fcls\u0151 fizet\u00e9si m\u00e9r\u0151sz\u00e1mok javul\u00e1sa el\u0151seg\u00edtheti a p\u00e9nz\u00fcgyi szektorban zajl\u00f3 javul\u00e1si folyamat folytat\u00f3d\u00e1s\u00e1t.<br \/>\n    A h\u00e9ten a Moody&#8217;s t\u00f6bb pozit\u00edv hitelmin\u0151s\u00edt\u0151i l\u00e9p\u00e9st is v\u00e9grehajtott a magyar bankszektorban.<br \/>\n    Cs\u00fct\u00f6rt\u00f6k\u00f6n az OTP Bank hossz\u00fa \u00e9s r\u00f6vid lek\u00f6t\u00e9s\u0171 forintbet\u00e9t-\u00e1llom\u00e1ny\u00e1nak oszt\u00e1lyzat\u00e1t az addigi &#8222;Baa3\/Prime-3&#8221;-r\u00f3l egy fokozattal &#8222;Baa2\/Prime-2&#8221;-re emelte, egyidej\u0171leg a bank alapszint\u0171 ad\u00f3smin\u0151s\u00e9g-\u00e9rt\u00e9kel\u00e9s\u00e9nek (baseline credit assessment, BCA) mutat\u00f3j\u00e1t &#8222;ba2&#8221;-r\u0151l szint\u00e9n egy fokozattal &#8222;ba1&#8221;-re jav\u00edtotta.<br \/>\n    A Moody&#8217;s a d\u00f6nt\u00e9st els\u0151sorban a p\u00e9nzint\u00e9zet eszk\u00f6zmin\u0151s\u00e9g\u00e9nek \u00e9s nyeres\u00e9gess\u00e9g\u00e9nek javul\u00e1s\u00e1val, valamint a megfelel\u0151 t\u0151kehelyzettel \u00e9s a j\u00f3 finansz\u00edroz\u00e1si profillal indokolta.<br \/>\n    A hitelmin\u0151s\u00edt\u0151 &#8222;Ba1&#8221;-r\u0151l &#8222;Baa3&#8221;-ra jav\u00edtotta az OTP Jelz\u00e1logbank kibocs\u00e1t\u00f3i min\u0151s\u00edt\u00e9s\u00e9t, az anyav\u00e1llalat oszt\u00e1lyzatjav\u00edt\u00e1s\u00e1val indokolva a l\u00e9p\u00e9st.<br \/>\n    A Moody&#8217;s p\u00e9nteken a K and H Bank hossz\u00fa \u00e9s r\u00f6vidt\u00e1v\u00fa, forintban \u00e9s deviz\u00e1ban elhelyezett bet\u00e9t\u00e1llom\u00e1ny\u00e1nak oszt\u00e1lyzatait jav\u00edtotta az eddigi &#8222;Ba1\/Not Prime&#8221;-r\u00f3l egy fokozattal &#8222;Baa3\/Prime-3&#8221;-ra, egyidej\u0171leg a bank BCA-mutat\u00f3j\u00e1t &#8222;b1&#8221;-r\u0151l &#8222;ba3&#8221;-ra, a kiigaz\u00edtott BCA-min\u0151s\u00edt\u00e9st ba2-r\u0151l ba1-re emelte, a K and H hossz\u00fa t\u00e1v\u00fa forintbet\u00e9t-besorol\u00e1s\u00e1nak kil\u00e1t\u00e1s\u00e1t pedig stabilr\u00f3l pozit\u00edvra jav\u00edtotta.<br \/>\n    A Moody&#8217;s mindenekel\u0151tt a K and H eszk\u00f6zmin\u0151s\u00e9g\u00e9nek, t\u0151kehelyzet\u00e9nek \u00e9s nyeres\u00e9gess\u00e9g\u00e9nek javul\u00e1s\u00e1val indokolta e min\u0151s\u00edt\u00e9si l\u00e9p\u00e9seket.<br \/>\n    A hitelmin\u0151s\u00edt\u0151 tavaly j\u00faniusban pozit\u00edvra jav\u00edtotta a magyar bankrendszer eg\u00e9sz\u00e9re adott kil\u00e1t\u00e1s\u00e1t is. E pozit\u00edv kil\u00e1t\u00e1st a m\u00falt h\u00f3nap v\u00e9g\u00e9n meger\u0151s\u00edtette, \u00e9s ehhez f\u0171z\u00f6tt elemz\u00e9s\u00e9ben kiemelte, hogy v\u00e1rakoz\u00e1sa szerint a szektorszint\u0171 nem teljes\u00edt\u0151 kinnlev\u0151s\u00e9g-r\u00e1ta a teljes hitelportfoli\u00f3 9 sz\u00e1zal\u00e9ka k\u00f6r\u00fcli szintre cs\u00f6kken 2018 v\u00e9g\u00e9ig a tavalyi \u00e9v v\u00e9g\u00e9n m\u00e9rt 14,7 sz\u00e1zal\u00e9kr\u00f3l.<br \/>\n(MTI)<\/p>\n","protected":false},"excerpt":{"rendered":"<p>Nem vizsg\u00e1lta Magyarorsz\u00e1g \u00e1llamad\u00f3s-besorol\u00e1s\u00e1t a Moody&#8217;s Investors Service, \u00edgy a p\u00e9ntek \u00e9jszak\u00e1ra kit\u0171z\u00f6tt id\u0151pontban nem jelentett be m\u00f3dos\u00edt\u00e1st sem az oszt\u00e1lyzatra, sem annak kil\u00e1t\u00e1s\u00e1ra.<\/p>\n","protected":false},"author":1,"featured_media":20773,"comment_status":"closed","ping_status":"open","sticky":false,"template":"","format":"standard","meta":[],"categories":[146,4,19],"tags":[],"_links":{"self":[{"href":"https:\/\/gazdasagportal.hu\/index.php\/wp-json\/wp\/v2\/posts\/99079"}],"collection":[{"href":"https:\/\/gazdasagportal.hu\/index.php\/wp-json\/wp\/v2\/posts"}],"about":[{"href":"https:\/\/gazdasagportal.hu\/index.php\/wp-json\/wp\/v2\/types\/post"}],"author":[{"embeddable":true,"href":"https:\/\/gazdasagportal.hu\/index.php\/wp-json\/wp\/v2\/users\/1"}],"replies":[{"embeddable":true,"href":"https:\/\/gazdasagportal.hu\/index.php\/wp-json\/wp\/v2\/comments?post=99079"}],"version-history":[{"count":1,"href":"https:\/\/gazdasagportal.hu\/index.php\/wp-json\/wp\/v2\/posts\/99079\/revisions"}],"predecessor-version":[{"id":99080,"href":"https:\/\/gazdasagportal.hu\/index.php\/wp-json\/wp\/v2\/posts\/99079\/revisions\/99080"}],"wp:featuredmedia":[{"embeddable":true,"href":"https:\/\/gazdasagportal.hu\/index.php\/wp-json\/wp\/v2\/media\/20773"}],"wp:attachment":[{"href":"https:\/\/gazdasagportal.hu\/index.php\/wp-json\/wp\/v2\/media?parent=99079"}],"wp:term":[{"taxonomy":"category","embeddable":true,"href":"https:\/\/gazdasagportal.hu\/index.php\/wp-json\/wp\/v2\/categories?post=99079"},{"taxonomy":"post_tag","embeddable":true,"href":"https:\/\/gazdasagportal.hu\/index.php\/wp-json\/wp\/v2\/tags?post=99079"}],"curies":[{"name":"wp","href":"https:\/\/api.w.org\/{rel}","templated":true}]}}