{"id":98920,"date":"2017-10-17T07:12:15","date_gmt":"2017-10-17T05:12:15","guid":{"rendered":"http:\/\/gazdasagportal.hu\/?p=98920"},"modified":"2017-10-17T07:12:15","modified_gmt":"2017-10-17T05:12:15","slug":"mazars-tobbfele-elonyt-is-jelent-a-cegeknek-a-gyorsitott-jarulekcsokkentes","status":"publish","type":"post","link":"https:\/\/gazdasagportal.hu\/index.php\/mazars-tobbfele-elonyt-is-jelent-a-cegeknek-a-gyorsitott-jarulekcsokkentes\/","title":{"rendered":"Mazars: t\u00f6bbf\u00e9le el\u0151nyt is jelent a c\u00e9geknek a gyors\u00edtott j\u00e1rul\u00e9kcs\u00f6kkent\u00e9s"},"content":{"rendered":"<p><strong>A gyors\u00edtott j\u00e1rul\u00e9kcs\u00f6kkent\u00e9s t\u00f6bb szempontb\u00f3l is el\u0151nyt jelent a foglalkoztat\u00f3knak; a b\u00e9rj\u00e1rul\u00e9kok szintje befoly\u00e1solja a versenyk\u00e9pess\u00e9get, m\u00e1sr\u00e9szt a szoci\u00e1lis hozz\u00e1j\u00e1rul\u00e1si ad\u00f3 cs\u00f6kkent\u00e9s\u00e9vel egy\u00fctt a sz\u00e1zal\u00e9kos eg\u00e9szs\u00e9g\u00fcgyi hozz\u00e1j\u00e1rul\u00e1s, tov\u00e1bb\u00e1 a kifizet\u0151k \u00e1ltal fizetend\u0151 egyszer\u0171s\u00edtett k\u00f6ztehervisel\u00e9si hozz\u00e1j\u00e1rul\u00e1s (ekho) is azonos m\u00f3don m\u00e9rs\u00e9kl\u0151dik majd &#8211; h\u00edvta fel a figyelmet a Mazars ad\u00f3tan\u00e1csad\u00f3.<\/strong><!--more--><\/p>\n<div class=\"ads-in-post1\"><div id=\"gazdasagportal.hu_fullbanner_wideboard\"><\/div>\r\n<\/div>\n<p>    A t\u00e1rsas\u00e1g ad\u00f3igazgat\u00f3ja, H. Nagy D\u00e1niel az MTI-hez eljuttatott komment\u00e1rj\u00e1ban arra reag\u00e1lt, hogy a nemzetgazdas\u00e1gi miniszter beny\u00fajtotta az Orsz\u00e1ggy\u0171l\u00e9snek a szoci\u00e1lis hozz\u00e1j\u00e1rul\u00e1si ad\u00f3 cs\u00f6kkent\u00e9s\u00e9re &#8211; 22-r\u0151l 19,5 sz\u00e1zal\u00e9kra &#8211; vonatkoz\u00f3 ind\u00edtv\u00e1nyt.<br \/>\n    A szak\u00e9rt\u0151 hangs\u00falyozta: a foglalkoztat\u00e1ssal j\u00e1r\u00f3 k\u00f6zterhek magas szintje miatt a munk\u00e1ltat\u00f3k teljes b\u00e9rk\u00f6lts\u00e9ge a kelet-k\u00f6z\u00e9p-eur\u00f3pai r\u00e9gi\u00f3ban \u00e1tlagosan megk\u00f6zel\u00edti a nett\u00f3 b\u00e9rek 160 sz\u00e1zal\u00e9k\u00e1t. Magyarorsz\u00e1gon az \u00fagynevezett ad\u00f3\u00e9k &#8211; a b\u00e9rk\u00f6lts\u00e9g ad\u00f3- \u00e9s j\u00e1rul\u00e9ktartalma &#8211; m\u00e9g r\u00e9gi\u00f3s \u00f6sszehasonl\u00edt\u00e1sban is kifejezetten magas, \u00edgy indokolt a munk\u00e1ltat\u00f3i terhek tov\u00e1bbi cs\u00f6kkent\u00e9se.<br \/>\n    Hozz\u00e1tette, a t\u00e9nyleges b\u00e9rteher sz\u00e1m\u00edt\u00e1sakor tov\u00e1bbra sem szabad elfeledkezni az ugyancsak a munk\u00e1ltat\u00f3kat terhel\u0151 1,5 sz\u00e1zal\u00e9kos szakk\u00e9pz\u00e9si hozz\u00e1j\u00e1rul\u00e1sr\u00f3l. Felmer\u00fclt a munkav\u00e1ll\u00f3kat terhel\u0151 1,5 sz\u00e1zal\u00e9kos munkaer\u0151piaci j\u00e1rul\u00e9k m\u00e9rs\u00e9kl\u00e9se vagy teljes elt\u00f6rl\u00e9se is, ami tov\u00e1bbi, \u00e9rdemi elmozdul\u00e1st jelentene az \u00e9l\u0151munka terheinek cs\u00f6kkent\u00e9se ter\u00e9n, \u00e9s pozit\u00edvan hatna a munkav\u00e1llal\u00f3k b\u00e9rhelyzet\u00e9re.<br \/>\n    H. Nagy D\u00e1niel komment\u00e1rj\u00e1ban felid\u00e9zte, a j\u00e1rul\u00e9km\u00e9rs\u00e9kl\u00e9si folyamat 2017. janu\u00e1r 1-j\u00e9n kezd\u0151d\u00f6tt, amikor a foglalkoztat\u00f3kat terhel\u0151 k\u00f6zteher m\u00e9rt\u00e9k\u00e9t 27-r\u0151l 22 sz\u00e1zal\u00e9kra cs\u00f6kkentette a korm\u00e1ny.<br \/>\n<div class=\"ads-in-post2\"><script async src=\"https:\/\/pagead2.googlesyndication.com\/pagead\/js\/adsbygoogle.js\"><\/script>\r\n<ins class=\"adsbygoogle\"\r\n     style=\"display:block\"\r\n     data-ad-format=\"fluid\"\r\n     data-ad-layout-key=\"-6t+ed+2i-1n-4w\"\r\n     data-ad-client=\"ca-pub-1959107119989764\"\r\n     data-ad-slot=\"4008251320\"><\/ins>\r\n<script>\r\n     (adsbygoogle = window.adsbygoogle || []).push({});\r\n<\/script><\/div>\n    Egy m\u00e1sik, szint\u00e9n 2016 december\u00e9ben t\u00f6rv\u00e9nybe iktatott m\u00f3dos\u00edt\u00e1s 2018. janu\u00e1r 1-j\u00e9n l\u00e9pne hat\u00e1lyba, \u00e9s tov\u00e1bbi, 22-r\u0151l 20 sz\u00e1zal\u00e9kra t\u00f6rt\u00e9n\u0151 j\u00e1rul\u00e9kcs\u00f6kkent\u00e9st ir\u00e1nyzott el\u0151. Ehelyett a m\u00falt h\u00e9ten az Orsz\u00e1ggy\u0171l\u00e9snek beny\u00fajtott javaslat 2018 janu\u00e1rj\u00e1t\u00f3l m\u00e9g nagyobb m\u00e9rt\u00e9kben, 19,5 sz\u00e1zal\u00e9kra cs\u00f6kkenten\u00e9 a v\u00e1llalkoz\u00e1sok szoci\u00e1lis hozz\u00e1j\u00e1rul\u00e1siad\u00f3-k\u00f6telezetts\u00e9g\u00e9t, \u00e9s ezzel az \u0151ket terhel\u0151 b\u00e9rk\u00f6lts\u00e9get.<br \/>\n    A szak\u00e9rt\u0151 jelezte: a javaslat h\u00e1tter\u00e9ben az a v\u00e1llal\u00e1s \u00e1ll, amelyet a korm\u00e1nyzat tavaly novemberben tett az \u00e9rdekk\u00e9pviseleteknek. Ennek l\u00e9nyege, hogy a szoci\u00e1lis hozz\u00e1j\u00e1rul\u00e1si ad\u00f3 tov\u00e1bbi 0,5 sz\u00e1zal\u00e9kpontos cs\u00f6kkent\u00e9se akkor v\u00e1rhat\u00f3 2018-t\u00f3l, ha a versenyszf\u00e9r\u00e1ban 2017-ben legal\u00e1bb 11 sz\u00e1zal\u00e9kkal n\u0151 a brutt\u00f3 \u00e1tlagkereset. A t\u00f6rv\u00e9nym\u00f3dos\u00edt\u00e1s beny\u00fajt\u00e1s\u00e1b\u00f3l arra lehet k\u00f6vetkeztetni, hogy ez a felt\u00e9tel a korm\u00e1ny szerint id\u00e9n teljes\u00fclni fog &#8211; fejtette ki komment\u00e1rj\u00e1ban a Mazars ad\u00f3igazgat\u00f3ja.(MTI)<\/p>\n","protected":false},"excerpt":{"rendered":"<p>A gyors\u00edtott j\u00e1rul\u00e9kcs\u00f6kkent\u00e9s t\u00f6bb szempontb\u00f3l is el\u0151nyt jelent a foglalkoztat\u00f3knak; a b\u00e9rj\u00e1rul\u00e9kok szintje befoly\u00e1solja a versenyk\u00e9pess\u00e9get, m\u00e1sr\u00e9szt a szoci\u00e1lis hozz\u00e1j\u00e1rul\u00e1si ad\u00f3 cs\u00f6kkent\u00e9s\u00e9vel egy\u00fctt a sz\u00e1zal\u00e9kos eg\u00e9szs\u00e9g\u00fcgyi hozz\u00e1j\u00e1rul\u00e1s, tov\u00e1bb\u00e1 a kifizet\u0151k \u00e1ltal fizetend\u0151 egyszer\u0171s\u00edtett k\u00f6ztehervisel\u00e9si hozz\u00e1j\u00e1rul\u00e1s (ekho) is azonos m\u00f3don m\u00e9rs\u00e9kl\u0151dik majd &#8211; h\u00edvta fel a figyelmet a Mazars ad\u00f3tan\u00e1csad\u00f3.<\/p>\n","protected":false},"author":1,"featured_media":0,"comment_status":"closed","ping_status":"open","sticky":false,"template":"","format":"standard","meta":[],"categories":[19],"tags":[],"_links":{"self":[{"href":"https:\/\/gazdasagportal.hu\/index.php\/wp-json\/wp\/v2\/posts\/98920"}],"collection":[{"href":"https:\/\/gazdasagportal.hu\/index.php\/wp-json\/wp\/v2\/posts"}],"about":[{"href":"https:\/\/gazdasagportal.hu\/index.php\/wp-json\/wp\/v2\/types\/post"}],"author":[{"embeddable":true,"href":"https:\/\/gazdasagportal.hu\/index.php\/wp-json\/wp\/v2\/users\/1"}],"replies":[{"embeddable":true,"href":"https:\/\/gazdasagportal.hu\/index.php\/wp-json\/wp\/v2\/comments?post=98920"}],"version-history":[{"count":1,"href":"https:\/\/gazdasagportal.hu\/index.php\/wp-json\/wp\/v2\/posts\/98920\/revisions"}],"predecessor-version":[{"id":98921,"href":"https:\/\/gazdasagportal.hu\/index.php\/wp-json\/wp\/v2\/posts\/98920\/revisions\/98921"}],"wp:attachment":[{"href":"https:\/\/gazdasagportal.hu\/index.php\/wp-json\/wp\/v2\/media?parent=98920"}],"wp:term":[{"taxonomy":"category","embeddable":true,"href":"https:\/\/gazdasagportal.hu\/index.php\/wp-json\/wp\/v2\/categories?post=98920"},{"taxonomy":"post_tag","embeddable":true,"href":"https:\/\/gazdasagportal.hu\/index.php\/wp-json\/wp\/v2\/tags?post=98920"}],"curies":[{"name":"wp","href":"https:\/\/api.w.org\/{rel}","templated":true}]}}