{"id":98916,"date":"2017-10-16T19:57:42","date_gmt":"2017-10-16T17:57:42","guid":{"rendered":"http:\/\/gazdasagportal.hu\/?p=98916"},"modified":"2017-10-16T19:57:42","modified_gmt":"2017-10-16T17:57:42","slug":"torokorszag-lezarta-legteret-az-eszak-iraki-kurd-autonom-regio-elott","status":"publish","type":"post","link":"https:\/\/gazdasagportal.hu\/index.php\/torokorszag-lezarta-legteret-az-eszak-iraki-kurd-autonom-regio-elott\/","title":{"rendered":"T\u00f6r\u00f6korsz\u00e1g lez\u00e1rta l\u00e9gter\u00e9t az \u00e9szak-iraki kurd auton\u00f3m r\u00e9gi\u00f3 el\u0151tt"},"content":{"rendered":"<p><strong>T\u00f6r\u00f6korsz\u00e1g h\u00e9tf\u0151n lez\u00e1rta l\u00e9gter\u00e9t az \u00e9szak-iraki kurd auton\u00f3m r\u00e9gi\u00f3ba tart\u00f3 \u00e9s az onnan indul\u00f3 rep\u00fcl\u0151g\u00e9pek el\u0151tt, v\u00e1laszul a t\u00e9rs\u00e9g f\u00fcggetlenn\u00e9 v\u00e1l\u00e1s\u00e1t t\u00e1mogat\u00f3 szeptember 25-ei n\u00e9pszavaz\u00e1sra &#8211; jelentette be a korm\u00e1nysz\u00f3viv\u0151 Ankar\u00e1ban a minisztertan\u00e1cs \u00fcl\u00e9s\u00e9t k\u00f6vet\u0151 sajt\u00f3t\u00e1j\u00e9koztat\u00f3n.<\/strong><!--more--><\/p>\n<div class=\"ads-in-post1\"><div id=\"gazdasagportal.hu_fullbanner_wideboard\"><\/div>\r\n<\/div>\n<p>    Bekir Bozdag elmondta: a kabinet az ut\u00e1n d\u00f6nt\u00f6tt \u00edgy, hogy a nemzetbiztons\u00e1gi tan\u00e1cs a nap folyam\u00e1n el\u0151z\u0151leg erre vonatkoz\u00f3 aj\u00e1nl\u00e1st tett.<br \/>\n    A t\u00f6r\u00f6k l\u00e9git\u00e1rsas\u00e1gok egy kor\u00e1bbi szankci\u00f3 \u00e9rtelm\u00e9ben m\u00e1r szeptember v\u00e9ge \u00f3ta nem k\u00f6zlekedtetnek rep\u00fcl\u0151j\u00e1ratokat Erb\u00edlbe \u00e9s Szuleim\u00e1n\u00edj\u00e1ba.<br \/>\n    Recep Tayyip Erdogan t\u00f6r\u00f6k eln\u00f6k okt\u00f3ber elej\u00e9n egy\u00fattal jelezte: T\u00f6r\u00f6korsz\u00e1g le fogja z\u00e1rni l\u00e9gter\u00e9t \u00e9s sz\u00e1razf\u00f6ldi hat\u00e1r\u00e1t is mindk\u00e9t ir\u00e1nyban az iraki kurd r\u00e9gi\u00f3 el\u0151tt. A sz\u00e1razf\u00f6ldi hat\u00e1r lez\u00e1r\u00e1s\u00e1ra ugyanakkor m\u00e9g nem ker\u00fclt sor, b\u00e1r a d\u00e9lkelet-t\u00f6r\u00f6korsz\u00e1gi Habur hat\u00e1r\u00e1tkel\u0151n\u00e9l az \u00e9szak-iraki referendum \u00f3ta fokozottan ellen\u0151rzik a t\u00e9rs\u00e9gb\u0151l \u00e9rkez\u0151ket.<br \/>\n<div class=\"ads-in-post2\"><script async src=\"https:\/\/pagead2.googlesyndication.com\/pagead\/js\/adsbygoogle.js\"><\/script>\r\n<ins class=\"adsbygoogle\"\r\n     style=\"display:block\"\r\n     data-ad-format=\"fluid\"\r\n     data-ad-layout-key=\"-6t+ed+2i-1n-4w\"\r\n     data-ad-client=\"ca-pub-1959107119989764\"\r\n     data-ad-slot=\"4008251320\"><\/ins>\r\n<script>\r\n     (adsbygoogle = window.adsbygoogle || []).push({});\r\n<\/script><\/div>\n    A t\u00f6r\u00f6k korm\u00e1ny alternat\u00edv hat\u00e1r\u00e1tkel\u0151k ki\u00e9p\u00edt\u00e9s\u00e9t is tervezi, ugyanis Bagdaddal, Irak k\u00f6zponti vezet\u00e9s\u00e9vel fenn akarja tartani a kereskedelmi kapcsolatokat. Az egyik lehets\u00e9ges helysz\u00edn a Haburt\u00f3l 10 kilom\u00e9terre nyugatra fekv\u0151 Ovak\u00f6y telep\u00fcl\u00e9s. Onnan a kurd r\u00e9gi\u00f3 megker\u00fcl\u00e9s\u00e9vel Tell-\u00c1f\u00e1ron kereszt\u00fcl vezetne az \u00fat az arab orsz\u00e1g belsej\u00e9be.<br \/>\n    A n\u00e9pszavaz\u00e1s \u00f3ta Irak k\u00f6zponti korm\u00e1nya hi\u00e1ba k\u00f6veteli a kurd vezet\u00e9st\u0151l a szomsz\u00e9dos orsz\u00e1gok fel\u00e9 vezet\u0151 \u00e1tkel\u0151helyek \u00e1tad\u00e1s\u00e1t. Bagdad figyelmeztetett: a D\u00e9lkelet-T\u00f6r\u00f6korsz\u00e1gban szeptember v\u00e9ge \u00f3ta k\u00f6z\u00f6s hadgyakorlatokon r\u00e9szt vev\u0151 iraki katon\u00e1k k\u00edv\u00fclr\u0151l fogj\u00e1k \u00e1tvenni a haburi hat\u00e1r\u00e1llom\u00e1s ellen\u0151rz\u00e9s\u00e9t.<br \/>\n    Bozdag h\u00e9tf\u0151n k\u00f6z\u00f6lte: Ankara hivatali szinten elind\u00edtotta az \u00e1tv\u00e9teli folyamatot.<br \/>\n    T\u00f6r\u00f6korsz\u00e1g abban b\u00edzik, hogy Erb\u00edl a megszor\u00edt\u00f3 int\u00e9zked\u00e9sek k\u00f6vetkezt\u00e9ben el\u00e1ll a f\u00fcggetlenn\u00e9 v\u00e1l\u00e1s sz\u00e1nd\u00e9k\u00e1t\u00f3l. Ankara att\u00f3l tart, hogy \u00c9szak-Irak esetleges \u00f6n\u00e1ll\u00f3s\u00e1ga feler\u0151s\u00edten\u00e9 a T\u00f6r\u00f6korsz\u00e1gban \u00e9l\u0151 t\u00f6bb mint t\u00edzmilli\u00f3s kurd kisebbs\u00e9g szeparatista t\u00f6rekv\u00e9seit.(MTI)<\/p>\n","protected":false},"excerpt":{"rendered":"<p>T\u00f6r\u00f6korsz\u00e1g h\u00e9tf\u0151n lez\u00e1rta l\u00e9gter\u00e9t az \u00e9szak-iraki kurd auton\u00f3m r\u00e9gi\u00f3ba tart\u00f3 \u00e9s az onnan indul\u00f3 rep\u00fcl\u0151g\u00e9pek el\u0151tt, v\u00e1laszul a t\u00e9rs\u00e9g f\u00fcggetlenn\u00e9 v\u00e1l\u00e1s\u00e1t t\u00e1mogat\u00f3 szeptember 25-ei n\u00e9pszavaz\u00e1sra &#8211; jelentette be a korm\u00e1nysz\u00f3viv\u0151 Ankar\u00e1ban a minisztertan\u00e1cs \u00fcl\u00e9s\u00e9t k\u00f6vet\u0151 sajt\u00f3t\u00e1j\u00e9koztat\u00f3n.<\/p>\n","protected":false},"author":1,"featured_media":0,"comment_status":"closed","ping_status":"open","sticky":false,"template":"","format":"standard","meta":[],"categories":[12],"tags":[],"_links":{"self":[{"href":"https:\/\/gazdasagportal.hu\/index.php\/wp-json\/wp\/v2\/posts\/98916"}],"collection":[{"href":"https:\/\/gazdasagportal.hu\/index.php\/wp-json\/wp\/v2\/posts"}],"about":[{"href":"https:\/\/gazdasagportal.hu\/index.php\/wp-json\/wp\/v2\/types\/post"}],"author":[{"embeddable":true,"href":"https:\/\/gazdasagportal.hu\/index.php\/wp-json\/wp\/v2\/users\/1"}],"replies":[{"embeddable":true,"href":"https:\/\/gazdasagportal.hu\/index.php\/wp-json\/wp\/v2\/comments?post=98916"}],"version-history":[{"count":1,"href":"https:\/\/gazdasagportal.hu\/index.php\/wp-json\/wp\/v2\/posts\/98916\/revisions"}],"predecessor-version":[{"id":98917,"href":"https:\/\/gazdasagportal.hu\/index.php\/wp-json\/wp\/v2\/posts\/98916\/revisions\/98917"}],"wp:attachment":[{"href":"https:\/\/gazdasagportal.hu\/index.php\/wp-json\/wp\/v2\/media?parent=98916"}],"wp:term":[{"taxonomy":"category","embeddable":true,"href":"https:\/\/gazdasagportal.hu\/index.php\/wp-json\/wp\/v2\/categories?post=98916"},{"taxonomy":"post_tag","embeddable":true,"href":"https:\/\/gazdasagportal.hu\/index.php\/wp-json\/wp\/v2\/tags?post=98916"}],"curies":[{"name":"wp","href":"https:\/\/api.w.org\/{rel}","templated":true}]}}