{"id":98908,"date":"2017-10-16T15:19:42","date_gmt":"2017-10-16T13:19:42","guid":{"rendered":"http:\/\/gazdasagportal.hu\/?p=98908"},"modified":"2017-10-16T15:19:42","modified_gmt":"2017-10-16T13:19:42","slug":"mar-halalos-aldozata-is-van-az-ophelia-tropusi-viharnak","status":"publish","type":"post","link":"https:\/\/gazdasagportal.hu\/index.php\/mar-halalos-aldozata-is-van-az-ophelia-tropusi-viharnak\/","title":{"rendered":"M\u00e1r hal\u00e1los \u00e1ldozata is van az Ophelia tr\u00f3pusi viharnak"},"content":{"rendered":"<p><strong>M\u00e1r hal\u00e1los \u00e1ldozata is van \u00cdrorsz\u00e1gban az Ophelia tr\u00f3pusi viharnak, \u00e9s t\u00f6bb mint sz\u00e1zezer lak\u00e1sban sz\u0171nt meg az \u00e1ramszolg\u00e1ltat\u00e1s h\u00e9tf\u0151n az \u00cdr K\u00f6zt\u00e1rsas\u00e1gban, miut\u00e1n a hurrik\u00e1n \u00f3r\u00e1nk\u00e9nti 120-150 kilom\u00e9teres sebess\u00e9g\u0171 sz\u00e9ll\u00f6k\u00e9sekkel meg\u00e9rkezett az \u00edr sziget f\u00f6l\u00e9.<\/strong><!--more--><\/p>\n<div class=\"ads-in-post1\"><div id=\"gazdasagportal.hu_fullbanner_wideboard\"><\/div>\r\n<\/div>\n<p>    Az RTE \u00edr k\u00f6zszolg\u00e1lati m\u0171sorszolg\u00e1ltat\u00f3 jelent\u00e9se szerint \u00cdrorsz\u00e1g d\u00e9lkeleti r\u00e9sz\u00e9n halt meg egy n\u0151, akinek a kocsij\u00e1ra fa d\u0151lt a vihar miatt. A kocsiban nem \u00fclt m\u00e1s.<br \/>\n    Mindek\u00f6zben Anglia k\u00f6z\u00e9ps\u0151 \u00e9s d\u00e9li t\u00e9rs\u00e9geibe az Ophelia er\u0151s l\u00e9g\u00e1raml\u00e1s\u00e1val \u00e9rkez\u0151 tr\u00f3pusi leveg\u0151 nyarat id\u00e9z\u0151 meleget hozott.<br \/>\n    Az Azori-szigetek ir\u00e1ny\u00e1b\u00f3l \u00e9szakkelet fel\u00e9 tart\u00f3 hurrik\u00e1n a kor\u00e1bbi h\u00e1rmas fokozatr\u00f3l egyes fokozat\u00fav\u00e1 szel\u00edd\u00fclt az Atlanti-\u00f3ce\u00e1n h\u0171v\u00f6sebb \u00e9szaki vizei felett, \u00e9s szak\u00e9rt\u0151k szerint a sz\u00e1razf\u00f6ld f\u00f6l\u00e9 \u00e9rve fokozatosan tov\u00e1bb gyeng\u00fcl, de az \u00edr \u00e9s az \u00e9szak-\u00edrorsz\u00e1gi hat\u00f3s\u00e1gok ennek ellen\u00e9re a legmagasabb szint\u0171 riaszt\u00e1st adt\u00e1k ki a sziget eg\u00e9sz ter\u00fclet\u00e9re.<br \/>\n    H\u00e9tf\u0151n \u00cdrorsz\u00e1gban \u00e9s \u00c9szak-\u00cdrorsz\u00e1gban az \u00f6sszes \u00e1ltal\u00e1nos \u00e9s k\u00f6z\u00e9piskola z\u00e1rva maradt. \u00c9szak-\u00cdrorsz\u00e1gban d\u00e9lben bez\u00e1rtak a b\u00edr\u00f3s\u00e1gok is.<br \/>\n    Leo Varadkar \u00edr minisztereln\u00f6k Twitter-\u00fczenet\u00e9ben azt k\u00e9rte, hogy a lakoss\u00e1g csak a lehet\u0151 legsz\u00fcks\u00e9gesebb esetben keljen \u00fatra, \u00e9s aki teheti, maradjon otthon.<br \/>\n<div class=\"ads-in-post2\"><script async src=\"https:\/\/pagead2.googlesyndication.com\/pagead\/js\/adsbygoogle.js\"><\/script>\r\n<ins class=\"adsbygoogle\"\r\n     style=\"display:block\"\r\n     data-ad-format=\"fluid\"\r\n     data-ad-layout-key=\"-6t+ed+2i-1n-4w\"\r\n     data-ad-client=\"ca-pub-1959107119989764\"\r\n     data-ad-slot=\"4008251320\"><\/ins>\r\n<script>\r\n     (adsbygoogle = window.adsbygoogle || []).push({});\r\n<\/script><\/div>\n    A legfrissebb h\u00e9tf\u0151i meteorol\u00f3giai el\u0151rejelz\u00e9s szerint a hurrik\u00e1n leger\u0151sebb k\u00f6zponti r\u00e9sze \u00cdrorsz\u00e1g \u00e9s \u00c9szak-\u00cdrorsz\u00e1g nyugati partvid\u00e9k\u00e9n halad v\u00e9gig, \u00e9rinti Sk\u00f3cia \u00e9szaki \u00e9s k\u00f6z\u00e9ps\u0151 t\u00e9rs\u00e9geit, \u00e9s kedd hajnalban hagyja el a Brit-szigeteket \u00e9szakkelet fel\u00e9.<br \/>\n    A Nagy-Britanni\u00e1b\u00f3l \u00cdrorsz\u00e1gba \u00e9s \u00c9szak-\u00cdrorsz\u00e1gba k\u00f6zleked\u0151 kompj\u00e1ratok jelent\u0151s r\u00e9sz\u00e9t h\u00e9tf\u0151n le\u00e1ll\u00edtott\u00e1k, a dublini rep\u00fcl\u0151t\u00e9ren 130 j\u00e1ratot t\u00f6r\u00f6ltek. Az \u00e9szak-\u00edrorsz\u00e1gi f\u0151v\u00e1ros, Belfast k\u00e9t rep\u00fcl\u0151tere azt javasolta, hogy az utaz\u00f3k ellen\u0151rizz\u00e9k, indul-e a j\u00e1ratuk.<br \/>\n    Elhalasztotta h\u00e9tf\u0151re tervezett belfasti l\u00e1togat\u00e1s\u00e1t Bill Clinton volt amerikai eln\u00f6k, aki az \u00e9szak-\u00edrorsz\u00e1gi belpolitikai patthelyzet felold\u00e1s\u00e1ban k\u00edv\u00e1n seg\u00e9dkezni a p\u00e1rtok k\u00f6z\u00f6tti k\u00f6zvet\u00edt\u00e9ssel.<br \/>\n    A londoni v\u00e9delmi miniszt\u00e9rium k\u00f6z\u00f6lte, hogy a brit hadsereg h\u00e1rom z\u00e1szl\u00f3alj\u00e1t k\u00e9szenl\u00e9tbe helyezt\u00e9k, arra az esetre, ha a k\u00f6zeled\u0151 \u00edt\u00e9letid\u0151 b\u00e1rhol komolyabb incidenseket okozna, de a helyi hat\u00f3s\u00e1gokt\u00f3l egyel\u0151re nem \u00e9rkezett konkr\u00e9t seg\u00edts\u00e9gk\u00e9r\u00e9s.<br \/>\n    Az Ophelia a legkeletibb hurrik\u00e1n, amely az atlanti hurrik\u00e1nszezonokr\u00f3l sz\u00f3l\u00f3 tudom\u00e1nyos adatgy\u0171jt\u00e9sek kezdete \u00f3ta valaha is kialakult.<br \/>\n    Rendk\u00edv\u00fcl er\u0151teljes d\u00e9li l\u00e9g\u00e1raml\u00e1sa az ork\u00e1nnal \u00e9s az es\u0151z\u00e9sekkel egy\u00fctt tr\u00f3pusi leveg\u0151t is hozott: h\u00e9tf\u0151 d\u00e9lut\u00e1n Nagy-Britannia k\u00f6z\u00e9ps\u0151 \u00e9s d\u00e9lkeleti t\u00e9rs\u00e9geiben 22-23 fok meleg volt. Az \u00e1tlagos okt\u00f3beri h\u0151m\u00e9rs\u00e9kleti maximum 15 fok.<br \/>\n    Anglia nagy r\u00e9sz\u00e9n &#8211; bele\u00e9rtve Londont &#8211; ez volt az Ophelia hurrik\u00e1n egyetlen \u00e9rz\u00e9kelhet\u0151 k\u00eds\u00e9r\u0151jelens\u00e9ge, a h\u00e9tf\u0151i id\u0151j\u00e1r\u00e1st ezekben a t\u00e9rs\u00e9gekben gyenge sz\u00e9l \u00e9s f\u00e1tyolos naps\u00fct\u00e9s jellemezte.<br \/>\n    Az Ophelia napra pontosan 30 \u00e9vvel az ut\u00f3bbi h\u00e1rom \u00e9vsz\u00e1zad legpuszt\u00edt\u00f3bb nagy-britanniai vihara ut\u00e1n \u00e9rkezett.<br \/>\n    Az az\u00f3ta is csak Nagy Viharnak nevezett term\u00e9szeti csap\u00e1s 1987. okt\u00f3ber 16-\u00e1nak hajnal\u00e1n t\u00f6rt be Nagy-Britanni\u00e1ba az Atlanti-\u00f3ce\u00e1nr\u00f3l, 180-200 kilom\u00e9teres sz\u00e9ll\u00f6k\u00e9sekkel. A vihar 18 hal\u00e1los \u00e1ldozatot, 15 milli\u00f3 kid\u00f6nt\u00f6tt f\u00e1t, t\u00f6bb sz\u00e1zezernyi elsodort h\u00e1ztet\u0151t, t\u00f6bb t\u00edzezer \u00f6sszet\u00f6rt j\u00e1rm\u0171vet hagyott maga ut\u00e1n.<br \/>\n    Ez volt 1703 \u00f3ta a legs\u00falyosabb id\u0151j\u00e1r\u00e1si katasztr\u00f3fa Nagy-Britanni\u00e1ban.(MTI)<\/p>\n","protected":false},"excerpt":{"rendered":"<p>M\u00e1r hal\u00e1los \u00e1ldozata is van \u00cdrorsz\u00e1gban az Ophelia tr\u00f3pusi viharnak, \u00e9s t\u00f6bb mint sz\u00e1zezer lak\u00e1sban sz\u0171nt meg az \u00e1ramszolg\u00e1ltat\u00e1s h\u00e9tf\u0151n az \u00cdr K\u00f6zt\u00e1rsas\u00e1gban, miut\u00e1n a hurrik\u00e1n \u00f3r\u00e1nk\u00e9nti 120-150 kilom\u00e9teres sebess\u00e9g\u0171 sz\u00e9ll\u00f6k\u00e9sekkel meg\u00e9rkezett az \u00edr sziget f\u00f6l\u00e9.<\/p>\n","protected":false},"author":1,"featured_media":0,"comment_status":"closed","ping_status":"open","sticky":false,"template":"","format":"standard","meta":[],"categories":[12],"tags":[],"_links":{"self":[{"href":"https:\/\/gazdasagportal.hu\/index.php\/wp-json\/wp\/v2\/posts\/98908"}],"collection":[{"href":"https:\/\/gazdasagportal.hu\/index.php\/wp-json\/wp\/v2\/posts"}],"about":[{"href":"https:\/\/gazdasagportal.hu\/index.php\/wp-json\/wp\/v2\/types\/post"}],"author":[{"embeddable":true,"href":"https:\/\/gazdasagportal.hu\/index.php\/wp-json\/wp\/v2\/users\/1"}],"replies":[{"embeddable":true,"href":"https:\/\/gazdasagportal.hu\/index.php\/wp-json\/wp\/v2\/comments?post=98908"}],"version-history":[{"count":1,"href":"https:\/\/gazdasagportal.hu\/index.php\/wp-json\/wp\/v2\/posts\/98908\/revisions"}],"predecessor-version":[{"id":98909,"href":"https:\/\/gazdasagportal.hu\/index.php\/wp-json\/wp\/v2\/posts\/98908\/revisions\/98909"}],"wp:attachment":[{"href":"https:\/\/gazdasagportal.hu\/index.php\/wp-json\/wp\/v2\/media?parent=98908"}],"wp:term":[{"taxonomy":"category","embeddable":true,"href":"https:\/\/gazdasagportal.hu\/index.php\/wp-json\/wp\/v2\/categories?post=98908"},{"taxonomy":"post_tag","embeddable":true,"href":"https:\/\/gazdasagportal.hu\/index.php\/wp-json\/wp\/v2\/tags?post=98908"}],"curies":[{"name":"wp","href":"https:\/\/api.w.org\/{rel}","templated":true}]}}