{"id":9886,"date":"2013-06-13T19:44:30","date_gmt":"2013-06-13T17:44:30","guid":{"rendered":"http:\/\/stockportal.hu\/?p=9886"},"modified":"2013-06-13T19:45:11","modified_gmt":"2013-06-13T17:45:11","slug":"szijjarto-folytatni-kell-a-keleti-nyitas-politikajat-2","status":"publish","type":"post","link":"https:\/\/gazdasagportal.hu\/index.php\/szijjarto-folytatni-kell-a-keleti-nyitas-politikajat-2\/","title":{"rendered":"Szijj\u00e1rt\u00f3: folytatni kell a keleti nyit\u00e1s politik\u00e1j\u00e1t"},"content":{"rendered":"<p><strong>Magyarorsz\u00e1gnak folytatnia kell a keleti nyit\u00e1st \u00e9s a sz\u00f6vets\u00e9gek k\u00f6t\u00e9s\u00e9t a magyar export b\u0151v\u00edt\u00e9s\u00e9nek seg\u00edt\u00e9s\u00e9re a k\u00f6vetkez\u0151 \u00e9vekben is &#8211; jelentette ki Szijj\u00e1rt\u00f3 P\u00e9ter, a Minisztereln\u00f6ks\u00e9g k\u00fcl\u00fcgyi \u00e9s k\u00fclgazdas\u00e1gi \u00e1llamtitk\u00e1ra cs\u00fct\u00f6rt\u00f6k\u00f6n a Vil\u00e1ggazdas\u00e1g napilap budapesti szakmai konferenci\u00e1j\u00e1n.<!--more--><\/strong><\/p>\n<p>Kiemelte: ennek fontos r\u00e9sze az is, hogy a korm\u00e1ny strat\u00e9giai egy\u00fcttm\u0171k\u00f6d\u00e9si meg\u00e1llapod\u00e1sokat k\u00f6t\u00f6tt, illetve k\u00f6t a Magyarorsz\u00e1gon m\u0171k\u00f6d\u0151, nagy nemzetk\u00f6zi h\u00e1tt\u00e9rrel rendelkez\u0151 c\u00e9gekkel, a keleti nyit\u00e1st tekintve pedig olyan orsz\u00e1gokkal keresett szorosabb egy\u00fcttm\u0171k\u00f6d\u00e9st, amelyek gazdas\u00e1ga a v\u00e1ls\u00e1g ellen\u00e9re is k\u00e9pes volt n\u00f6vekedni.<br \/>\nAz \u00e1llamtitk\u00e1r hozz\u00e1tette: a korm\u00e1ny l\u00e9trehozta a Magyar Nemzeti Keresked\u0151h\u00e1z Zrt.-t, amelynek feladata, hogy a kis- \u00e9s\u00a0\u00a0k\u00f6zepes v\u00e1llalkoz\u00e1sokat seg\u00edtse a k\u00fclpiaci tev\u00e9kenys\u00e9g\u00fckben, mert ugyan a hazai kkv-k foglalkoztatj\u00e1k a magyarorsz\u00e1gi munkav\u00e1llal\u00f3k 75 sz\u00e1zal\u00e9k\u00e1t, de az exportb\u00f3l csak 20 sz\u00e1zal\u00e9kban r\u00e9szesednek.<br \/>\nMagyarorsz\u00e1gon 2500-3000 olyan kkv m\u0171k\u00f6dik, amelyek k\u00e9pesek exportra termelni, szolg\u00e1ltat\u00e1st el\u0151\u00e1ll\u00edtani, a keresked\u0151h\u00e1z ezeknek a kivitel\u00e9t er\u0151s\u00edti majd &#8211; mondta az \u00e1llamtitk\u00e1r.<br \/>\nHangs\u00falyozta: a korm\u00e1ny c\u00e9lja az, hogy \u00f6t \u00e9ven bel\u00fcl az export egyharmada az Eur\u00f3p\u00e1n k\u00edv\u00fcli orsz\u00e1gokba ir\u00e1nyuljon.<br \/>\nAz \u00e1llamtitk\u00e1r elmondta: legk\u00f6zelebb, m\u00e9g v\u00e1rhat\u00f3an j\u00faniusban Pekingben ny\u00edlik majd magyar keresked\u0151h\u00e1z, de m\u00e9g 2013-ban megny\u00edlik egy-egy ilyen int\u00e9zm\u00e9ny az Egyes\u00fclt Arab Emir\u00e1tusokban \u00e9s Sza\u00fad-Ar\u00e1bi\u00e1ban, Kazahszt\u00e1nban pedig a k\u00f6zelm\u00faltban nyitottak keresked\u0151h\u00e1zat. A sza\u00fadi f\u0151v\u00e1rosban, Rijadban egy\u00fattal folytat\u00f3dik majd a magyar f\u0151v\u00e1rosban elind\u00edtott magyar-arab f\u00f3rum &#8211; tette hozz\u00e1 Szijj\u00e1rt\u00f3 P\u00e9ter.<br \/>\nAz \u00e1llamtitk\u00e1r kiemelte: az Eur\u00f3p\u00e1n k\u00edv\u00fcli kapcsolatok er\u0151s\u00edt\u00e9s\u00e9ben &#8211; a tervek szerint &#8211; 2015-ben az \u00e9szak-afrikai \u00e1llamokra, m\u00edg 2016-ban D\u00e9l-Amerik\u00e1ra helyez\u0151dik \u00e1t a hangs\u00faly.<br \/>\nElmondta azt is: a keleti nyit\u00e1s el\u0151seg\u00edt\u00e9se \u00e9rdek\u00e9ben a korm\u00e1ny \u00e1tszervezte a Nemzeti K\u00fclgazdas\u00e1gi Hivatalt (a HITA-t), az Eximbank \u00e9s a Mehib pedig k\u00f6z\u00f6sen annak a 2500-3000 magyar kkv-nak seg\u00edt export-el\u0151finansz\u00edroz\u00e1ssal vagy p\u00e9ld\u00e1ul kedvezm\u00e9nyes hitellel, amelyek k\u00e9pesek el\u0151\u00e1ll\u00edtani exportk\u00e9pes term\u00e9keket, vagy szolg\u00e1ltat\u00e1sokat, de csak t\u00e1mogat\u00e1ssal tudj\u00e1k \u00e1ruikat, illetve szolg\u00e1ltat\u00e1saikat piacra vinni.<br \/>\nA keleti nyit\u00e1s \u00e9s a kkv-kat er\u0151s\u00edt\u0151 eszk\u00f6z\u00f6k k\u00f6z\u00f6tt eml\u00edtette Szijj\u00e1rt\u00f3 P\u00e9ter a strat\u00e9giai meg\u00e1llapod\u00e1sok rendszer\u00e9t is, mert ezek egyik fontos pontja a nemzetk\u00f6zi c\u00e9gek besz\u00e1ll\u00edt\u00f3i l\u00e1nc\u00e1nak b\u0151v\u00edt\u00e9se, ebben a magyar kis- \u00e9s k\u00f6zepes v\u00e1llalkoz\u00e1sok r\u00e9szv\u00e9tel\u00e9nek er\u0151s\u00edt\u00e9se.<br \/>\nA Magyarorsz\u00e1gon m\u0171k\u00f6d\u0151 nemzetk\u00f6zi c\u00e9gekkel k\u00f6t\u00f6tt strat\u00e9giai meg\u00e1llapod\u00e1sok az\u00e9rt fontosak, mert ha a besz\u00e1ll\u00edt\u00f3i kapcsolatokban el\u00e9gedettek lesznek a magyar kis-, vagy k\u00f6zepes c\u00e9ggel, akkor hosszabb t\u00e1von a magyar kkv egy glob\u00e1lis besz\u00e1ll\u00edt\u00f3i h\u00e1l\u00f3zat r\u00e9sze is lehet &#8211; mondta.<br \/>\nKiemelten fontosnak nevezte, hogy az Audi \u00e9s a Daimler Magyarorsz\u00e1gra hozta gy\u00e1rt\u00f3kapacit\u00e1s\u00e1nak j\u00f3 r\u00e9sz\u00e9t, hisz az Audi a magyar besz\u00e1ll\u00edt\u00f3inak \u00e9vente 450 milli\u00e1rd forintot fizet ki \u00e1ruik\u00e9rt, szolg\u00e1ltat\u00e1saik\u00e9rt.<br \/>\nR\u00e1mutatott: a vil\u00e1g 20 els\u0151k\u00f6r\u00f6s besz\u00e1ll\u00edt\u00f3i k\u00f6z\u00fcl 16 m\u00e1r itt van Magyarorsz\u00e1gon, \u00e9s az is jellemz\u0151, hogy a korm\u00e1ny eddig 26 Magyarorsz\u00e1gon tev\u00e9kenyked\u0151 nemzetk\u00f6zi nagy c\u00e9ggel k\u00f6t\u00f6tt strat\u00e9giai meg\u00e1llapod\u00e1st, k\u00f6z\u00fcl\u00fck 7 amerikai multinacion\u00e1lis v\u00e1llalat, ez is mutatja, milyen er\u0151sek az amerikai-magyar gazdas\u00e1gi kapcsolatok.<br \/>\nSzijj\u00e1rt\u00f3 P\u00e9ter ezzel kapcsolatban r\u00e9szletesen ismertette: a GE Hungary Kft. mintegy 2000 magyarorsz\u00e1gi telephely\u0171 besz\u00e1ll\u00edt\u00f3val rendelkezik, a National Instruments Hungary Kft. 720 magyar besz\u00e1ll\u00edt\u00f3 v\u00e1llalat mellett K+F m\u00e9rn\u00f6ki kapacit\u00e1ssal b\u00edr, a Jabil Circuit Magyarorsz\u00e1g Kft. k\u00f6r\u00fclbel\u00fcl 100 magyar besz\u00e1ll\u00edt\u00f3t foglalkoztat, a Siemens Zrt. hagyom\u00e1nyosan j\u00f3 kapcsolatot \u00e9p\u00edtett ki a magyar besz\u00e1ll\u00edt\u00f3kkal, \u00edgy t\u00f6bb mint 1000 magyar besz\u00e1ll\u00edt\u00f3val m\u0171k\u00f6dik egy\u00fctt, know-how \u00e9s termel\u00e9si kapcsolatban.<br \/>\nElmondta: az Ericsson Magyarorsz\u00e1g Kft.-n\u00e9l K+F tev\u00e9kenys\u00e9g zajlik, a Huawei Technologies Hungary Kft. b\u00e9rgy\u00e1rt\u00e1st folytat P\u00e9csett, k\u00f6zvetetten a Microsoft Magyarorsz\u00e1g Kft. 20 000 magyar dolgoz\u00f3nak ad munk\u00e1t besz\u00e1ll\u00edt\u00f3in kereszt\u00fcl, valamint az IBM Magyarorsz\u00e1g Kft. 30 sz\u00e1zal\u00e9kos besz\u00e1ll\u00edt\u00f3i ar\u00e1nnyal rendelkezik, ennek k\u00f6vetkezt\u00e9ben mintegy 5000 magyar dolgoz\u00f3nak ad munk\u00e1t besz\u00e1ll\u00edt\u00f3in kereszt\u00fcl.<br \/>\nA keleti nyit\u00e1st er\u0151s\u00edt\u0151 eszk\u00f6z\u00f6k k\u00f6z\u00e9 sorolta az \u00e1llamtitk\u00e1r az \u00fagynevezett k\u00f6t\u00f6tt seg\u00e9lyhiteleket is, amelyek szint\u00e9n er\u0151s\u00edthetik a magyar kkv-k k\u00fclpiacra t\u00f6rt\u00e9n\u0151 kivitel\u00e9t.<br \/>\nSzijj\u00e1rt\u00f3 P\u00e9ter elmondta: seg\u00e9lyhitelek alapj\u00e1n Vietnamban 12 magyar v\u00e1llalkoz\u00e1s kapott enged\u00e9lyt sert\u00e9sexportra, az ilyen hitelek keret\u00e9ben magyar v\u00e1llalkoz\u00e1sok export\u00e1lhatnak baromfit \u00e9s naposcsib\u00e9t (a sz\u00fcks\u00e9ges \u00e1llateg\u00e9szs\u00e9g\u00fcgyi bizony\u00edtv\u00e1nyokat paraf\u00e1lt\u00e1k), magyar c\u00e9g \u00e9p\u00edt onkol\u00f3giai k\u00f3rh\u00e1zat 60 milli\u00f3 eur\u00f3\u00e9rt k\u00f6t\u00f6tt seg\u00e9lyhitelb\u0151l a t\u00e1vol-keleti \u00e1llamban, \u00e9s magyar c\u00e9g kezdi meg egy vietnami tartom\u00e1ny n\u00e9pess\u00e9g-nyilv\u00e1ntart\u00f3 rendszer\u00e9nek l\u00e9trehoz\u00e1s\u00e1t 10 milli\u00f3 eur\u00f3\u00e9rt, k\u00f6t\u00f6tt seg\u00e9lyhitelb\u0151l, a szerz\u0151d\u00e9st m\u00e1r al\u00e1\u00edrt\u00e1k. Ugyancsak magyar c\u00e9g \u00e9p\u00edti ki egy vietnami tartom\u00e1ny v\u00edztiszt\u00edt\u00f3 rendszer\u00e9t, k\u00f6t\u00f6tt seg\u00e9lyhitelb\u0151l 10 milli\u00f3 eur\u00f3\u00e9rt &#8211; r\u00e9szletezte az \u00e1llamtitk\u00e1r a konferenci\u00e1n. (MTI)<\/p>\n","protected":false},"excerpt":{"rendered":"<p>Magyarorsz\u00e1gnak folytatnia kell a keleti nyit\u00e1st \u00e9s a sz\u00f6vets\u00e9gek k\u00f6t\u00e9s\u00e9t a magyar export b\u0151v\u00edt\u00e9s\u00e9nek seg\u00edt\u00e9s\u00e9re a k\u00f6vetkez\u0151 \u00e9vekben is &#8211; jelentette ki Szijj\u00e1rt\u00f3 P\u00e9ter, a Minisztereln\u00f6ks\u00e9g k\u00fcl\u00fcgyi \u00e9s k\u00fclgazdas\u00e1gi \u00e1llamtitk\u00e1ra cs\u00fct\u00f6rt\u00f6k\u00f6n a Vil\u00e1ggazdas\u00e1g napilap budapesti szakmai konferenci\u00e1j\u00e1n.<\/p>\n","protected":false},"author":1,"featured_media":0,"comment_status":"open","ping_status":"closed","sticky":false,"template":"","format":"standard","meta":[],"categories":[19],"tags":[],"_links":{"self":[{"href":"https:\/\/gazdasagportal.hu\/index.php\/wp-json\/wp\/v2\/posts\/9886"}],"collection":[{"href":"https:\/\/gazdasagportal.hu\/index.php\/wp-json\/wp\/v2\/posts"}],"about":[{"href":"https:\/\/gazdasagportal.hu\/index.php\/wp-json\/wp\/v2\/types\/post"}],"author":[{"embeddable":true,"href":"https:\/\/gazdasagportal.hu\/index.php\/wp-json\/wp\/v2\/users\/1"}],"replies":[{"embeddable":true,"href":"https:\/\/gazdasagportal.hu\/index.php\/wp-json\/wp\/v2\/comments?post=9886"}],"version-history":[{"count":3,"href":"https:\/\/gazdasagportal.hu\/index.php\/wp-json\/wp\/v2\/posts\/9886\/revisions"}],"predecessor-version":[{"id":9888,"href":"https:\/\/gazdasagportal.hu\/index.php\/wp-json\/wp\/v2\/posts\/9886\/revisions\/9888"}],"wp:attachment":[{"href":"https:\/\/gazdasagportal.hu\/index.php\/wp-json\/wp\/v2\/media?parent=9886"}],"wp:term":[{"taxonomy":"category","embeddable":true,"href":"https:\/\/gazdasagportal.hu\/index.php\/wp-json\/wp\/v2\/categories?post=9886"},{"taxonomy":"post_tag","embeddable":true,"href":"https:\/\/gazdasagportal.hu\/index.php\/wp-json\/wp\/v2\/tags?post=9886"}],"curies":[{"name":"wp","href":"https:\/\/api.w.org\/{rel}","templated":true}]}}