{"id":98848,"date":"2017-10-14T11:10:44","date_gmt":"2017-10-14T09:10:44","guid":{"rendered":"http:\/\/gazdasagportal.hu\/?p=98848"},"modified":"2017-10-14T09:11:16","modified_gmt":"2017-10-14T07:11:16","slug":"szombaton-ejjel-nem-lehet-mobilfizetessel-autopalya-matricat-vasarolni","status":"publish","type":"post","link":"https:\/\/gazdasagportal.hu\/index.php\/szombaton-ejjel-nem-lehet-mobilfizetessel-autopalya-matricat-vasarolni\/","title":{"rendered":"Szombaton \u00e9jjel nem lehet mobilfizet\u00e9ssel aut\u00f3p\u00e1lya matric\u00e1t v\u00e1s\u00e1rolni"},"content":{"rendered":"<p><strong>Szombaton este 22 \u00f3ra \u00e9s vas\u00e1rnap hajnali 2 \u00f3ra k\u00f6z\u00f6tt nem lehet mobilfizet\u00e9ssel aut\u00f3p\u00e1lya matric\u00e1t v\u00e1s\u00e1rolni, illetve parkol\u00e1st ind\u00edtani a Nemzeti Mobilfizet\u00e9si Rendszert \u00e9rint\u0151 tervezett karbantart\u00e1si munk\u00e1latok miatt &#8211; t\u00e1j\u00e9koztatta a Nemzeti Mobilfizet\u00e9si Zrt. p\u00e9nteken az MTI-t. <\/strong><!--more--><\/p>\n<div class=\"ads-in-post1\"><div id=\"gazdasagportal.hu_fullbanner_wideboard\"><\/div>\r\n<\/div>\n<p>    A t\u00e1rsas\u00e1g azt javasolja, hogy az \u00e9rintettek a karbantart\u00e1st megel\u0151z\u0151en el\u0151v\u00e9telben vagy m\u00e1s \u00e9rt\u00e9kes\u00edt\u00e9si csatorn\u00e1kon (a benzinkutakon) vegy\u00e9k meg a matric\u00e1t, mert m\u00e1r a d\u00edjk\u00f6teles \u00fatszakaszra val\u00f3 felhajt\u00e1skor rendelkezni kell \u00e9rv\u00e9nyes jogosults\u00e1ggal.(MTI)<br \/>\n<div class=\"ads-in-post2\"><script async src=\"https:\/\/pagead2.googlesyndication.com\/pagead\/js\/adsbygoogle.js\"><\/script>\r\n<ins class=\"adsbygoogle\"\r\n     style=\"display:block\"\r\n     data-ad-format=\"fluid\"\r\n     data-ad-layout-key=\"-6t+ed+2i-1n-4w\"\r\n     data-ad-client=\"ca-pub-1959107119989764\"\r\n     data-ad-slot=\"4008251320\"><\/ins>\r\n<script>\r\n     (adsbygoogle = window.adsbygoogle || []).push({});\r\n<\/script><\/div>\n","protected":false},"excerpt":{"rendered":"<p>Szombaton este 22 \u00f3ra \u00e9s vas\u00e1rnap hajnali 2 \u00f3ra k\u00f6z\u00f6tt nem lehet mobilfizet\u00e9ssel aut\u00f3p\u00e1lya matric\u00e1t v\u00e1s\u00e1rolni, illetve parkol\u00e1st ind\u00edtani a Nemzeti Mobilfizet\u00e9si Rendszert \u00e9rint\u0151 tervezett karbantart\u00e1si munk\u00e1latok miatt &#8211; t\u00e1j\u00e9koztatta a Nemzeti Mobilfizet\u00e9si Zrt. p\u00e9nteken az MTI-t.<\/p>\n","protected":false},"author":1,"featured_media":0,"comment_status":"closed","ping_status":"open","sticky":false,"template":"","format":"standard","meta":[],"categories":[19],"tags":[],"_links":{"self":[{"href":"https:\/\/gazdasagportal.hu\/index.php\/wp-json\/wp\/v2\/posts\/98848"}],"collection":[{"href":"https:\/\/gazdasagportal.hu\/index.php\/wp-json\/wp\/v2\/posts"}],"about":[{"href":"https:\/\/gazdasagportal.hu\/index.php\/wp-json\/wp\/v2\/types\/post"}],"author":[{"embeddable":true,"href":"https:\/\/gazdasagportal.hu\/index.php\/wp-json\/wp\/v2\/users\/1"}],"replies":[{"embeddable":true,"href":"https:\/\/gazdasagportal.hu\/index.php\/wp-json\/wp\/v2\/comments?post=98848"}],"version-history":[{"count":1,"href":"https:\/\/gazdasagportal.hu\/index.php\/wp-json\/wp\/v2\/posts\/98848\/revisions"}],"predecessor-version":[{"id":98849,"href":"https:\/\/gazdasagportal.hu\/index.php\/wp-json\/wp\/v2\/posts\/98848\/revisions\/98849"}],"wp:attachment":[{"href":"https:\/\/gazdasagportal.hu\/index.php\/wp-json\/wp\/v2\/media?parent=98848"}],"wp:term":[{"taxonomy":"category","embeddable":true,"href":"https:\/\/gazdasagportal.hu\/index.php\/wp-json\/wp\/v2\/categories?post=98848"},{"taxonomy":"post_tag","embeddable":true,"href":"https:\/\/gazdasagportal.hu\/index.php\/wp-json\/wp\/v2\/tags?post=98848"}],"curies":[{"name":"wp","href":"https:\/\/api.w.org\/{rel}","templated":true}]}}