{"id":98846,"date":"2017-10-14T13:09:12","date_gmt":"2017-10-14T11:09:12","guid":{"rendered":"http:\/\/gazdasagportal.hu\/?p=98846"},"modified":"2017-10-14T09:10:26","modified_gmt":"2017-10-14T07:10:26","slug":"az-el-nino-miatt-nott-rekordmagasra-a-levego-szen-dioxid-tartalma","status":"publish","type":"post","link":"https:\/\/gazdasagportal.hu\/index.php\/az-el-nino-miatt-nott-rekordmagasra-a-levego-szen-dioxid-tartalma\/","title":{"rendered":"Az El Nino miatt n\u0151tt rekordmagasra a leveg\u0151 sz\u00e9n-dioxid-tartalma"},"content":{"rendered":"<p><strong>A szuperer\u0151s El Nino \u00fajabb hat\u00e1s\u00e1ra der\u00edtett f\u00e9nyt az amerikai \u0171rkutat\u00e1si hivatal (NASA) egy \u00faj m\u0171holdja: az \u00e9ghajlati jelens\u00e9g sz\u00e1ml\u00e1j\u00e1ra \u00edrhat\u00f3 a leveg\u0151 sz\u00e9n-dioxid-tartalm\u00e1nak rekordm\u00e9ret\u0171 n\u00f6veked\u00e9se 2015-16-ban.<\/strong><!--more--><\/p>\n<div class=\"ads-in-post1\"><div id=\"gazdasagportal.hu_fullbanner_wideboard\"><\/div>\r\n<\/div>\n<p>    A Science tudom\u00e1nyos lapban megjelent tanulm\u00e1ny a NASA 2014-ben felbocs\u00e1tott m\u0171holdja, az Orbiting Carbon Observatory-2 (OCO-2) adatait elemezve meg\u00e1llap\u00edtotta, hogy az elm\u00falt 2000 \u00e9v legmagasabb \u00e9ves l\u00e9gk\u00f6ri sz\u00e9n-dioxid-emelked\u00e9s\u00e9t a F\u00f6ld tr\u00f3pusi r\u00e9gi\u00f3ib\u00f3l sz\u00e1rmaz\u00f3 sz\u00e9n-dioxid okozta.<br \/>\n    A tud\u00f3sok gyan\u00edtott\u00e1k, hogy az egyik leger\u0151sebb El Nino, a 2015-16-os sz\u00e1ml\u00e1j\u00e1ra \u00edrhat\u00f3 a jelens\u00e9g, \u00e1m hogy mik\u00e9nt, azt a jelen kutat\u00e1s der\u00edtette ki.<br \/>\n    Az OCO-2 els\u0151 28 h\u00f3napos adatait elemezve a tud\u00f3sok arra a k\u00f6vetkeztet\u00e9sre jutottak, hogy az El Nino &#8211; a Csendes-\u00f3ce\u00e1n Egyenl\u00edt\u0151 k\u00f6zeli v\u00edzfelsz\u00edn\u00e9nek n\u00e9h\u00e1ny \u00e9venk\u00e9nti felmeleged\u00e9se &#8211; okozta id\u0151j\u00e1r\u00e1si v\u00e1ltoz\u00e1sok \u00e1llnak a sz\u00e9n-dioxid-t\u00f6bblet h\u00e1tter\u00e9ben.<br \/>\n    &#8222;D\u00e9l-Amerika, Afrika \u00e9s Indon\u00e9zia tr\u00f3pusi vid\u00e9kei 2,5 milli\u00e1rd tonn\u00e1val t\u00f6bb sz\u00e9n-dioxidot bocs\u00e1tottak ki ekkor, mint 2011-ben&#8221; &#8211; mondta Junjie Liu, a NASA pasadenai laborat\u00f3rium\u00e1nak munkat\u00e1rsa, a tanulm\u00e1ny vezet\u0151 szerz\u0151je.<br \/>\n<div class=\"ads-in-post2\"><script async src=\"https:\/\/pagead2.googlesyndication.com\/pagead\/js\/adsbygoogle.js\"><\/script>\r\n<ins class=\"adsbygoogle\"\r\n     style=\"display:block\"\r\n     data-ad-format=\"fluid\"\r\n     data-ad-layout-key=\"-6t+ed+2i-1n-4w\"\r\n     data-ad-client=\"ca-pub-1959107119989764\"\r\n     data-ad-slot=\"4008251320\"><\/ins>\r\n<script>\r\n     (adsbygoogle = window.adsbygoogle || []).push({});\r\n<\/script><\/div>\n    Ez a t\u00f6bblet magyar\u00e1zza a 2015-16-os kiugr\u00f3 \u00e9rt\u00e9ket a 2011-eshez k\u00e9pest.<br \/>\n    A rekordnagys\u00e1g\u00fa n\u00f6veked\u00e9st r\u00e1ad\u00e1sul akkor m\u00e9rt\u00e9k, amikor az emberi tev\u00e9kenys\u00e9gb\u0151l sz\u00e1rmaz\u00f3 sz\u00e9n-dioxid-kibocs\u00e1t\u00e1s nagyj\u00e1b\u00f3l v\u00e1ltozatlan volt az El Nino el\u0151tti \u00e9vekhez k\u00e9pest.<br \/>\n    A 2015-ben m\u00e9rt, mintegy 3 milli\u00e1rd tonn\u00e1s n\u00f6veked\u00e9s mintegy 80 sz\u00e1zal\u00e9ka &#8211; 2,5 milli\u00e1rd tonna &#8211; sz\u00e1rmazott term\u00e9szetes forr\u00e1sb\u00f3l, nagyj\u00e1b\u00f3l azonos mennyis\u00e9gben D\u00e9l-Amerika, Afrika \u00e9s Indon\u00e9zia tr\u00f3pusi es\u0151erdeib\u0151l.<br \/>\n    D\u00e9l-Amerika tr\u00f3pusi vid\u00e9k\u00e9n az El Nino k\u00f6vetkezt\u00e9ben 2015 volt h\u00e1rom \u00e9vtized legsz\u00e1razabb \u00e9ve, ezt a n\u00f6v\u00e9nyzet is megszenvedte: a szok\u00e1sosn\u00e1l sokkal kevesebb sz\u00e9n-dioxidot vett fel a leveg\u0151b\u0151l.<br \/>\n    Afrik\u00e1ban ezzel szemben a szok\u00e1sos mennyis\u00e9g\u0171 csapad\u00e9k hullott, viszont sokkal melegebb volt az \u00e1tlagn\u00e1l, ez\u00e9rt a n\u00f6v\u00e9nyzet er\u0151sebben pusztult, ami nagyobb sz\u00e9n-dioxid-kibocs\u00e1t\u00e1st eredm\u00e9nyezett.<br \/>\n    \u00c1zsi\u00e1ban szint\u00e9n nagy volt a sz\u00e1razs\u00e1g, itt a t\u0151zeg- \u00e9s erd\u0151t\u00fczek okozt\u00e1k a sz\u00e9n-dioxoid-t\u00f6bblet nagy r\u00e9sz\u00e9t &#8211; \u00e1llap\u00edtott\u00e1k meg a tud\u00f3sok.(MTI)<\/p>\n","protected":false},"excerpt":{"rendered":"<p>A szuperer\u0151s El Nino \u00fajabb hat\u00e1s\u00e1ra der\u00edtett f\u00e9nyt az amerikai \u0171rkutat\u00e1si hivatal (NASA) egy \u00faj m\u0171holdja: az \u00e9ghajlati jelens\u00e9g sz\u00e1ml\u00e1j\u00e1ra \u00edrhat\u00f3 a leveg\u0151 sz\u00e9n-dioxid-tartalm\u00e1nak rekordm\u00e9ret\u0171 n\u00f6veked\u00e9se 2015-16-ban.<\/p>\n","protected":false},"author":1,"featured_media":0,"comment_status":"closed","ping_status":"open","sticky":false,"template":"","format":"standard","meta":[],"categories":[12],"tags":[],"_links":{"self":[{"href":"https:\/\/gazdasagportal.hu\/index.php\/wp-json\/wp\/v2\/posts\/98846"}],"collection":[{"href":"https:\/\/gazdasagportal.hu\/index.php\/wp-json\/wp\/v2\/posts"}],"about":[{"href":"https:\/\/gazdasagportal.hu\/index.php\/wp-json\/wp\/v2\/types\/post"}],"author":[{"embeddable":true,"href":"https:\/\/gazdasagportal.hu\/index.php\/wp-json\/wp\/v2\/users\/1"}],"replies":[{"embeddable":true,"href":"https:\/\/gazdasagportal.hu\/index.php\/wp-json\/wp\/v2\/comments?post=98846"}],"version-history":[{"count":1,"href":"https:\/\/gazdasagportal.hu\/index.php\/wp-json\/wp\/v2\/posts\/98846\/revisions"}],"predecessor-version":[{"id":98847,"href":"https:\/\/gazdasagportal.hu\/index.php\/wp-json\/wp\/v2\/posts\/98846\/revisions\/98847"}],"wp:attachment":[{"href":"https:\/\/gazdasagportal.hu\/index.php\/wp-json\/wp\/v2\/media?parent=98846"}],"wp:term":[{"taxonomy":"category","embeddable":true,"href":"https:\/\/gazdasagportal.hu\/index.php\/wp-json\/wp\/v2\/categories?post=98846"},{"taxonomy":"post_tag","embeddable":true,"href":"https:\/\/gazdasagportal.hu\/index.php\/wp-json\/wp\/v2\/tags?post=98846"}],"curies":[{"name":"wp","href":"https:\/\/api.w.org\/{rel}","templated":true}]}}