{"id":98842,"date":"2017-10-14T09:20:12","date_gmt":"2017-10-14T07:20:12","guid":{"rendered":"http:\/\/gazdasagportal.hu\/?p=98842"},"modified":"2017-10-14T08:12:22","modified_gmt":"2017-10-14T06:12:22","slug":"irani-atomprogram-az-amerikai-elnok-nem-mondta-fel-az-irani-atomalkut-de-elutasitotta-annak-jelenlegi-formajat","status":"publish","type":"post","link":"https:\/\/gazdasagportal.hu\/index.php\/irani-atomprogram-az-amerikai-elnok-nem-mondta-fel-az-irani-atomalkut-de-elutasitotta-annak-jelenlegi-formajat\/","title":{"rendered":"Ir\u00e1ni atomprogram &#8211; Az amerikai eln\u00f6k nem mondta fel az ir\u00e1ni atomalkut, de elutas\u00edtotta annak jelenlegi form\u00e1j\u00e1t"},"content":{"rendered":"<p><strong>Donald Trump amerikai eln\u00f6k nem mondta ugyan fel a 2015-ben Ir\u00e1nnal k\u00f6t\u00f6tt t\u00f6bbhatalmi atomalkut, de elutas\u00edtotta a jelenlegi form\u00e1j\u00e1t. Trump felhatalmazta a p\u00e9nz\u00fcgyminiszt\u00e9riumot, hogy l\u00e9ptessen \u00e9letbe \u00fajabb szigor\u00fa szankci\u00f3kat Teher\u00e1nnal szemben. <\/strong><!--more--><\/p>\n<div class=\"ads-in-post1\"><div id=\"gazdasagportal.hu_fullbanner_wideboard\"><\/div>\r\n<\/div>\n<p>    A Feh\u00e9r H\u00e1zb\u00f3l valamennyi telev\u00edzi\u00f3s csatorna \u00e1ltal \u00e9l\u0151ben k\u00f6zvet\u00edtett besz\u00e9d\u00e9ben Donald Trump bejelentette: nem hajland\u00f3 al\u00e1\u00edrni a h\u00e1romhavonta esed\u00e9kes igazol\u00e1st arr\u00f3l, hogy Ir\u00e1n betartja az atomalkut. Az eln\u00f6k arra hivatkozott: Teher\u00e1n nem tartja be a meg\u00e1llapod\u00e1s &#8222;szellemis\u00e9g\u00e9t&#8221;. Lesz\u00f6gezte: amennyiben a kongresszus nem t\u00e1mogatja az \u00faj strat\u00e9gi\u00e1t, felmondja az Egyes\u00fclt \u00c1llamok r\u00e9szv\u00e9tel\u00e9t a t\u00f6bbhatalmi meg\u00e1llapod\u00e1sban.<br \/>\n    Donald Trump hosszan ostorozta Ir\u00e1nt: azt \u00e1ll\u00edtotta, hogy az orsz\u00e1got 1979 \u00f3ta &#8222;fanatikus rezsim&#8221; \u00e9s &#8222;diktat\u00f3rikus vezet\u00e9s&#8221; ir\u00e1ny\u00edtja, amely mind a mai napig folyamatosan agresszi\u00f3t k\u00f6vet el, \u00e9s ennek nem csak az Egyes\u00fclt \u00c1llamok a c\u00e9lt\u00e1bl\u00e1ja. Utalt arra, hogy az Egyes\u00fclt \u00c1llamok ellen 2001. szeptember 11-\u00e9n elk\u00f6vetett terrort\u00e1mad\u00e1s el\u0151tt Ir\u00e1n otthont adott az al-Kaida terrorszervezet az\u00f3ta likvid\u00e1lt vezet\u0151je, Oszama bin Laden fi\u00e1nak, azt hangoztatta, hogy a sz\u00edriai polg\u00e1rh\u00e1bor\u00faban \u00e1ll\u00edt\u00f3lag Aszad eln\u00f6k korm\u00e1nyzata \u00e1ltal elk\u00f6vetett atrocit\u00e1sokat is Teher\u00e1n t\u00e1mogat\u00e1s\u00e1val hajtott\u00e1k v\u00e9gre \u00e9s sz\u00f3lt arr\u00f3l is, hogy szerinte Ir\u00e1n &#8222;hal\u00e1lt, rombol\u00e1st \u00e9s k\u00e1oszt&#8221; okozott szerte a vil\u00e1gban. &#8222;A rezsim v\u00e1ltozatlanul a vil\u00e1g els\u0151 sz\u00e1m\u00fa \u00e1llama, amely t\u00e1mogatja a terrorizmust&#8221; &#8211; fogalmazott.<br \/>\n<div class=\"ads-in-post2\"><script async src=\"https:\/\/pagead2.googlesyndication.com\/pagead\/js\/adsbygoogle.js\"><\/script>\r\n<ins class=\"adsbygoogle\"\r\n     style=\"display:block\"\r\n     data-ad-format=\"fluid\"\r\n     data-ad-layout-key=\"-6t+ed+2i-1n-4w\"\r\n     data-ad-client=\"ca-pub-1959107119989764\"\r\n     data-ad-slot=\"4008251320\"><\/ins>\r\n<script>\r\n     (adsbygoogle = window.adsbygoogle || []).push({});\r\n<\/script><\/div>\n    Az eln\u00f6k a 2015-ben k\u00f6t\u00f6tt meg\u00e1llapod\u00e1st az Egyes\u00fclt \u00c1llamok t\u00f6rt\u00e9nete &#8222;legrosszabb \u00e9s legink\u00e1bb egyoldal\u00fa&#8221; egyezm\u00e9ny\u00e9nek min\u0151s\u00edtette, \u00e9s lesz\u00f6gezte, hogy \u00e1ll\u00e1spontja szerint ez gazdas\u00e1gilag \u00e9s politikailag egyar\u00e1nt ment\u0151\u00f6vet ny\u00fajtott Ir\u00e1nnak &#8222;Vajon mire k\u00f6lt\u00f6tte az \u00edgy megtakar\u00edtott \u00f6sszeget?&#8221; &#8211; tette fel a k\u00e9rd\u00e9st.<br \/>\n    &#8222;Nem folytatjuk tov\u00e1bb ezt az utat, amely el\u0151rel\u00e1that\u00f3an m\u00e9g t\u00f6bb er\u0151szakot, m\u00e9g t\u00f6bb terrort \u00e9s val\u00f3di nukle\u00e1ris fenyeget\u00e9st jelent majd&#8221; &#8211; sz\u00f6gezte le. Hangs\u00falyozta: az amerikai korm\u00e1ny \u00fajabb, kem\u00e9ny szankci\u00f3kat vezet be, s ezek els\u0151sorban az iszl\u00e1m Forradalmi G\u00e1rd\u00e1t \u00e9rintik. Elmondta, hogy m\u00e1r felhatalmaz\u00e1st is adott a p\u00e9nz\u00fcgyminiszt\u00e9riumnak a szankci\u00f3k \u00e9letbe l\u00e9ptet\u00e9s\u00e9re. A szankci\u00f3k t\u00e1mogat\u00e1s\u00e1ra k\u00e9rte az Egyes\u00fclt \u00c1llamok sz\u00f6vets\u00e9geseit is.<br \/>\n    Donald Trump az Egyes\u00fclt \u00c1llamok Ir\u00e1nnal kapcsolatos politik\u00e1j\u00e1nak teljes \u00e1tgondol\u00e1s\u00e1t vetette fel, \u00e9s \u00faj strat\u00e9gi\u00e1t hirdetett meg. E strat\u00e9gia elemei k\u00f6z\u00f6tt eml\u00edtette tov\u00e1bbi szankci\u00f3k \u00e9letbe l\u00e9ptet\u00e9s\u00e9t Ir\u00e1n ellen &#8222;a terrorizmus t\u00e1mogat\u00e1s\u00e1nak megakad\u00e1lyoz\u00e1sa&#8221; c\u00e9lj\u00e1b\u00f3l, tov\u00e1bb\u00e1 az ir\u00e1ni atomfegyver l\u00e9trehoz\u00e1s\u00e1nak felt\u00e9tlen megakad\u00e1lyoz\u00e1s\u00e1t, a szomsz\u00e9daikat \u00e9s a glob\u00e1lis kereskedelmet, valamint a nemzetk\u00f6zi haj\u00f3z\u00e1si \u00fatvonalakat vesz\u00e9lyeztet\u0151 rezsimek elleni fell\u00e9p\u00e9st, az Egyes\u00fclt \u00c1llamok sz\u00f6vets\u00e9geseivel val\u00f3 egy\u00fcttm\u0171k\u00f6d\u00e9st a destabiliz\u00e1l\u00f3 rezsimek ellen.<br \/>\n    Trump lesz\u00f6gezte: amennyiben a kongresszus nem cselekszik, a Feh\u00e9r H\u00e1z egyoldal\u00faan felmondja az Ir\u00e1nnal k\u00f6t\u00f6tt t\u00f6bbhatalmi egyezm\u00e9nyt.<br \/>\n    A kongresszusnak 60 nap \u00e1ll a rendelkez\u00e9s\u00e9re a cselekv\u00e9shez: azaz az \u00faj szankci\u00f3k t\u00e1mogat\u00e1s\u00e1nak eld\u00f6nt\u00e9s\u00e9re \u00e9s a meg\u00e1llapod\u00e1s szerinte &#8222;komoly hi\u00e1nyoss\u00e1gainak&#8221; kik\u00fcsz\u00f6b\u00f6l\u00e9s\u00e9re. &#8222;Soha nem szabad megengedni, hogy Ir\u00e1n atomfegyverrel fenyegesse a vil\u00e1got&#8221; &#8211; sz\u00f6gezte le.(MTI)<\/p>\n","protected":false},"excerpt":{"rendered":"<p>Donald Trump amerikai eln\u00f6k nem mondta ugyan fel a 2015-ben Ir\u00e1nnal k\u00f6t\u00f6tt t\u00f6bbhatalmi atomalkut, de elutas\u00edtotta a jelenlegi form\u00e1j\u00e1t. Trump felhatalmazta a p\u00e9nz\u00fcgyminiszt\u00e9riumot, hogy l\u00e9ptessen \u00e9letbe \u00fajabb szigor\u00fa szankci\u00f3kat Teher\u00e1nnal szemben.<\/p>\n","protected":false},"author":1,"featured_media":0,"comment_status":"closed","ping_status":"open","sticky":false,"template":"","format":"standard","meta":[],"categories":[16],"tags":[],"_links":{"self":[{"href":"https:\/\/gazdasagportal.hu\/index.php\/wp-json\/wp\/v2\/posts\/98842"}],"collection":[{"href":"https:\/\/gazdasagportal.hu\/index.php\/wp-json\/wp\/v2\/posts"}],"about":[{"href":"https:\/\/gazdasagportal.hu\/index.php\/wp-json\/wp\/v2\/types\/post"}],"author":[{"embeddable":true,"href":"https:\/\/gazdasagportal.hu\/index.php\/wp-json\/wp\/v2\/users\/1"}],"replies":[{"embeddable":true,"href":"https:\/\/gazdasagportal.hu\/index.php\/wp-json\/wp\/v2\/comments?post=98842"}],"version-history":[{"count":1,"href":"https:\/\/gazdasagportal.hu\/index.php\/wp-json\/wp\/v2\/posts\/98842\/revisions"}],"predecessor-version":[{"id":98843,"href":"https:\/\/gazdasagportal.hu\/index.php\/wp-json\/wp\/v2\/posts\/98842\/revisions\/98843"}],"wp:attachment":[{"href":"https:\/\/gazdasagportal.hu\/index.php\/wp-json\/wp\/v2\/media?parent=98842"}],"wp:term":[{"taxonomy":"category","embeddable":true,"href":"https:\/\/gazdasagportal.hu\/index.php\/wp-json\/wp\/v2\/categories?post=98842"},{"taxonomy":"post_tag","embeddable":true,"href":"https:\/\/gazdasagportal.hu\/index.php\/wp-json\/wp\/v2\/tags?post=98842"}],"curies":[{"name":"wp","href":"https:\/\/api.w.org\/{rel}","templated":true}]}}