{"id":9878,"date":"2013-06-13T21:22:55","date_gmt":"2013-06-13T19:22:55","guid":{"rendered":"http:\/\/stockportal.hu\/?p=9878"},"modified":"2013-06-13T21:23:12","modified_gmt":"2013-06-13T19:23:12","slug":"csefalvay-elfogadta-a-kormany-az-innovacios-strategiat","status":"publish","type":"post","link":"https:\/\/gazdasagportal.hu\/index.php\/csefalvay-elfogadta-a-kormany-az-innovacios-strategiat\/","title":{"rendered":"Cs\u00e9falvay: elfogadta a korm\u00e1ny az innov\u00e1ci\u00f3s strat\u00e9gi\u00e1t"},"content":{"rendered":"<p><strong>Elfogadta a korm\u00e1ny az \u00e9vtized v\u00e9g\u00e9ig sz\u00f3l\u00f3 Nemzeti Kutat\u00e1s-fejleszt\u00e9si \u00e9s Innov\u00e1ci\u00f3s Strat\u00e9gi\u00e1t &#8211; mondta Cs\u00e9falvay Zolt\u00e1n a nemzetgazdas\u00e1gi miniszt\u00e9rium gazdas\u00e1gstrat\u00e9gi\u00e1\u00e9rt felel\u0151s \u00e1llamtitk\u00e1ra az MTI-nek, cs\u00fct\u00f6rt\u00f6k\u00f6n.<!--more--><\/strong><\/p>\n<p>A program egyik legfontosabb c\u00e9lkit\u0171z\u00e9s\u00e9nek nevezte, hogy az \u00e9vtized v\u00e9g\u00e9re a Magyarorsz\u00e1gon kutat\u00e1s-fejleszt\u00e9sre ford\u00edtott \u00f6sszeg a GDP 1,2 sz\u00e1zal\u00e9k\u00e1r\u00f3l 1,8 sz\u00e1zal\u00e9kra emelkedjen.<br \/>\nEml\u00e9keztetett: ma a r\u00e1ford\u00edt\u00e1sok k\u00f6zel k\u00e9tharmad\u00e1t a v\u00e1llalati szektor adja, \u00e9s ezt a &#8222;helyes ir\u00e1nyt&#8221; meg k\u00edv\u00e1nja tartani a korm\u00e1ny a j\u00f6v\u0151ben is.<br \/>\nM\u00e1sik fontos c\u00e9lkit\u0171z\u00e9snek nevezte, hogy a jelenlegi 37 ezer kutat\u00f3 sz\u00e1ma 2020-ra t\u00f6bb mint 50 ezerre b\u0151v\u00fclj\u00f6n Magyarorsz\u00e1gon.<br \/>\nCs\u00e9falvay Zolt\u00e1n szerint a gazdas\u00e1g\u00f6szt\u00f6nz\u00e9sben a kutat\u00e1s-fejleszt\u00e9s \u00e9s innov\u00e1ci\u00f3 (KFI) kiemelt szerepet kap az \u00faj, h\u00e9t\u00e9ves uni\u00f3s k\u00f6lts\u00e9gvet\u00e9si ciklusban. Ennek sor\u00e1n a t\u00e1mogat\u00e1sok k\u00f6zel 8 sz\u00e1zal\u00e9k\u00e1t ford\u00edthatj\u00e1k KFI c\u00e9lokra &#8211; tette hozz\u00e1.<br \/>\nA gazdas\u00e1gi t\u00e1rca kiemelt fontoss\u00e1g\u00fanak tartja a kutat\u00e1s-fejleszt\u00e9si tev\u00e9kenys\u00e9g t\u00e1mogat\u00e1s\u00e1nak a hagyom\u00e1nyos, vissza nem t\u00e9r\u00edtend\u0151 eszk\u00f6z\u00f6ket alkalmaz\u00f3 programokon t\u00falmutat\u00f3, &#8222;piack\u00f6zeli&#8221; p\u00e9nz\u00fcgyi eszk\u00f6z\u00f6kkel val\u00f3 seg\u00edt\u00e9s\u00e9t is. Ilyenek p\u00e9ld\u00e1ul a kombin\u00e1lt hitelek, a visszat\u00e9r\u00edtend\u0151 t\u00e1mogat\u00e1sok, a garancia, a t\u0151kealap\u00fa finansz\u00edroz\u00e1s.<br \/>\nAz \u00e1llamtitk\u00e1r alapk\u00e9rd\u00e9snek nevezte egy olyan t\u00e1mogat\u00f3 k\u00f6rnyezet fel\u00e9p\u00edt\u00e9s\u00e9t, amelynek &#8222;egyes elemei m\u00e1r l\u00e1that\u00f3ak, de bizonyos elemek m\u00e9g hi\u00e1nyoznak&#8221;.<br \/>\nSikernek nevezte a kock\u00e1zatit\u0151ke-finansz\u00edroz\u00e1s ter\u00fclet\u00e9n el\u00e9rt \u00e1tt\u00f6r\u00e9st, amely nagyban hozz\u00e1j\u00e1rult a technol\u00f3gia-orient\u00e1lt kisv\u00e1llalkoz\u00e1sok meger\u0151s\u00f6d\u00e9s\u00e9hez. Most indul a v\u00e1llalati start-up &#8222;inkub\u00e1ci\u00f3s&#8221; program, \u00e9s tov\u00e1bb kell l\u00e9pni az egyetemek \u00e9s v\u00e1llalatok int\u00e9zm\u00e9nyes\u00edtett egy\u00fcttm\u0171k\u00f6d\u00e9s\u00e9ben.<br \/>\nA strat\u00e9gia egyik c\u00e9lja az akad\u00e9miai, egyetemi szf\u00e9r\u00e1b\u00f3l kiker\u00fcl\u0151 technol\u00f3giai v\u00e1llalatok seg\u00edt\u00e9se, illetve az ipari, valamint az alkalmazott kutat\u00e1s-fejleszt\u00e9st jobban t\u00e1mogat\u00f3 int\u00e9zm\u00e9nyrendszer kialak\u00edt\u00e1sa &#8211; tette hozz\u00e1.<br \/>\nAz \u00e1llamtitk\u00e1r szerint a strat\u00e9gia v\u00e9grehajt\u00e1sa sor\u00e1n a K+F ad\u00f3oldali \u00f6szt\u00f6nz\u00e9s\u00e9nek tov\u00e1bbi b\u0151v\u00edt\u00e9s\u00e9re van sz\u00fcks\u00e9g, amellyel kapcsolatosan k\u00fcl\u00f6n munkacsoportot hoz l\u00e9tre a Nemzetgazdas\u00e1gi Miniszt\u00e9rium. Kiemelte: miut\u00e1n a korm\u00e1ny sz\u00e1m\u00e1ra a Szellemi Tulajdon Nemzeti Hivatala r\u00e9v\u00e9n rendelkez\u00e9sre \u00e1ll egy ellen\u0151rizhet\u0151 K+F-min\u0151s\u00edt\u00e9s, biztos\u00edthat\u00f3, hogy az ilyen ad\u00f3kedvezm\u00e9nyeket val\u00f3ban a kutat\u00e1s-fejleszt\u00e9st v\u00e9gz\u0151 v\u00e1llalatok vegy\u00e9k ig\u00e9nybe.<br \/>\nCs\u00e9falvay Zolt\u00e1n a strat\u00e9gi\u00e1val kapcsolatosan megjegyezte: a t\u00e1rca \u0151sszel hirdette meg az innov\u00e1ci\u00f3s strat\u00e9gia els\u0151 tervezet\u00e9t, majd orsz\u00e1gos konzult\u00e1ci\u00f3s sorozat eredm\u00e9nyek\u00e9nt t\u00f6bb mint 500 szerepl\u0151 \u00e9szrev\u00e9teleit figyelembe v\u00e9ve terjesztette a korm\u00e1ny el\u00e9 az elk\u00e9sz\u00fclt strat\u00e9gi\u00e1t. (MTI)<\/p>\n","protected":false},"excerpt":{"rendered":"<p>Elfogadta a korm\u00e1ny az \u00e9vtized v\u00e9g\u00e9ig sz\u00f3l\u00f3 Nemzeti Kutat\u00e1s-fejleszt\u00e9si \u00e9s Innov\u00e1ci\u00f3s Strat\u00e9gi\u00e1t &#8211; mondta Cs\u00e9falvay Zolt\u00e1n a nemzetgazdas\u00e1gi miniszt\u00e9rium gazdas\u00e1gstrat\u00e9gi\u00e1\u00e9rt felel\u0151s \u00e1llamtitk\u00e1ra az MTI-nek, cs\u00fct\u00f6rt\u00f6k\u00f6n.<\/p>\n","protected":false},"author":1,"featured_media":0,"comment_status":"open","ping_status":"closed","sticky":false,"template":"","format":"standard","meta":[],"categories":[19,18],"tags":[],"_links":{"self":[{"href":"https:\/\/gazdasagportal.hu\/index.php\/wp-json\/wp\/v2\/posts\/9878"}],"collection":[{"href":"https:\/\/gazdasagportal.hu\/index.php\/wp-json\/wp\/v2\/posts"}],"about":[{"href":"https:\/\/gazdasagportal.hu\/index.php\/wp-json\/wp\/v2\/types\/post"}],"author":[{"embeddable":true,"href":"https:\/\/gazdasagportal.hu\/index.php\/wp-json\/wp\/v2\/users\/1"}],"replies":[{"embeddable":true,"href":"https:\/\/gazdasagportal.hu\/index.php\/wp-json\/wp\/v2\/comments?post=9878"}],"version-history":[{"count":3,"href":"https:\/\/gazdasagportal.hu\/index.php\/wp-json\/wp\/v2\/posts\/9878\/revisions"}],"predecessor-version":[{"id":9901,"href":"https:\/\/gazdasagportal.hu\/index.php\/wp-json\/wp\/v2\/posts\/9878\/revisions\/9901"}],"wp:attachment":[{"href":"https:\/\/gazdasagportal.hu\/index.php\/wp-json\/wp\/v2\/media?parent=9878"}],"wp:term":[{"taxonomy":"category","embeddable":true,"href":"https:\/\/gazdasagportal.hu\/index.php\/wp-json\/wp\/v2\/categories?post=9878"},{"taxonomy":"post_tag","embeddable":true,"href":"https:\/\/gazdasagportal.hu\/index.php\/wp-json\/wp\/v2\/tags?post=9878"}],"curies":[{"name":"wp","href":"https:\/\/api.w.org\/{rel}","templated":true}]}}