{"id":98744,"date":"2017-10-12T04:04:34","date_gmt":"2017-10-12T02:04:34","guid":{"rendered":"http:\/\/gazdasagportal.hu\/?p=98744"},"modified":"2017-10-11T20:31:20","modified_gmt":"2017-10-11T18:31:20","slug":"ujabb-elorehozott-beremeles-az-auchannal-2-milliard-forintot-meghalado-befektetessel","status":"publish","type":"post","link":"https:\/\/gazdasagportal.hu\/index.php\/ujabb-elorehozott-beremeles-az-auchannal-2-milliard-forintot-meghalado-befektetessel\/","title":{"rendered":"\u00dajabb, el\u0151rehozott b\u00e9remel\u00e9s az Auchann\u00e1l,  2 milli\u00e1rd forintot meghalad\u00f3 befektet\u00e9ssel"},"content":{"rendered":"<p><strong><em>Az elm\u00falt \u00e9vek eredm\u00e9nyeinek \u00e9s a tervezett terjeszked\u00e9snek k\u00f6sz\u00f6nhet\u0151en l\u00e9tsz\u00e1mb\u0151v\u00edt\u00e9st is tervez az \u00e1ruh\u00e1zl\u00e1nc <\/em><\/strong><!--more--><\/p>\n<div class=\"ads-in-post1\"><div id=\"gazdasagportal.hu_fullbanner_wideboard\"><\/div>\r\n<\/div>\n<p>&nbsp;<\/p>\n<p><strong>Az Auchan Retail Magyarorsz\u00e1g vezet\u0151s\u00e9ge kedden meg\u00e1llapodott a Kereskedelmi Alkalmazottak Szakszervezet\u00e9nek tiszts\u00e9gvisel\u0151ivel, miut\u00e1n meghallgatta a javaslataikat. A v\u00e1llalat nyitott a b\u00e9rek ism\u00e9telt, jelent\u0151s emel\u00e9s\u00e9re: m\u00e1r 2017. november 1-t\u0151l el\u0151rehozott, \u00e1ltal\u00e1nos b\u00e9remel\u00e9st hajt v\u00e9gre. A d\u00f6nt\u00e9s az \u00f6sszes \u00e1ruh\u00e1zi alkalmazotti (nem vezet\u0151i) beoszt\u00e1s\u00fa munkat\u00e1rsat \u00e9rinti. Az alkalmazottak b\u00e9re \u00edgy \u00e1tlagosan 13,6%-kal emelkedik. Az \u00e1ruh\u00e1zi alkalmazotti munkak\u00f6r\u00f6kben foglalkoztatott munkav\u00e1llal\u00f3k \u00e1tlagosan el\u00e9rhet\u0151 havi brutt\u00f3 j\u00f6vedelme* 247 000 Ft lesz. \u00a0A v\u00e1llalat emellett az \u00e1ruh\u00e1zi, menedzseri poz\u00edci\u00f3ban dolgoz\u00f3 munkat\u00e1rsak b\u00e9r\u00e9t is rendezi. Az eml\u00edtett b\u00e9remel\u00e9sek \u00f6sszesen t\u00f6bb mint 2 milli\u00e1rd Ft befektet\u00e9st jelentenek 2017 \u00e9v v\u00e9g\u00e9re \u00e9s 2018-ra vonatkoz\u00f3an az Auchan Retail Magyarorsz\u00e1g sz\u00e1m\u00e1ra.<\/strong><br \/>\n<div class=\"ads-in-post2\"><script async src=\"https:\/\/pagead2.googlesyndication.com\/pagead\/js\/adsbygoogle.js\"><\/script>\r\n<ins class=\"adsbygoogle\"\r\n     style=\"display:block\"\r\n     data-ad-format=\"fluid\"\r\n     data-ad-layout-key=\"-6t+ed+2i-1n-4w\"\r\n     data-ad-client=\"ca-pub-1959107119989764\"\r\n     data-ad-slot=\"4008251320\"><\/ins>\r\n<script>\r\n     (adsbygoogle = window.adsbygoogle || []).push({});\r\n<\/script><\/div>\n<p>\u201eKem\u00e9ny, de korrekt b\u00e9rt\u00e1rgyal\u00e1son vagyunk t\u00fal. Az \u00e1ltal\u00e1nos 13,6%-os fejleszt\u00e9s jelent\u0151s emel\u00e9st tesz lehet\u0151v\u00e9 az egyes b\u00e9rkateg\u00f3ri\u00e1kban, k\u00fcl\u00f6n\u00f6sen az alacsonyabb b\u00e9rek eset\u00e9ben. \u00d6r\u00fcl\u00fcnk a l\u00e9tsz\u00e1mfejleszt\u00e9si terveknek, de ehhez els\u0151 l\u00e9p\u00e9sk\u00e9nt a jelenlegi hi\u00e1nyt kell cs\u00f6kkenteni\u201d\u2013 tette hozz\u00e1 dr. S\u00e1ling J\u00f3zsef, a Kereskedelmi Alkalmazottak Szakszervezet\u00e9nek eln\u00f6ke. Az Auchan Retail Magyarorsz\u00e1g vezet\u00e9se tov\u00e1bbra is mindent megtesz az\u00e9rt, hogy ezeket a poz\u00edci\u00f3kat a megfelel\u0151 szakemberekkel bet\u00f6ltse.<\/p>\n<p>&nbsp;<\/p>\n<p>A v\u00e1llalatn\u00e1l nem ez az els\u0151 jelent\u0151s, \u00e1ltal\u00e1nos b\u00e9remel\u00e9s: az elm\u00falt k\u00e9t \u00e9v alatt \u00f6sszesen 2,7 milli\u00e1rd forintot ford\u00edtott b\u00e9rfejleszt\u00e9sre az Auchan, ez id\u0151 alatt \u00e1tlagosan 24 sz\u00e1zal\u00e9kkal n\u00f6vekedett az \u00e1ruh\u00e1zi alkalmazottak brutt\u00f3 alapb\u00e9re.<\/p>\n<p>&nbsp;<\/p>\n<p>\u201eAz elm\u00falt \u00e9vek pozit\u00edv p\u00e9nz\u00fcgyi eredm\u00e9nyeire \u2013 amelyek minden egyes munkat\u00e1rsunk munk\u00e1j\u00e1nak k\u00f6sz\u00f6nhet\u0151ek \u2013 \u00e9s a tervezett \u00faj \u00e1ruh\u00e1znyit\u00e1sokra tekintettel, l\u00e9tsz\u00e1mb\u0151v\u00edt\u00e9sre lesz lehet\u0151s\u00e9g\u00fcnk a j\u00f6v\u0151ben. Az Auchan Retail Magyarorsz\u00e1g a felel\u0151s, stabil munk\u00e1ltat\u00f3i h\u00e1tt\u00e9r, b\u00e9rez\u00e9s \u00e9s juttat\u00e1sok, valamint a r\u00e9szv\u00e9nyesi program mellett a munkat\u00e1rsak k\u00e9pz\u00e9s\u00e9re, fejl\u0151d\u00e9s\u00e9re helyezi a hangs\u00falyt, hossz\u00fa t\u00e1v\u00fa karrierutat k\u00edn\u00e1lva sz\u00e1mukra. B\u00edzunk benne, hogy ezzel a jelent\u0151s b\u00e9remel\u00e9ssel \u00fajabb l\u00e9p\u00e9st tett\u00fcnk annak \u00e9rdek\u00e9ben, hogy jobb\u00e1 tegy\u00fck munkat\u00e1rsaink \u00e9let\u00e9t \u00e9s m\u00e9g vonz\u00f3bb munk\u00e1ltat\u00f3v\u00e1 v\u00e1ljunk\u201d \u2013 mondta el Dominique Ducoux, az Auchan Retail Magyarorsz\u00e1g vez\u00e9rigazgat\u00f3ja.<\/p>\n<p><em>*A havi j\u00f6vedelem mag\u00e1ban foglalja az alapb\u00e9r, k\u00fcl\u00f6nb\u00f6z\u0151 p\u00f3tl\u00e9kok, t\u00fal\u00f3ra, pr\u00e9miumok \u00e9s az egy\u00e9b b\u00e9ren k\u00edv\u00fcli juttat\u00e1sokat is.<\/em><\/p>\n<p><em>\u00a0<\/em><\/p>\n<p><strong>Auchan Retail Magyarorsz\u00e1g:<br \/>\n<\/strong>Az Auchan Retail Magyarorsz\u00e1g 19 \u00e1ruh\u00e1zat, 1 szupermarketet, 18 diszkont \u00fczemanyag-t\u00f6lt\u0151\u00e1llom\u00e1st \u00e9s 1 online \u00e1ruh\u00e1zat \u00fczemeltet, \u00e9s k\u00f6zel 7 000 f\u0151t foglalkoztat. A v\u00e1llalat jelent\u0151s gazdas\u00e1gi szerepl\u0151v\u00e9 v\u00e1lt az elm\u00falt 19 \u00e9vben az eddigi, mintegy 200 milli\u00e1rd Ft \u00e9rt\u00e9k\u0171 magyarorsz\u00e1gi beruh\u00e1z\u00e1ssal. Az \u00e1ruh\u00e1zl\u00e1nc sz\u00e9les v\u00e1laszt\u00e9k\u00e1r\u00f3l \u00e9s diszkont \u00e1rair\u00f3l ismert. Az Auchan elk\u00f6telezett az\u00e9rt, hogy jobb\u00e1 tegye v\u00e1s\u00e1rl\u00f3i, munkat\u00e1rsai \u00e9s partnerei \u00e9let\u00e9t, \u00e9s hozz\u00e1j\u00e1ruljon a lakoss\u00e1g \u00e9letmin\u0151s\u00e9g\u00e9nek jav\u00edt\u00e1s\u00e1hoz.<\/p>\n","protected":false},"excerpt":{"rendered":"<p>Az elm\u00falt \u00e9vek eredm\u00e9nyeinek \u00e9s a tervezett terjeszked\u00e9snek k\u00f6sz\u00f6nhet\u0151en l\u00e9tsz\u00e1mb\u0151v\u00edt\u00e9st is tervez az \u00e1ruh\u00e1zl\u00e1nc<\/p>\n","protected":false},"author":1,"featured_media":0,"comment_status":"closed","ping_status":"open","sticky":false,"template":"","format":"standard","meta":[],"categories":[4,19],"tags":[],"_links":{"self":[{"href":"https:\/\/gazdasagportal.hu\/index.php\/wp-json\/wp\/v2\/posts\/98744"}],"collection":[{"href":"https:\/\/gazdasagportal.hu\/index.php\/wp-json\/wp\/v2\/posts"}],"about":[{"href":"https:\/\/gazdasagportal.hu\/index.php\/wp-json\/wp\/v2\/types\/post"}],"author":[{"embeddable":true,"href":"https:\/\/gazdasagportal.hu\/index.php\/wp-json\/wp\/v2\/users\/1"}],"replies":[{"embeddable":true,"href":"https:\/\/gazdasagportal.hu\/index.php\/wp-json\/wp\/v2\/comments?post=98744"}],"version-history":[{"count":1,"href":"https:\/\/gazdasagportal.hu\/index.php\/wp-json\/wp\/v2\/posts\/98744\/revisions"}],"predecessor-version":[{"id":98745,"href":"https:\/\/gazdasagportal.hu\/index.php\/wp-json\/wp\/v2\/posts\/98744\/revisions\/98745"}],"wp:attachment":[{"href":"https:\/\/gazdasagportal.hu\/index.php\/wp-json\/wp\/v2\/media?parent=98744"}],"wp:term":[{"taxonomy":"category","embeddable":true,"href":"https:\/\/gazdasagportal.hu\/index.php\/wp-json\/wp\/v2\/categories?post=98744"},{"taxonomy":"post_tag","embeddable":true,"href":"https:\/\/gazdasagportal.hu\/index.php\/wp-json\/wp\/v2\/tags?post=98744"}],"curies":[{"name":"wp","href":"https:\/\/api.w.org\/{rel}","templated":true}]}}