{"id":98725,"date":"2017-10-11T15:34:03","date_gmt":"2017-10-11T13:34:03","guid":{"rendered":"http:\/\/gazdasagportal.hu\/?p=98725"},"modified":"2017-10-11T15:30:56","modified_gmt":"2017-10-11T13:30:56","slug":"ma-a-keresztenyseg-a-leguldozottebb-vallas","status":"publish","type":"post","link":"https:\/\/gazdasagportal.hu\/index.php\/ma-a-keresztenyseg-a-leguldozottebb-vallas\/","title":{"rendered":"A kereszt\u00e9nys\u00e9g a leg\u00fcld\u00f6z\u00f6ttebb vall\u00e1s"},"content":{"rendered":"<p><strong>Minden \u00f6t olyan ember k\u00f6z\u00fcl, akit a vall\u00e1sa miatt \u00fcld\u00f6znek a vil\u00e1gon, n\u00e9gy kereszt\u00e9ny, vagyis kimondhatjuk, hogy ma a kereszt\u00e9nys\u00e9g a leg\u00fcld\u00f6z\u00f6ttebb vall\u00e1s &#8211; jelentette ki az Emberi Er\u0151forr\u00e1sok Miniszt\u00e9rium\u00e1nak az \u00fcld\u00f6z\u00f6tt kereszt\u00e9nyek megseg\u00edt\u00e9s\u00e9\u00e9rt felel\u0151s helyettes \u00e1llamtitk\u00e1ra az M1 aktu\u00e1lis csatorna szerdai m\u0171sor\u00e1ban.<\/strong><!--more--><\/p>\n<div class=\"ads-in-post1\"><div id=\"gazdasagportal.hu_fullbanner_wideboard\"><\/div>\r\n<\/div>\n<p>    Ebben a helyzetben a magyar korm\u00e1ny c\u00e9lja, hogy t\u00e1mogat\u00e1si programokkal tegye lehet\u0151v\u00e9 a K\u00f6zel-Keleten, illetve Afrik\u00e1ban, hogy az \u0151shonos kereszt\u00e9ny k\u00f6z\u00f6ss\u00e9gek a sz\u00fcl\u0151f\u00f6ldj\u00fck\u00f6n maradhassanak \u00e9s szabadon gyakorolhass\u00e1k a vall\u00e1sukat &#8211; k\u00f6z\u00f6lte Azbej Tristan.<br \/>\n    Hozz\u00e1tette, fontos feladatuknak tekintik azt is, hogy led\u00f6nts\u00e9k azt a tabut, ami a nyugati vil\u00e1gban a kereszt\u00e9ny\u00fcld\u00f6z\u00e9s t\u00e9m\u00e1j\u00e1t \u00f6vezi. Ugyanis a kereszt\u00e9ny\u00fcld\u00f6z\u00e9s egy olyan jelens\u00e9g, amely nem kap k\u00fcl\u00f6n\u00f6sebb figyelmet a vil\u00e1gban, k\u00fcl\u00f6n\u00f6sen annak nyugati fel\u00e9n &#8211; mondta.<br \/>\n<div class=\"ads-in-post2\"><script async src=\"https:\/\/pagead2.googlesyndication.com\/pagead\/js\/adsbygoogle.js\"><\/script>\r\n<ins class=\"adsbygoogle\"\r\n     style=\"display:block\"\r\n     data-ad-format=\"fluid\"\r\n     data-ad-layout-key=\"-6t+ed+2i-1n-4w\"\r\n     data-ad-client=\"ca-pub-1959107119989764\"\r\n     data-ad-slot=\"4008251320\"><\/ins>\r\n<script>\r\n     (adsbygoogle = window.adsbygoogle || []).push({});\r\n<\/script><\/div>\n    \u00dagy v\u00e9lekedett: nyugaton az\u00e9rt nem hallj\u00e1k meg az \u00fcld\u00f6z\u00f6tt kereszt\u00e9nyek seg\u00e9lyki\u00e1lt\u00e1s\u00e1t, mert az a t\u00e9ny, hogy a kereszt\u00e9nys\u00e9g a leg\u00fcld\u00f6z\u00f6ttebb vall\u00e1s a vil\u00e1gon, nem f\u00e9r bele a nyugati liber\u00e1lis, politikailag korrekt narrat\u00edv\u00e1ba.<br \/>\n    Ez\u00e9rt a magyar korm\u00e1ny b\u00fcszke lehet arra, hogy az egyetlen a vil\u00e1gon, amely ilyen magas szinten foglalkozik az \u00fcld\u00f6z\u00f6tt kereszt\u00e9nyek k\u00e9pviselet\u00e9vel &#8211; mondta a helyettes \u00e1llamtitk\u00e1r.<br \/>\n    Arr\u00f3l is besz\u00e1molt, hogy a Magyar Nemzeti M\u00fazeumban egy ki\u00e1ll\u00edt\u00e1s l\u00e1that\u00f3, amely szakr\u00e1lis t\u00e1rgyakon kereszt\u00fcl mutatja be a k\u00f6zel-keleti kereszt\u00e9ny\u00fcld\u00f6z\u00e9s borzalmait.<br \/>\n(MTI)<\/p>\n","protected":false},"excerpt":{"rendered":"<p>Minden \u00f6t olyan ember k\u00f6z\u00fcl, akit a vall\u00e1sa miatt \u00fcld\u00f6znek a vil\u00e1gon, n\u00e9gy kereszt\u00e9ny, vagyis kimondhatjuk, hogy ma a kereszt\u00e9nys\u00e9g a leg\u00fcld\u00f6z\u00f6ttebb vall\u00e1s &#8211; jelentette ki az Emberi Er\u0151forr\u00e1sok Miniszt\u00e9rium\u00e1nak az \u00fcld\u00f6z\u00f6tt kereszt\u00e9nyek megseg\u00edt\u00e9s\u00e9\u00e9rt felel\u0151s helyettes \u00e1llamtitk\u00e1ra az M1 aktu\u00e1lis csatorna szerdai m\u0171sor\u00e1ban.<\/p>\n","protected":false},"author":1,"featured_media":0,"comment_status":"closed","ping_status":"open","sticky":false,"template":"","format":"standard","meta":[],"categories":[4],"tags":[],"_links":{"self":[{"href":"https:\/\/gazdasagportal.hu\/index.php\/wp-json\/wp\/v2\/posts\/98725"}],"collection":[{"href":"https:\/\/gazdasagportal.hu\/index.php\/wp-json\/wp\/v2\/posts"}],"about":[{"href":"https:\/\/gazdasagportal.hu\/index.php\/wp-json\/wp\/v2\/types\/post"}],"author":[{"embeddable":true,"href":"https:\/\/gazdasagportal.hu\/index.php\/wp-json\/wp\/v2\/users\/1"}],"replies":[{"embeddable":true,"href":"https:\/\/gazdasagportal.hu\/index.php\/wp-json\/wp\/v2\/comments?post=98725"}],"version-history":[{"count":2,"href":"https:\/\/gazdasagportal.hu\/index.php\/wp-json\/wp\/v2\/posts\/98725\/revisions"}],"predecessor-version":[{"id":98727,"href":"https:\/\/gazdasagportal.hu\/index.php\/wp-json\/wp\/v2\/posts\/98725\/revisions\/98727"}],"wp:attachment":[{"href":"https:\/\/gazdasagportal.hu\/index.php\/wp-json\/wp\/v2\/media?parent=98725"}],"wp:term":[{"taxonomy":"category","embeddable":true,"href":"https:\/\/gazdasagportal.hu\/index.php\/wp-json\/wp\/v2\/categories?post=98725"},{"taxonomy":"post_tag","embeddable":true,"href":"https:\/\/gazdasagportal.hu\/index.php\/wp-json\/wp\/v2\/tags?post=98725"}],"curies":[{"name":"wp","href":"https:\/\/api.w.org\/{rel}","templated":true}]}}