{"id":98721,"date":"2017-10-11T15:07:27","date_gmt":"2017-10-11T13:07:27","guid":{"rendered":"http:\/\/gazdasagportal.hu\/?p=98721"},"modified":"2017-10-11T15:07:27","modified_gmt":"2017-10-11T13:07:27","slug":"katalan-nepszavazas-a-spanyol-lapok-csapdakent-ertelmezik-a-katalan-elnok-parlamenti-beszedet","status":"publish","type":"post","link":"https:\/\/gazdasagportal.hu\/index.php\/katalan-nepszavazas-a-spanyol-lapok-csapdakent-ertelmezik-a-katalan-elnok-parlamenti-beszedet\/","title":{"rendered":"Katal\u00e1n n\u00e9pszavaz\u00e1s &#8211; A spanyol lapok csapdak\u00e9nt \u00e9rtelmezik a katal\u00e1n eln\u00f6k parlamenti besz\u00e9d\u00e9t"},"content":{"rendered":"<p><strong>Csapdak\u00e9nt \u00e9rtelmezi Carles Puigdemont katal\u00e1n eln\u00f6k kedd esti parlamenti besz\u00e9d\u00e9t t\u00f6bb spanyol orsz\u00e1gos napilap szerd\u00e1n megjelent szerkeszt\u0151s\u00e9gi v\u00e9lem\u00e9nycikk\u00e9ben.<\/strong><!--more--><\/p>\n<div class=\"ads-in-post1\"><div id=\"gazdasagportal.hu_fullbanner_wideboard\"><\/div>\r\n<\/div>\n<p>    Az El Pa\u00eds c\u00edm\u0171 baloldali \u00fajs\u00e1g szerint az, ami elhangzott, egyoldal\u00fa f\u00fcggetlens\u00e9gi nyilatkozat, amely m\u00e9g \u00e1lc\u00e1zott form\u00e1j\u00e1ban is s\u00e9rti a jogrend legmagasabb norm\u00e1it.<br \/>\n    &#8222;Mindenkinek tiszt\u00e1ban kell lennie azzal, hogy a zavar, amelyet tegnap Puigdemont okozott, szerves r\u00e9sze f\u00fcggetlens\u00e9gi strat\u00e9gi\u00e1j\u00e1nak&#8221; &#8211; \u00edrta a lap, amely szerint a katal\u00e1n eln\u00f6k \u00e1ltal felaj\u00e1nlott, k\u00f6zvet\u00edt\u0151k \u00fatj\u00e1n folytatott p\u00e1rbesz\u00e9d eredm\u00e9nye eleve elrendelt, csak a f\u00fcggetlens\u00e9ghez vezethet, ami Puigdemont szerint az egyetlen lehets\u00e9ges forgat\u00f3k\u00f6nyv okt\u00f3ber 1-je ut\u00e1n.<br \/>\n    Az El Pa\u00eds hasztalan er\u0151fesz\u00edt\u00e9snek nevezte a k\u00f6zvet\u00edt\u00e9s ir\u00e1nti ig\u00e9nyt a nemzetk\u00f6zi k\u00f6z\u00f6ss\u00e9g kor\u00e1bbi reakci\u00f3j\u00e1ra hivatkozva. Meg\u00e1llap\u00edt\u00e1sa szerint &#8222;ez \u00fajabb ultim\u00e1tum a demokr\u00e1ci\u00e1nak&#8221;.<br \/>\n<div class=\"ads-in-post2\"><script async src=\"https:\/\/pagead2.googlesyndication.com\/pagead\/js\/adsbygoogle.js\"><\/script>\r\n<ins class=\"adsbygoogle\"\r\n     style=\"display:block\"\r\n     data-ad-format=\"fluid\"\r\n     data-ad-layout-key=\"-6t+ed+2i-1n-4w\"\r\n     data-ad-client=\"ca-pub-1959107119989764\"\r\n     data-ad-slot=\"4008251320\"><\/ins>\r\n<script>\r\n     (adsbygoogle = window.adsbygoogle || []).push({});\r\n<\/script><\/div>\n    Az ABC c\u00edm\u0171 konzervat\u00edv napilap a &#8222;szavak j\u00e1t\u00e9k\u00e1nak&#8221; nevezte a katal\u00e1n eln\u00f6k \u00e1ltal mondottakat, amely azonban szerinte csak kev\u00e9ss\u00e9 vagy egy\u00e1ltal\u00e1n nem v\u00e1ltoztatja meg a szeparatista menetrendet.<br \/>\n    Az elhangzottak tov\u00e1bbra is az \u00e1llam \u00e9s a t\u00f6rv\u00e9nyess\u00e9g elv\u00e9nek&#8221; elfogadhatatlan zsarol\u00e1s\u00e1t&#8221; jelentik &#8211; \u00edrta az \u00fajs\u00e1g, hangs\u00falyozva: az \u00e1llam k\u00f6teless\u00e9ge, hogy ne fogadja el a zsarol\u00e1sokat, ne fogadja a el k\u00f6zvet\u00edt\u00e9st, \u00e9s ne fogadjon el &#8222;sem ma, sem soha&#8221; &#8222;egy int\u00e9zm\u00e9nyi puccs r\u00e9v\u00e9n kier\u0151szakolt&#8221;, egyoldal\u00fa f\u00fcggetlens\u00e9gi nyilatkozatot.<br \/>\n    Az ABC hangs\u00falyozta: Puigdemont nem h\u00e1tr\u00e1lt meg, csak saj\u00e1t ag\u00f3ni\u00e1j\u00e1t hosszabb\u00edtja meg hamis, m\u00e9ltatlan m\u00f3don, \u00e9s megpr\u00f3b\u00e1lja megszerezni a nemzetk\u00f6zi legitimit\u00e1st, ami &#8222;nem l\u00e9tezik, csak a t\u00e9veszm\u00e9iben&#8221;.<br \/>\n    A szerkeszt\u0151s\u00e9g v\u00e9lem\u00e9nye szerint elengedhetetlenn\u00e9 v\u00e1lt az alkotm\u00e1ny 155-\u00f6s cikkely\u00e9nek alkalmaz\u00e1sa, hogy Katal\u00f3ni\u00e1ban \u00faj helyi v\u00e1laszt\u00e1sokat tartsanak, mert &#8222;Katal\u00f3nia nem maradhat ennyire alkalmatlan vezet\u0151k kez\u00e9ben&#8221;.<br \/>\n    A La Vanguardia c\u00edm\u0171 katal\u00e1n napilap meg\u00e1llap\u00edt\u00e1sa szerint amit Carles Puigdemont el\u00e9rt, az a &#8222;bizonytalans\u00e1g&#8221; \u00e9s a &#8222;z\u0171rzavar&#8221;, besz\u00e9d\u00e9nek olvasata sok k\u00e9ts\u00e9get hagy. Ez \u00fajabb t\u00f6rekv\u00e9s az id\u0151nyer\u00e9sre, a f\u00fcggetlens\u00e9gi folyamat meghosszabb\u00edt\u00e1s\u00e1ra, m\u00e9g tov\u00e1bb, mint az eredetileg kit\u0171z\u00f6tt 18 h\u00f3nap, \u00e9s a bizonytalans\u00e1g \u00e1llapot\u00e1nak fenntart\u00e1s\u00e1ra, amelynek a katal\u00e1n t\u00e1rsadalom sz\u00e1m\u00e1ra rettenetesen sok negat\u00edv k\u00f6vetkezm\u00e9nye van &#8211; v\u00e9lte az \u00fajs\u00e1g, amely megjegyezte: keveset sz\u00e1m\u00edtott, hogy az EU elutas\u00edtotta az elszakad\u00e1si folyamat t\u00e1mogat\u00e1s\u00e1t, de m\u00e9g a katal\u00e1n c\u00e9gek menek\u00fcl\u00e9se is.<br \/>\n    A La Vanguardia hangs\u00falyozta: a szeparatizmus folytatja v\u00e1gtat\u00e1s\u00e1t egy orsz\u00e1gban, amely fejl\u0151dni akar, de k\u00f6zben a szem\u00fcnk el\u0151tt &#8222;v\u00e9rzik el&#8221; nap mint nap.<br \/>\n    A lapok besz\u00e1moltak arr\u00f3l is, hogy a kedd esti besz\u00e9d miatt sokan becsapva \u00e9rezt\u00e9k magukat azok k\u00f6z\u00fcl, akik \u00e9l\u0151ben k\u00f6vett\u00e9k az esem\u00e9nyeket a katal\u00e1n parlament k\u00f6zel\u00e9ben fel\u00e1ll\u00edtott kivet\u00edt\u0151k\u00f6n, \u00e9s arra v\u00e1rtak, hogy kihirdetik az \u00faj f\u00fcggetlen \u00e1llam l\u00e9trej\u00f6tt\u00e9t. A sajt\u00f3 szerint sokan &#8222;\u00e1rul\u00e1sk\u00e9nt&#8221; \u00e9rt\u00e9kelt\u00e9k, hogy ez elmaradt.<br \/>\n(MTI)<\/p>\n","protected":false},"excerpt":{"rendered":"<p>Csapdak\u00e9nt \u00e9rtelmezi Carles Puigdemont katal\u00e1n eln\u00f6k kedd esti parlamenti besz\u00e9d\u00e9t t\u00f6bb spanyol orsz\u00e1gos napilap szerd\u00e1n megjelent szerkeszt\u0151s\u00e9gi v\u00e9lem\u00e9nycikk\u00e9ben.<\/p>\n","protected":false},"author":1,"featured_media":0,"comment_status":"closed","ping_status":"open","sticky":false,"template":"","format":"standard","meta":[],"categories":[12],"tags":[],"_links":{"self":[{"href":"https:\/\/gazdasagportal.hu\/index.php\/wp-json\/wp\/v2\/posts\/98721"}],"collection":[{"href":"https:\/\/gazdasagportal.hu\/index.php\/wp-json\/wp\/v2\/posts"}],"about":[{"href":"https:\/\/gazdasagportal.hu\/index.php\/wp-json\/wp\/v2\/types\/post"}],"author":[{"embeddable":true,"href":"https:\/\/gazdasagportal.hu\/index.php\/wp-json\/wp\/v2\/users\/1"}],"replies":[{"embeddable":true,"href":"https:\/\/gazdasagportal.hu\/index.php\/wp-json\/wp\/v2\/comments?post=98721"}],"version-history":[{"count":1,"href":"https:\/\/gazdasagportal.hu\/index.php\/wp-json\/wp\/v2\/posts\/98721\/revisions"}],"predecessor-version":[{"id":98722,"href":"https:\/\/gazdasagportal.hu\/index.php\/wp-json\/wp\/v2\/posts\/98721\/revisions\/98722"}],"wp:attachment":[{"href":"https:\/\/gazdasagportal.hu\/index.php\/wp-json\/wp\/v2\/media?parent=98721"}],"wp:term":[{"taxonomy":"category","embeddable":true,"href":"https:\/\/gazdasagportal.hu\/index.php\/wp-json\/wp\/v2\/categories?post=98721"},{"taxonomy":"post_tag","embeddable":true,"href":"https:\/\/gazdasagportal.hu\/index.php\/wp-json\/wp\/v2\/tags?post=98721"}],"curies":[{"name":"wp","href":"https:\/\/api.w.org\/{rel}","templated":true}]}}