{"id":98719,"date":"2017-10-11T14:52:56","date_gmt":"2017-10-11T12:52:56","guid":{"rendered":"http:\/\/gazdasagportal.hu\/?p=98719"},"modified":"2017-10-11T14:52:21","modified_gmt":"2017-10-11T12:52:21","slug":"metrofelujitas-a-nyugati-teren-es-a-nepligetnel-is-valtozik-a-forgalmi-rend","status":"publish","type":"post","link":"https:\/\/gazdasagportal.hu\/index.php\/metrofelujitas-a-nyugati-teren-es-a-nepligetnel-is-valtozik-a-forgalmi-rend\/","title":{"rendered":"Metr\u00f3fel\u00faj\u00edt\u00e1s &#8211; A Nyugati t\u00e9ren \u00e9s a N\u00e9pligetn\u00e9l is v\u00e1ltozik a forgalmi rend"},"content":{"rendered":"<p><strong>A 3-as metr\u00f3 novemberben indul\u00f3 fel\u00faj\u00edt\u00e1s\u00e1nak el\u0151k\u00e9sz\u00edt\u00e9se miatt v\u00e1ltozik a forgalmi rend vas\u00e1rnapt\u00f3l a Nyugati t\u00e9ren \u00e9s a N\u00e9pligetn\u00e9l &#8211; k\u00f6z\u00f6lte a Budapesti K\u00f6zleked\u00e9si K\u00f6zpont (BKK) szerd\u00e1n az MTI-vel.<\/strong><!--more--><\/p>\n<div class=\"ads-in-post1\"><div id=\"gazdasagportal.hu_fullbanner_wideboard\"><\/div>\r\n<\/div>\n<p>    Vas\u00e1rnapt\u00f3l a Nyugati t\u00e9ren nem lehet balra kanyarodni a Bajcsy-Zsilinszky \u00fatr\u00f3l a Nagyk\u00f6r\u00fatra \u00e9s a Nagyk\u00f6r\u00fatr\u00f3l a Bajcsy-Zsilinszky \u00fatra sem. A Nyugati t\u00e9ren az\u00e9rt vezetik be a korl\u00e1toz\u00e1st, mert a metr\u00f3p\u00f3tl\u00f3 aut\u00f3buszok nem a fel\u00fclj\u00e1r\u00f3n, hanem azzal p\u00e1rhuzamosan, a Bajcsy-Zsilinszky \u00faton k\u00f6zlekednek majd.<br \/>\n    Egy szakaszon a buszok az \u00dcll\u0151i \u00fat helyett a N\u00e9pligeten kereszt\u00fcl j\u00e1rnak, ez\u00e9rt az \u00dcll\u0151i \u00fat \u00e9s a Borb\u00e1s Vince s\u00e9t\u00e1ny tal\u00e1lkoz\u00e1s\u00e1n\u00e1l \u00faj jelz\u0151l\u00e1mp\u00e1s csom\u00f3pontot \u00e9p\u00edtenek ki, a Hazslinszky Frigyes s\u00e9t\u00e1nyn\u00e1l pedig \u00faj gyalog\u00e1tkel\u0151helyek \u00e9p\u00fclnek.<br \/>\n<div class=\"ads-in-post2\"><script async src=\"https:\/\/pagead2.googlesyndication.com\/pagead\/js\/adsbygoogle.js\"><\/script>\r\n<ins class=\"adsbygoogle\"\r\n     style=\"display:block\"\r\n     data-ad-format=\"fluid\"\r\n     data-ad-layout-key=\"-6t+ed+2i-1n-4w\"\r\n     data-ad-client=\"ca-pub-1959107119989764\"\r\n     data-ad-slot=\"4008251320\"><\/ins>\r\n<script>\r\n     (adsbygoogle = window.adsbygoogle || []).push({});\r\n<\/script><\/div>\n    Mindezek a v\u00e1ltoz\u00e1sok a metr\u00f3vonal \u00e9szaki szakasza fel\u00faj\u00edt\u00e1s\u00e1nak teljes ideje alatt, v\u00e1rhat\u00f3an egy \u00e9vig \u00e9rv\u00e9nyben lesznek.<br \/>\n    A metr\u00f3p\u00f3tl\u00f3 buszok a meg\u00e1ll\u00f3khoz legk\u00f6zelebbi, m\u00e1s buszok \u00e1ltal haszn\u00e1lt meg\u00e1ll\u00f3kban \u00e1llnak majd meg.<br \/>\n    Ezen a vas\u00e1rnapon \u00fczemkezdett\u0151l k\u00f6r\u00fclbel\u00fcl reggel 8 \u00f3r\u00e1ig az 3-as metr\u00f3 egy\u00e1ltal\u00e1n nem j\u00e1r majd, p\u00f3tl\u00f3busz viszi az utasokat a teljes vonalon.<br \/>\n    A 3-as metr\u00f3 \u00e9szaki szakasz\u00e1nak fel\u00faj\u00edt\u00e1si munk\u00e1latai november elej\u00e9n indulnak \u00e9s v\u00e1rhat\u00f3an egy \u00e9vig tartanak. Ebben az id\u0151szakban a 3-as metr\u00f3 a reggeli \u00fczemkezdett\u0151l estig a Lehel t\u00e9rig k\u00f6zlekedik, est\u00e9nk\u00e9nt \u00e9s h\u00e9tv\u00e9g\u00e9n pedig a teljes vonalon p\u00f3tl\u00f3busz sz\u00e1ll\u00edtja az utasokat. A metr\u00f3fel\u00faj\u00edt\u00e1s idej\u00e9n k\u00f6z\u00fati forgalomkorl\u00e1toz\u00e1sokra is sz\u00e1m\u00edtani kell az \u00c1rp\u00e1d \u00faton, a V\u00e1ci \u00fat \u00c1rp\u00e1d \u00fat \u00e9s Lehel t\u00e9r k\u00f6z\u00f6tti szakasz\u00e1n, a Lehel t\u00e9ren, \u00e9s t\u00f6bb helyen kanyarod\u00e1si lehet\u0151s\u00e9gek sz\u0171nnek meg. Az \u00c1rp\u00e1d \u00faton szakaszosan, a V\u00e1ci \u00fat \u00e9rintett szakasz\u00e1n pedig v\u00e9gig buszs\u00e1vokat jel\u00f6lnek ki mindk\u00e9t ir\u00e1nyba, a g\u00e9pkocsival k\u00f6zleked\u0151k ez\u00e9rt az eddigi ir\u00e1nyonk\u00e9nt h\u00e1rom s\u00e1v helyett csak kett\u0151t vehetnek ig\u00e9nybe.(MTI)<\/p>\n","protected":false},"excerpt":{"rendered":"<p>A 3-as metr\u00f3 novemberben indul\u00f3 fel\u00faj\u00edt\u00e1s\u00e1nak el\u0151k\u00e9sz\u00edt\u00e9se miatt v\u00e1ltozik a forgalmi rend vas\u00e1rnapt\u00f3l a Nyugati t\u00e9ren \u00e9s a N\u00e9pligetn\u00e9l &#8211; k\u00f6z\u00f6lte a Budapesti K\u00f6zleked\u00e9si K\u00f6zpont (BKK) szerd\u00e1n az MTI-vel.<\/p>\n","protected":false},"author":1,"featured_media":0,"comment_status":"closed","ping_status":"open","sticky":false,"template":"","format":"standard","meta":[],"categories":[4],"tags":[],"_links":{"self":[{"href":"https:\/\/gazdasagportal.hu\/index.php\/wp-json\/wp\/v2\/posts\/98719"}],"collection":[{"href":"https:\/\/gazdasagportal.hu\/index.php\/wp-json\/wp\/v2\/posts"}],"about":[{"href":"https:\/\/gazdasagportal.hu\/index.php\/wp-json\/wp\/v2\/types\/post"}],"author":[{"embeddable":true,"href":"https:\/\/gazdasagportal.hu\/index.php\/wp-json\/wp\/v2\/users\/1"}],"replies":[{"embeddable":true,"href":"https:\/\/gazdasagportal.hu\/index.php\/wp-json\/wp\/v2\/comments?post=98719"}],"version-history":[{"count":1,"href":"https:\/\/gazdasagportal.hu\/index.php\/wp-json\/wp\/v2\/posts\/98719\/revisions"}],"predecessor-version":[{"id":98720,"href":"https:\/\/gazdasagportal.hu\/index.php\/wp-json\/wp\/v2\/posts\/98719\/revisions\/98720"}],"wp:attachment":[{"href":"https:\/\/gazdasagportal.hu\/index.php\/wp-json\/wp\/v2\/media?parent=98719"}],"wp:term":[{"taxonomy":"category","embeddable":true,"href":"https:\/\/gazdasagportal.hu\/index.php\/wp-json\/wp\/v2\/categories?post=98719"},{"taxonomy":"post_tag","embeddable":true,"href":"https:\/\/gazdasagportal.hu\/index.php\/wp-json\/wp\/v2\/tags?post=98719"}],"curies":[{"name":"wp","href":"https:\/\/api.w.org\/{rel}","templated":true}]}}