{"id":98704,"date":"2017-10-11T12:31:10","date_gmt":"2017-10-11T10:31:10","guid":{"rendered":"http:\/\/gazdasagportal.hu\/?p=98704"},"modified":"2017-10-11T12:31:10","modified_gmt":"2017-10-11T10:31:10","slug":"orban-magyarorszag-jovojet-az-orszag-minden-pontjan-irjak","status":"publish","type":"post","link":"https:\/\/gazdasagportal.hu\/index.php\/orban-magyarorszag-jovojet-az-orszag-minden-pontjan-irjak\/","title":{"rendered":"Orb\u00e1n: Magyarorsz\u00e1g j\u00f6v\u0151j\u00e9t az orsz\u00e1g minden pontj\u00e1n \u00edrj\u00e1k"},"content":{"rendered":"<p><strong>Magyarorsz\u00e1g j\u00f6v\u0151j\u00e9t m\u00e1r nemcsak Budapesten, hanem az orsz\u00e1g minden pontj\u00e1n \u00edrj\u00e1k, a ny\u00edregyh\u00e1zi beruh\u00e1z\u00e1s is vil\u00e1gos bizony\u00edt\u00e9ka annak, hogy Magyarorsz\u00e1g kezdi \u00f6sszeszedni mag\u00e1t &#8211; mondta Orb\u00e1n Viktor minisztereln\u00f6k szerd\u00e1n Ny\u00edregyh\u00e1z\u00e1n, a R\u00e9v\u00e9sz-Ny\u00edrlog Kft. \u00faj logisztikai k\u00f6zpontj\u00e1nak, Kelet-Magyarorsz\u00e1g legnagyobb logisztikai b\u00e1zis\u00e1nak \u00e1tad\u00e1s\u00e1n.<\/strong><!--more--><\/p>\n<div class=\"ads-in-post1\"><div id=\"gazdasagportal.hu_fullbanner_wideboard\"><\/div>\r\n<\/div>\n<p>    A minisztereln\u00f6k nagy magyar sikert\u00f6rt\u00e9netnek nevezte a beruh\u00e1z\u00e1st, \u00e9s kiemelte: az orsz\u00e1g lassan a saj\u00e1t l\u00e1b\u00e1n \u00e1ll, minden h\u00e9ten egy-egy \u00faj beruh\u00e1z\u00e1s-fejleszt\u00e9s \u00fajabb visszajelz\u00e9s arr\u00f3l, hogy a munk\u00e1nak van \u00e9rtelme.<br \/>\n    Am\u00edg Magyarorsz\u00e1gon ilyen v\u00e1llalkoz\u00f3k vannak, nincs mi\u00e9rt agg\u00f3dni &#8211; mondta, a R\u00e9v\u00e9sz-Ny\u00edrlog Kft. tulajdonosaira utalva.<br \/>\n    Orb\u00e1n Viktor gratul\u00e1lt a beruh\u00e1z\u00e1shoz, amelyet mintegy 9 milli\u00e1rd forintb\u00f3l 10 h\u00f3nap alatt val\u00f3s\u00edtott meg a magyar tulajdon\u00fa csal\u00e1di v\u00e1llalkoz\u00e1s.<br \/>\n    A minisztereln\u00f6k besz\u00e9d\u00e9ben eml\u00e9keztetetett, a rendszerv\u00e1lt\u00e1s els\u0151 id\u0151szaka, a piacgazdas\u00e1gra t\u00f6rt\u00e9n\u0151 \u00e1tmenet nagyon neh\u00e9z id\u0151szak volt Magyarorsz\u00e1g t\u00f6rt\u00e9net\u00e9ben, sokan egy &#8222;fabatk\u00e1t sem&#8221; adtak volna ez\u00e9rt az orsz\u00e1g\u00e9rt. A 2008-2009-es v\u00e1ls\u00e1g l\u00e9nyeg\u00e9ben f\u00f6ldre vitte a magyar nemzetgazdas\u00e1got, kevesen gondolt\u00e1k, hogy ebb\u0151l lesz valami. A mai esem\u00e9ny is annak a bizony\u00edt\u00e9ka &#8211; folytatta Orb\u00e1n Viktor -, hogy Magyarorsz\u00e1g felt\u00e1p\u00e1szkodott, lassan saj\u00e1t l\u00e1b\u00e1ra \u00e1ll.<br \/>\n    &#8222;Szeretn\u00e9m, hogy Magyarorsz\u00e1g minden nagyv\u00e1rosa olyan j\u00f3 \u00e1llapotban lenne \u00e9s olyan sz\u00e9p fejl\u0151d\u00e9si perspekt\u00edv\u00e1k el\u0151tt \u00e1llna, mint amilyenek el\u0151tt Ny\u00edregyh\u00e1za \u00e1ll&#8221; &#8211; jelentette ki a korm\u00e1nyf\u0151.<br \/>\n<div class=\"ads-in-post2\"><script async src=\"https:\/\/pagead2.googlesyndication.com\/pagead\/js\/adsbygoogle.js\"><\/script>\r\n<ins class=\"adsbygoogle\"\r\n     style=\"display:block\"\r\n     data-ad-format=\"fluid\"\r\n     data-ad-layout-key=\"-6t+ed+2i-1n-4w\"\r\n     data-ad-client=\"ca-pub-1959107119989764\"\r\n     data-ad-slot=\"4008251320\"><\/ins>\r\n<script>\r\n     (adsbygoogle = window.adsbygoogle || []).push({});\r\n<\/script><\/div>\n    A t\u00e1rsas\u00e1g tulajdonos\u00e1ra, R\u00e9v\u00e9sz B\u00e1lintra utalva minisztereln\u00f6k azt mondta, a mai magyar t\u0151ketulajdonosok, v\u00e1llalkoz\u00f3k, a sikeres \u00fczletemberek k\u00f6z\u00f6tt nagy sz\u00e1mban vannak ott azok, akik a 80-as \u00e9vekben legalulr\u00f3l kezdt\u00e9k a p\u00e1ly\u00e1t. Ha ezek az emberek nem lenn\u00e9nek, a magyar nemzetgazdas\u00e1g kiz\u00e1r\u00f3lag k\u00fclf\u00f6ldi tulajdon\u00fa c\u00e9gekb\u0151l \u00e1llna &#8211; r\u00f6gz\u00edtette. Mint mondta, \u0151k jelentik azt a csoportot, akik ma is &#8222;t\u00f6rik az utat \u00e9s h\u00e1tukon viszik az orsz\u00e1got&#8221;, szavai szerint am\u00edg ilyen emberek vannak, addig a magyar gazdas\u00e1gnak nincs mi\u00e9rt agg\u00f3dnia.<br \/>\n    Orb\u00e1n Viktor kifejtette, a magyar gazdas\u00e1g tekint\u00e9lyes r\u00e9sz\u00e9t ma k\u00fclf\u00f6ldi v\u00e1llalkoz\u00e1sok adj\u00e1k, akikre sz\u00fcks\u00e9ge van az orsz\u00e1gnak, de &#8211; mint fogalmazott &#8211; a &#8222;sz\u00edv\u00fcnkh\u00f6z legk\u00f6zelebb&#8221; m\u00e9gis a magyar v\u00e1llalkoz\u00e1sok \u00e1llnak. A R\u00e9v\u00e9sz c\u00e9gcsoport \u00e9s a francia gumiabroncsgy\u00e1rt\u00f3 \u00f3ri\u00e1sc\u00e9g, a Michelin \u00fczleti kapcsolat\u00e1ra utalva a minisztereln\u00f6k megnyugtat\u00f3 \u00e9rz\u00e9snek nevezte, hogy Ny\u00edregyh\u00e1z\u00e1n a magyar tulajdon\u00fa v\u00e1llalkoz\u00e1sok \u00e9s a k\u00fclf\u00f6ldi nagy c\u00e9gek k\u00e9pesek egy\u00fcttm\u0171k\u00f6dni. Al\u00e1h\u00fazta, a magyar k\u00e9zben l\u00e9v\u0151 c\u00e9gek \u00e9s a k\u00fclf\u00f6ldi beruh\u00e1z\u00e1sok nem ellenfelei egym\u00e1snak, mivel ugyanannak a magyar nemzetgazdas\u00e1gnak a r\u00e9szei, a k\u00f6z\u00f6tt\u00fck l\u00e9v\u0151 egy\u00fcttm\u0171k\u00f6d\u00e9s a fejl\u0151d\u00e9s kulcsa.<br \/>\n    Az exportmutat\u00f3kra kit\u00e9rve azt mondta, logisztika n\u00e9lk\u00fcl nincs exportteljes\u00edtm\u00e9ny, id\u00e9n pedig v\u00e1rhat\u00f3an &#8222;rekordgyan\u00fas&#8221; magass\u00e1gba emelkedik a magyar export teljes\u00edtm\u00e9nye. Orb\u00e1n Viktor hozz\u00e1tette, ennek nagy r\u00e9sz\u00e9t ugyan szint\u00e9n a k\u00fclf\u00f6ldi c\u00e9gek adj\u00e1k, de egyre n\u00f6vekv\u0151 ar\u00e1nyban a hazai c\u00e9gek is k\u00f6zrem\u0171k\u00f6dnek az export el\u0151\u00e1ll\u00edt\u00e1s\u00e1ban \u00e9s &#8211; logisztikai partnerk\u00e9nt &#8211; annak lebonyol\u00edt\u00e1s\u00e1ban.<br \/>\n    A csal\u00e1di v\u00e1llalkoz\u00e1soknak az emberek is fontosak, \u00e9s sokat t\u00f6r\u0151dnek k\u00f6zvetlen k\u00f6rnyezet\u00fckkel, a vel\u00fck egy telep\u00fcl\u00e9sen \u00e9l\u0151kkel &#8211; utalt a minisztereln\u00f6k a c\u00e9gcsoport ny\u00edregyh\u00e1zi k\u00f6z- \u00e9s sport\u00e9leti szerepv\u00e1llal\u00e1s\u00e1ra. Ma m\u00e1r a magyar \u00e1llam nem lenne k\u00e9pes kiszolg\u00e1lni t\u00edzmilli\u00f3 magyar ember kultur\u00e1lis-, szabadid\u0151s-, eg\u00e9szs\u00e9g\u00fcgyi- vagy sportsz\u00fcks\u00e9gleteit, ha nem lenn\u00e9nek azok a csal\u00e1di k\u00e9zben l\u00e9v\u0151 v\u00e1llalkoz\u00e1sok, akik jelent\u0151s r\u00e9szt v\u00e1llalnak \u00e1t ezekb\u0151l a feladatokb\u00f3l &#8211; jelentette ki.<br \/>\n    Ha a korm\u00e1nyon m\u00falik, hossz\u00fa ideig fenn fognak maradni fognak azok a gazdas\u00e1gi keretek, amelyekben v\u00e1llalkoz\u00e1sokat lehet ind\u00edtani, fejleszteni \u00e9s beruh\u00e1zni &#8211; r\u00f6gz\u00edtette a korm\u00e1nyf\u0151 arra k\u00e9rve a magyarokat, hogy j\u00f6v\u0151re &#8222;higgadtan, nyugodtan&#8221; \u00e9rt\u00e9kelj\u00e9k az orsz\u00e1g helyzet\u00e9t \u00e9s ha elj\u00f6n a pillanat, hozzanak egy \u00e9sszer\u0171, b\u00f6lcs d\u00f6nt\u00e9st arr\u00f3l, hogyan folytassuk az \u00e9let\u00fcnket.(MTI)<\/p>\n","protected":false},"excerpt":{"rendered":"<p>Magyarorsz\u00e1g j\u00f6v\u0151j\u00e9t m\u00e1r nemcsak Budapesten, hanem az orsz\u00e1g minden pontj\u00e1n \u00edrj\u00e1k, a ny\u00edregyh\u00e1zi beruh\u00e1z\u00e1s is vil\u00e1gos bizony\u00edt\u00e9ka annak, hogy Magyarorsz\u00e1g kezdi \u00f6sszeszedni mag\u00e1t &#8211; mondta Orb\u00e1n Viktor minisztereln\u00f6k szerd\u00e1n Ny\u00edregyh\u00e1z\u00e1n, a R\u00e9v\u00e9sz-Ny\u00edrlog Kft. \u00faj logisztikai k\u00f6zpontj\u00e1nak, Kelet-Magyarorsz\u00e1g legnagyobb logisztikai b\u00e1zis\u00e1nak \u00e1tad\u00e1s\u00e1n.<\/p>\n","protected":false},"author":1,"featured_media":0,"comment_status":"closed","ping_status":"open","sticky":false,"template":"","format":"standard","meta":[],"categories":[4,19],"tags":[],"_links":{"self":[{"href":"https:\/\/gazdasagportal.hu\/index.php\/wp-json\/wp\/v2\/posts\/98704"}],"collection":[{"href":"https:\/\/gazdasagportal.hu\/index.php\/wp-json\/wp\/v2\/posts"}],"about":[{"href":"https:\/\/gazdasagportal.hu\/index.php\/wp-json\/wp\/v2\/types\/post"}],"author":[{"embeddable":true,"href":"https:\/\/gazdasagportal.hu\/index.php\/wp-json\/wp\/v2\/users\/1"}],"replies":[{"embeddable":true,"href":"https:\/\/gazdasagportal.hu\/index.php\/wp-json\/wp\/v2\/comments?post=98704"}],"version-history":[{"count":1,"href":"https:\/\/gazdasagportal.hu\/index.php\/wp-json\/wp\/v2\/posts\/98704\/revisions"}],"predecessor-version":[{"id":98705,"href":"https:\/\/gazdasagportal.hu\/index.php\/wp-json\/wp\/v2\/posts\/98704\/revisions\/98705"}],"wp:attachment":[{"href":"https:\/\/gazdasagportal.hu\/index.php\/wp-json\/wp\/v2\/media?parent=98704"}],"wp:term":[{"taxonomy":"category","embeddable":true,"href":"https:\/\/gazdasagportal.hu\/index.php\/wp-json\/wp\/v2\/categories?post=98704"},{"taxonomy":"post_tag","embeddable":true,"href":"https:\/\/gazdasagportal.hu\/index.php\/wp-json\/wp\/v2\/tags?post=98704"}],"curies":[{"name":"wp","href":"https:\/\/api.w.org\/{rel}","templated":true}]}}