{"id":98692,"date":"2017-10-11T10:41:56","date_gmt":"2017-10-11T08:41:56","guid":{"rendered":"http:\/\/gazdasagportal.hu\/?p=98692"},"modified":"2017-10-11T10:42:20","modified_gmt":"2017-10-11T08:42:20","slug":"negy-es-fel-milliard-forintos-csalas-miatt-javasol-vademelest-a-nav","status":"publish","type":"post","link":"https:\/\/gazdasagportal.hu\/index.php\/negy-es-fel-milliard-forintos-csalas-miatt-javasol-vademelest-a-nav\/","title":{"rendered":"N\u00e9gy \u00e9s f\u00e9l milli\u00e1rd forintos csal\u00e1s miatt javasol v\u00e1demel\u00e9st a NAV"},"content":{"rendered":"<p><strong>N\u00e9gy \u00e9s f\u00e9l milli\u00e1rd forintos k\u00f6lts\u00e9gvet\u00e9si csal\u00e1s miatt javasol v\u00e1demel\u00e9st a Nemzeti Ad\u00f3- \u00e9s V\u00e1mhivatal (NAV) D\u00e9l-Dun\u00e1nt\u00fali B\u0171n\u00fcgyi Igazgat\u00f3s\u00e1ga egy munkaer\u0151-k\u00f6lcs\u00f6nz\u00e9ssel foglalkoz\u00f3 c\u00e9gl\u00e1ncolat vezet\u0151ivel szemben &#8211; k\u00f6z\u00f6lte az igazgat\u00f3s\u00e1g sajt\u00f3referense szerd\u00e1n az MTI-vel.<\/strong><!--more--><\/p>\n<div class=\"ads-in-post1\"><div id=\"gazdasagportal.hu_fullbanner_wideboard\"><\/div>\r\n<\/div>\n<p>    Kuperczk\u00f3 Adrienn k\u00f6zlem\u00e9ny\u00e9ben azt \u00edrta: a vagyonv\u00e9delmi \u00e9s takar\u00edt\u00e1si feladatokra szerz\u0151d\u00f6tt, huszonegy c\u00e9gb\u0151l \u00e1ll\u00f3 l\u00e1ncolatot az\u00e9rt hozt\u00e1k l\u00e9tre, hogy elker\u00fclj\u00e9k az egym\u00e1snak k\u00f6lcs\u00f6nadott munkav\u00e1llal\u00f3k ut\u00e1n a k\u00f6zterhek befizet\u00e9s\u00e9t. A munkav\u00e1llal\u00f3kat bejelentett\u00e9k, de ut\u00e1nuk a j\u00e1rul\u00e9kokat \u00e9s az \u00e1f\u00e1t nem fizett\u00e9k meg.<br \/>\n    T\u00e1j\u00e9koztat\u00e1sa szerint a NAV p\u00e9nz\u00fcgyi nyomoz\u00f3i Baranya \u00e9s Pest megy\u00e9ben 45 helysz\u00ednen folytattak vizsg\u00e1latot. A b\u0171nszervezet k\u00e9t tagj\u00e1t kommand\u00f3sok fogt\u00e1k el, egyik\u00fck luxuslak\u00e1s\u00e1ban \u00e9les l\u0151szerrel t\u00f6lt\u00f6tt fegyvert tal\u00e1ltak.  Az enged\u00e9ly n\u00e9lk\u00fcl tartott fegyver miatt a gyan\u00fas\u00edtottat &#8211; a k\u00f6lts\u00e9gvet\u00e9si csal\u00e1st\u00f3l f\u00fcggetlen\u00fcl &#8211; a b\u00edr\u00f3s\u00e1g let\u00f6ltend\u0151 b\u00f6rt\u00f6nb\u00fcntet\u00e9sre \u00edt\u00e9lte.<br \/>\n<div class=\"ads-in-post2\"><script async src=\"https:\/\/pagead2.googlesyndication.com\/pagead\/js\/adsbygoogle.js\"><\/script>\r\n<ins class=\"adsbygoogle\"\r\n     style=\"display:block\"\r\n     data-ad-format=\"fluid\"\r\n     data-ad-layout-key=\"-6t+ed+2i-1n-4w\"\r\n     data-ad-client=\"ca-pub-1959107119989764\"\r\n     data-ad-slot=\"4008251320\"><\/ins>\r\n<script>\r\n     (adsbygoogle = window.adsbygoogle || []).push({});\r\n<\/script><\/div>\n    A p\u00e9nz\u00fcgyi nyomoz\u00f3k a k\u00e1r megt\u00e9r\u00fcl\u00e9se \u00e9rdek\u00e9ben banksz\u00e1ml\u00e1kat, \u00fczletr\u00e9szeket, ingatlanokat z\u00e1roltak, motorcs\u00f3nakot, nagy \u00e9rt\u00e9k\u0171 luxus- \u00e9s raliaut\u00f3kat, quadokat, lak\u00f3kocsit, egy dr\u00f3nt, nagy \u00e9rt\u00e9k\u0171 telev\u00edzi\u00f3t, fut\u00f3padot, edz\u0151termi berendez\u00e9seket foglaltak le.<br \/>\n    A sajt\u00f3referens k\u00f6z\u00f6lte: a nyomoz\u00f3k harminc gyan\u00fas\u00edtottal szemben javasolnak v\u00e1demel\u00e9st; a b\u0171n\u00f6z\u0151i k\u00f6r nyolc ir\u00e1ny\u00edt\u00f3ja \u00e9s tagja ellen b\u0171nszervezetben elk\u00f6vetett k\u00f6lts\u00e9gvet\u00e9si csal\u00e1s, huszonk\u00e9t str\u00f3man \u00fcgyvezet\u0151 ellen k\u00f6zokirat-hamis\u00edt\u00e1s miatt.<br \/>\n    A negyvenn\u00e9gyezer oldalas nyomozati iratanyagot a b\u0171n\u00fcgyi igazgat\u00f3s\u00e1g a  napokban k\u00fcldi meg a Baranya Megyei F\u0151\u00fcgy\u00e9szs\u00e9gnek &#8211; tette hozz\u00e1.(MTI)<\/p>\n","protected":false},"excerpt":{"rendered":"<p>N\u00e9gy \u00e9s f\u00e9l milli\u00e1rd forintos k\u00f6lts\u00e9gvet\u00e9si csal\u00e1s miatt javasol v\u00e1demel\u00e9st a Nemzeti Ad\u00f3- \u00e9s V\u00e1mhivatal (NAV) D\u00e9l-Dun\u00e1nt\u00fali B\u0171n\u00fcgyi Igazgat\u00f3s\u00e1ga egy munkaer\u0151-k\u00f6lcs\u00f6nz\u00e9ssel foglalkoz\u00f3 c\u00e9gl\u00e1ncolat vezet\u0151ivel szemben &#8211; k\u00f6z\u00f6lte az igazgat\u00f3s\u00e1g sajt\u00f3referense szerd\u00e1n az MTI-vel.<\/p>\n","protected":false},"author":1,"featured_media":0,"comment_status":"closed","ping_status":"open","sticky":false,"template":"","format":"standard","meta":[],"categories":[20,4,19],"tags":[],"_links":{"self":[{"href":"https:\/\/gazdasagportal.hu\/index.php\/wp-json\/wp\/v2\/posts\/98692"}],"collection":[{"href":"https:\/\/gazdasagportal.hu\/index.php\/wp-json\/wp\/v2\/posts"}],"about":[{"href":"https:\/\/gazdasagportal.hu\/index.php\/wp-json\/wp\/v2\/types\/post"}],"author":[{"embeddable":true,"href":"https:\/\/gazdasagportal.hu\/index.php\/wp-json\/wp\/v2\/users\/1"}],"replies":[{"embeddable":true,"href":"https:\/\/gazdasagportal.hu\/index.php\/wp-json\/wp\/v2\/comments?post=98692"}],"version-history":[{"count":2,"href":"https:\/\/gazdasagportal.hu\/index.php\/wp-json\/wp\/v2\/posts\/98692\/revisions"}],"predecessor-version":[{"id":98694,"href":"https:\/\/gazdasagportal.hu\/index.php\/wp-json\/wp\/v2\/posts\/98692\/revisions\/98694"}],"wp:attachment":[{"href":"https:\/\/gazdasagportal.hu\/index.php\/wp-json\/wp\/v2\/media?parent=98692"}],"wp:term":[{"taxonomy":"category","embeddable":true,"href":"https:\/\/gazdasagportal.hu\/index.php\/wp-json\/wp\/v2\/categories?post=98692"},{"taxonomy":"post_tag","embeddable":true,"href":"https:\/\/gazdasagportal.hu\/index.php\/wp-json\/wp\/v2\/tags?post=98692"}],"curies":[{"name":"wp","href":"https:\/\/api.w.org\/{rel}","templated":true}]}}