{"id":98690,"date":"2017-10-11T10:24:14","date_gmt":"2017-10-11T08:24:14","guid":{"rendered":"http:\/\/gazdasagportal.hu\/?p=98690"},"modified":"2017-10-11T10:24:14","modified_gmt":"2017-10-11T08:24:14","slug":"az-mnb-inflacios-celja-tovabbra-sincs-veszelyben","status":"publish","type":"post","link":"https:\/\/gazdasagportal.hu\/index.php\/az-mnb-inflacios-celja-tovabbra-sincs-veszelyben\/","title":{"rendered":"Az MNB infl\u00e1ci\u00f3s c\u00e9lja tov\u00e1bbra sincs vesz\u00e9lyben"},"content":{"rendered":"<p><strong>Szeptemberben a fogyaszt\u00f3i \u00e1rak 2,5%-al n\u00f6vekedtek, ami enyhe lassul\u00e1st jelent az el\u0151z\u0151 h\u00f3naphoz k\u00e9pest. Ez a cs\u00f6kken\u00e9s f\u0151leg az \u00fczemanyag dr\u00e1gul\u00e1s tavalyihoz m\u00e9rt elmarad\u00e1s\u00e1nak k\u00f6sz\u00f6nhet\u0151. N\u00e9meth D\u00e1vid, a K&#038;H vezet\u0151 k\u00f6zgazd\u00e1sza szerint az 2-2,5% k\u00f6zt fog alakulni a j\u00f6v\u0151ben.<\/strong><!--more--><\/p>\n<div class=\"ads-in-post1\"><div id=\"gazdasagportal.hu_fullbanner_wideboard\"><\/div>\r\n<\/div>\n<p>2017 szeptember\u00e9ben az \u00e9ves \u00f6sszevet\u00e9sben sz\u00e1m\u00edtott infl\u00e1ci\u00f3 2,5 sz\u00e1zal\u00e9k volt. A maginfl\u00e1ci\u00f3 2,9, m\u00edg az indirekt ad\u00f3kt\u00f3l sz\u0171rt maginfl\u00e1ci\u00f3 2,6 sz\u00e1zal\u00e9kos \u00e9rt\u00e9ket mutatott. Az el\u0151z\u0151 h\u00f3naphoz k\u00e9pest az infl\u00e1ci\u00f3 0,1 sz\u00e1zal\u00e9kponttal cs\u00f6kkent, m\u00edg a maginfl\u00e1ci\u00f3 0,1 sz\u00e1zal\u00e9kponttal emelkedett. Az infl\u00e1ci\u00f3 m\u00e9rs\u00e9kl\u0151d\u00e9s\u00e9t r\u00e9szben a feldolgozatlan \u00e9lelmiszerek, r\u00e9szben a szab\u00e1lyozott \u00e1r\u00fa term\u00e9kek k\u00f6r\u00e9be tartoz\u00f3 tank\u00f6nyvek \u00e1r\u00e1nak cs\u00f6kken\u00e9se okozta.<\/p>\n<div class=\"ads-in-post2\"><script async src=\"https:\/\/pagead2.googlesyndication.com\/pagead\/js\/adsbygoogle.js\"><\/script>\r\n<ins class=\"adsbygoogle\"\r\n     style=\"display:block\"\r\n     data-ad-format=\"fluid\"\r\n     data-ad-layout-key=\"-6t+ed+2i-1n-4w\"\r\n     data-ad-client=\"ca-pub-1959107119989764\"\r\n     data-ad-slot=\"4008251320\"><\/ins>\r\n<script>\r\n     (adsbygoogle = window.adsbygoogle || []).push({});\r\n<\/script><\/div>\n<p><iframe loading=\"lazy\" width=\"509\" height=\"319\" src=\"http:\/\/gazdasagtv.hu\/iframe.php?id=11372\" style=\"border: none; overflow: hidden\" scrolling=\"no\"><\/iframe><br \/>Forr\u00e1s: <a href=\"http:\/\/gazdasagtv.hu\" style=\"color: #df1100; font-weight: bold; text-decoration: none;\" target=\"_blank\" rel=\"noopener\">Gazdas\u00e1gTV.hu<\/a><\/p><div id=\"gazda-3811940741\" class=\"gazda-tartalomban gazda-entity-placement\"><script async src=\"https:\/\/pagead2.googlesyndication.com\/pagead\/js\/adsbygoogle.js\"><\/script>\r\n<ins class=\"adsbygoogle\"\r\n     style=\"display:block\"\r\n     data-ad-format=\"fluid\"\r\n     data-ad-layout-key=\"-6t+ed+2i-1n-4w\"\r\n     data-ad-client=\"ca-pub-1959107119989764\"\r\n     data-ad-slot=\"4008251320\"><\/ins>\r\n<script>\r\n     (adsbygoogle = window.adsbygoogle || []).push({});\r\n<\/script><\/div>\n","protected":false},"excerpt":{"rendered":"<p>Szeptemberben a fogyaszt\u00f3i \u00e1rak 2,5%-al n\u00f6vekedtek, ami enyhe lassul\u00e1st jelent az el\u0151z\u0151 h\u00f3naphoz k\u00e9pest. Ez a cs\u00f6kken\u00e9s f\u0151leg az \u00fczemanyag dr\u00e1gul\u00e1s tavalyihoz m\u00e9rt elmarad\u00e1s\u00e1nak k\u00f6sz\u00f6nhet\u0151. N\u00e9meth D\u00e1vid, a K&#038;H vezet\u0151 k\u00f6zgazd\u00e1sza szerint az 2-2,5% k\u00f6zt fog alakulni a j\u00f6v\u0151ben.<\/p>\n","protected":false},"author":1,"featured_media":20709,"comment_status":"closed","ping_status":"open","sticky":false,"template":"","format":"standard","meta":[],"categories":[146,19],"tags":[],"_links":{"self":[{"href":"https:\/\/gazdasagportal.hu\/index.php\/wp-json\/wp\/v2\/posts\/98690"}],"collection":[{"href":"https:\/\/gazdasagportal.hu\/index.php\/wp-json\/wp\/v2\/posts"}],"about":[{"href":"https:\/\/gazdasagportal.hu\/index.php\/wp-json\/wp\/v2\/types\/post"}],"author":[{"embeddable":true,"href":"https:\/\/gazdasagportal.hu\/index.php\/wp-json\/wp\/v2\/users\/1"}],"replies":[{"embeddable":true,"href":"https:\/\/gazdasagportal.hu\/index.php\/wp-json\/wp\/v2\/comments?post=98690"}],"version-history":[{"count":1,"href":"https:\/\/gazdasagportal.hu\/index.php\/wp-json\/wp\/v2\/posts\/98690\/revisions"}],"predecessor-version":[{"id":98691,"href":"https:\/\/gazdasagportal.hu\/index.php\/wp-json\/wp\/v2\/posts\/98690\/revisions\/98691"}],"wp:featuredmedia":[{"embeddable":true,"href":"https:\/\/gazdasagportal.hu\/index.php\/wp-json\/wp\/v2\/media\/20709"}],"wp:attachment":[{"href":"https:\/\/gazdasagportal.hu\/index.php\/wp-json\/wp\/v2\/media?parent=98690"}],"wp:term":[{"taxonomy":"category","embeddable":true,"href":"https:\/\/gazdasagportal.hu\/index.php\/wp-json\/wp\/v2\/categories?post=98690"},{"taxonomy":"post_tag","embeddable":true,"href":"https:\/\/gazdasagportal.hu\/index.php\/wp-json\/wp\/v2\/tags?post=98690"}],"curies":[{"name":"wp","href":"https:\/\/api.w.org\/{rel}","templated":true}]}}