{"id":9866,"date":"2013-06-13T14:16:53","date_gmt":"2013-06-13T12:16:53","guid":{"rendered":"http:\/\/stockportal.hu\/?p=9866"},"modified":"2013-06-13T14:16:53","modified_gmt":"2013-06-13T12:16:53","slug":"megerositette-a-jegybank-a-kommunikacios-igazgato-tavozasat","status":"publish","type":"post","link":"https:\/\/gazdasagportal.hu\/index.php\/megerositette-a-jegybank-a-kommunikacios-igazgato-tavozasat\/","title":{"rendered":"Meger\u0151s\u00edtette a jegybank a kommunik\u00e1ci\u00f3s igazgat\u00f3 t\u00e1voz\u00e1s\u00e1t"},"content":{"rendered":"<p><strong>Meger\u0151s\u00edtette cs\u00fct\u00f6rt\u00f6k\u00f6n a Magyar Nemzeti Bank (MNB), hogy t\u00e1vozik poz\u00edci\u00f3j\u00e1b\u00f3l Simon Andr\u00e1s kommunik\u00e1ci\u00f3s igazgat\u00f3.<!--more--><\/strong><\/p>\n<p>Az Origo h\u00edrport\u00e1l szerd\u00e1n\u00a0\u00a0&#8211; forr\u00e1s megjel\u00f6l\u00e9se n\u00e9lk\u00fcl &#8211; \u00edrta meg, hogy\u00a0\u00a0&#8222;kir\u00fagt\u00e1k az MNB kommunik\u00e1ci\u00f3s vezet\u0151j\u00e9t, Simon Andr\u00e1st&#8221;, akit m\u00e9g &#8222;az MNB kor\u00e1bbi vezet\u0151je, Simor Andr\u00e1s vitte a jegybankhoz&#8221;.<br \/>\nAz MNB cs\u00fct\u00f6rt\u00f6k\u00f6n arr\u00f3l sz\u00e1molt, be, hogy Simon Andr\u00e1s k\u00f6z\u00f6s megegyez\u00e9ssel t\u00e1vozott a jegybankt\u00f3l.<br \/>\nA szervezet a l\u00e9p\u00e9st k\u00f6lts\u00e9ghat\u00e9konys\u00e1gi programj\u00e1val magyar\u00e1zta. &#8222;\u00c1tszervez\u00e9ssel, feladatk\u00f6r\u00f6k \u00e1tcsoportos\u00edt\u00e1s\u00e1val, munkafolyamatok hat\u00e9konyabb\u00e1 t\u00e9tel\u00e9vel \u00fajabb k\u00f6lts\u00e9gcs\u00f6kkent\u00e9st \u00e9rtek el&#8221; &#8211; k\u00f6z\u00f6lte a jegybank, amely arr\u00f3l is t\u00e1j\u00e9koztatott, hogy az \u00e1tszervez\u00e9s eredm\u00e9nyek\u00e9nt a Kommunik\u00e1ci\u00f3s Igazgat\u00f3s\u00e1g megsz\u0171nt, feladatk\u00f6reit a kommunik\u00e1ci\u00f3s f\u0151oszt\u00e1ly veszi \u00e1t.<br \/>\nSimon Andr\u00e1st 2010-ben nevezt\u00e9k ki a jegybank kommunik\u00e1ci\u00f3s igazgat\u00f3j\u00e1nak. Kor\u00e1bban a Magyar Telekomn\u00e1l t\u00f6lt\u00f6tt be hasonl\u00f3 tiszts\u00e9get. (MTI)<\/p>\n","protected":false},"excerpt":{"rendered":"<p>Meger\u0151s\u00edtette cs\u00fct\u00f6rt\u00f6k\u00f6n a Magyar Nemzeti Bank (MNB), hogy t\u00e1vozik poz\u00edci\u00f3j\u00e1b\u00f3l Simon Andr\u00e1s kommunik\u00e1ci\u00f3s igazgat\u00f3.<\/p>\n","protected":false},"author":1,"featured_media":0,"comment_status":"open","ping_status":"closed","sticky":false,"template":"","format":"standard","meta":[],"categories":[19],"tags":[82],"_links":{"self":[{"href":"https:\/\/gazdasagportal.hu\/index.php\/wp-json\/wp\/v2\/posts\/9866"}],"collection":[{"href":"https:\/\/gazdasagportal.hu\/index.php\/wp-json\/wp\/v2\/posts"}],"about":[{"href":"https:\/\/gazdasagportal.hu\/index.php\/wp-json\/wp\/v2\/types\/post"}],"author":[{"embeddable":true,"href":"https:\/\/gazdasagportal.hu\/index.php\/wp-json\/wp\/v2\/users\/1"}],"replies":[{"embeddable":true,"href":"https:\/\/gazdasagportal.hu\/index.php\/wp-json\/wp\/v2\/comments?post=9866"}],"version-history":[{"count":2,"href":"https:\/\/gazdasagportal.hu\/index.php\/wp-json\/wp\/v2\/posts\/9866\/revisions"}],"predecessor-version":[{"id":9868,"href":"https:\/\/gazdasagportal.hu\/index.php\/wp-json\/wp\/v2\/posts\/9866\/revisions\/9868"}],"wp:attachment":[{"href":"https:\/\/gazdasagportal.hu\/index.php\/wp-json\/wp\/v2\/media?parent=9866"}],"wp:term":[{"taxonomy":"category","embeddable":true,"href":"https:\/\/gazdasagportal.hu\/index.php\/wp-json\/wp\/v2\/categories?post=9866"},{"taxonomy":"post_tag","embeddable":true,"href":"https:\/\/gazdasagportal.hu\/index.php\/wp-json\/wp\/v2\/tags?post=9866"}],"curies":[{"name":"wp","href":"https:\/\/api.w.org\/{rel}","templated":true}]}}