{"id":98635,"date":"2017-10-10T14:34:26","date_gmt":"2017-10-10T12:34:26","guid":{"rendered":"http:\/\/gazdasagportal.hu\/?p=98635"},"modified":"2017-10-10T14:34:26","modified_gmt":"2017-10-10T12:34:26","slug":"a-fashion-days-divatportal-nyolchavi-forgalma-44-szazalekkal-nott","status":"publish","type":"post","link":"https:\/\/gazdasagportal.hu\/index.php\/a-fashion-days-divatportal-nyolchavi-forgalma-44-szazalekkal-nott\/","title":{"rendered":"A Fashion Days divatport\u00e1l nyolchavi forgalma 44 sz\u00e1zal\u00e9kkal n\u0151tt"},"content":{"rendered":"<p><strong>A Fashion Days divatport\u00e1l 1,8 milli\u00e1rd forintos bev\u00e9telt \u00e9rt el id\u00e9n janu\u00e1r-augusztus k\u00f6z\u00f6tt, 44 sz\u00e1zal\u00e9kkal t\u00f6bbet az egy \u00e9vvel kor\u00e1bbin\u00e1l &#8211; t\u00e1j\u00e9koztatta a t\u00e1rsas\u00e1g az MTI-t kedden.<\/strong><code><br \/>\n<div class=\"ads-in-post1\"><div id=\"gazdasagportal.hu_fullbanner_wideboard\"><\/div>\r\n<\/div>\n<p>    A divatport\u00e1l r\u00e9gi\u00f3s eredm\u00e9nyei is fel\u00fclm\u00falt\u00e1k a v\u00e1rakoz\u00e1sokat: a c\u00e9gcsoport bev\u00e9tele 60 sz\u00e1zal\u00e9kkal, 41,5 milli\u00f3 eur\u00f3ra n\u0151tt ebben az id\u0151szakban. Ha a tendencia folytat\u00f3dik, akkor a Fashion Days 50 sz\u00e1zal\u00e9kkal jobb teljes\u00edtm\u00e9nnyel z\u00e1rja majd az \u00e9vet, mint 2016-ban - \u00edrt\u00e1k.<br \/>\n    A webshop h\u00e1rom orsz\u00e1gban - Magyarorsz\u00e1g, Rom\u00e1nia, Bulg\u00e1ria - van jelen, teljes forgalm\u00e1nak 60 sz\u00e1zal\u00e9k\u00e1t a rom\u00e1n piac hozza, a fennmarad\u00f3 40-et a bolg\u00e1r \u00e9s a magyar egy\u00fcttesen. A c\u00e9g mintegy 500 alkalmazottat foglalkoztat. A Fashion Days 2015 \u00f3ta az eMAG csoport tagja.<br \/>\n    A port\u00e1lnak a h\u00e1rom orsz\u00e1gb\u00f3l t\u00f6bb mint 700 ezer v\u00e1s\u00e1rl\u00f3ja volt az elm\u00falt \u00e9vekben, \u00e9s az elm\u00falt nyolc h\u00f3napban 2,18 milli\u00f3 term\u00e9ket \u00e9rt\u00e9kes\u00edtettek - mondta Robert Berza, a Fashion Days vez\u00e9rigazgat\u00f3ja a k\u00f6zlem\u00e9nyben.<\/p>\n<div class=\"ads-in-post2\"><script async src=\"https:\/\/pagead2.googlesyndication.com\/pagead\/js\/adsbygoogle.js\"><\/script>\r\n<ins class=\"adsbygoogle\"\r\n     style=\"display:block\"\r\n     data-ad-format=\"fluid\"\r\n     data-ad-layout-key=\"-6t+ed+2i-1n-4w\"\r\n     data-ad-client=\"ca-pub-1959107119989764\"\r\n     data-ad-slot=\"4008251320\"><\/ins>\r\n<script>\r\n     (adsbygoogle = window.adsbygoogle || []).push({});\r\n<\/script><\/div>\n    A Fashion Days f\u00e9l\u00e9ves elemz\u00e9se alapj\u00e1n, az online v\u00e1s\u00e1rl\u00e1s rugalmass\u00e1g\u00e1t kihaszn\u00e1lva, egyre t\u00f6bben v\u00e1lasztj\u00e1k az \u00e9jszakai, az \u00e9jf\u00e9l \u00e9s reggel 6 \u00f3ra k\u00f6z\u00f6tti v\u00e1s\u00e1rl\u00e1st. Magyarorsz\u00e1gon az \u00e9jszakai v\u00e1s\u00e1rl\u00e1sok 71 sz\u00e1zal\u00e9k\u00e1t mobiltelefonr\u00f3l kezdem\u00e9nyezt\u00e9k, 10 sz\u00e1zal\u00e9k pedig tabletr\u0151l v\u00e1s\u00e1rolt sz\u00edvesen. Ez az ar\u00e1ny a h\u00e1rom Fashion Days orsz\u00e1g k\u00f6z\u00fcl Magyarorsz\u00e1gon a legmagasabb.(MTI)<\/p>\n","protected":false},"excerpt":{"rendered":"<p>A Fashion Days divatport\u00e1l 1,8 milli\u00e1rd forintos bev\u00e9telt \u00e9rt el id\u00e9n janu\u00e1r-augusztus k\u00f6z\u00f6tt, 44 sz\u00e1zal\u00e9kkal t\u00f6bbet az egy \u00e9vvel kor\u00e1bbin\u00e1l &#8211; t\u00e1j\u00e9koztatta a t\u00e1rsas\u00e1g az MTI-t kedden. A divatport\u00e1l r\u00e9gi\u00f3s eredm\u00e9nyei is fel\u00fclm\u00falt\u00e1k a v\u00e1rakoz\u00e1sokat: a c\u00e9gcsoport bev\u00e9tele 60 sz\u00e1zal\u00e9kkal, 41,5 milli\u00f3 eur\u00f3ra n\u0151tt ebben az id\u0151szakban. Ha a tendencia folytat\u00f3dik, akkor a Fashion Days &#8230;<\/p>\n","protected":false},"author":1,"featured_media":0,"comment_status":"closed","ping_status":"open","sticky":false,"template":"","format":"standard","meta":[],"categories":[417,19,34],"tags":[],"_links":{"self":[{"href":"https:\/\/gazdasagportal.hu\/index.php\/wp-json\/wp\/v2\/posts\/98635"}],"collection":[{"href":"https:\/\/gazdasagportal.hu\/index.php\/wp-json\/wp\/v2\/posts"}],"about":[{"href":"https:\/\/gazdasagportal.hu\/index.php\/wp-json\/wp\/v2\/types\/post"}],"author":[{"embeddable":true,"href":"https:\/\/gazdasagportal.hu\/index.php\/wp-json\/wp\/v2\/users\/1"}],"replies":[{"embeddable":true,"href":"https:\/\/gazdasagportal.hu\/index.php\/wp-json\/wp\/v2\/comments?post=98635"}],"version-history":[{"count":1,"href":"https:\/\/gazdasagportal.hu\/index.php\/wp-json\/wp\/v2\/posts\/98635\/revisions"}],"predecessor-version":[{"id":98636,"href":"https:\/\/gazdasagportal.hu\/index.php\/wp-json\/wp\/v2\/posts\/98635\/revisions\/98636"}],"wp:attachment":[{"href":"https:\/\/gazdasagportal.hu\/index.php\/wp-json\/wp\/v2\/media?parent=98635"}],"wp:term":[{"taxonomy":"category","embeddable":true,"href":"https:\/\/gazdasagportal.hu\/index.php\/wp-json\/wp\/v2\/categories?post=98635"},{"taxonomy":"post_tag","embeddable":true,"href":"https:\/\/gazdasagportal.hu\/index.php\/wp-json\/wp\/v2\/tags?post=98635"}],"curies":[{"name":"wp","href":"https:\/\/api.w.org\/{rel}","templated":true}]}}