{"id":98632,"date":"2017-10-10T14:17:57","date_gmt":"2017-10-10T12:17:57","guid":{"rendered":"http:\/\/gazdasagportal.hu\/?p=98632"},"modified":"2017-10-10T14:21:14","modified_gmt":"2017-10-10T12:21:14","slug":"egy-iphone-x-tok-ami-170-ezer-forintnal-kezdodik","status":"publish","type":"post","link":"https:\/\/gazdasagportal.hu\/index.php\/egy-iphone-x-tok-ami-170-ezer-forintnal-kezdodik\/","title":{"rendered":"Egy iPhone X tok, ami 170 ezer forintn\u00e1l kezd\u0151dik"},"content":{"rendered":"<p><strong>A leg\u00fajabb Apple okostelefon hivatalosan is Magyarorsz\u00e1gon lesz a legdr\u00e1g\u00e1bb, de most m\u00e1r nem kell agg\u00f3dnia azoknak sem, akiknek m\u00e9g a telefon megv\u00e9tele ut\u00e1n is marad egy kis f\u00f6l\u00f6sleges p\u00e9nze.<\/strong><!--more--><\/p>\n<div class=\"ads-in-post1\"><div id=\"gazdasagportal.hu_fullbanner_wideboard\"><\/div>\r\n<\/div>\n<p>Egyre t\u00f6bben gy\u00e1rtanak tartoz\u00e9kot \u00e9s az \u00e1ltal\u00e1nos tendencia szerint egyre olcs\u00f3bban lehet beszerezni a tokokat, t\u00f6lt\u0151ket, vagy egy\u00e9b mobiltelefon kieg\u00e9sz\u00edt\u0151ket, azonban egy gy\u00e1rt\u00f3 olyan l\u00e9p\u00e9sre sz\u00e1nta el mag\u00e1t, amire eddig m\u00e9g nem volt p\u00e9lda.<\/p>\n<p>A mind\u00f6ssze 2 \u00e9ve alakult Gray-International c\u00e9g egy olyan <a href=\"https:\/\/www.phonebox.hu\/iphone\/iphone-x-tok\" target=\"_blank\" rel=\"noopener\">egyedi iPhone X tokot<\/a> mutatott be, aminek a legolcs\u00f3bb v\u00e1ltozat\u00e1\u00e9rt is 645$-t kell fizetn\u00fcnk, amit tov\u00e1bbi 35$-\u00e9rt grav\u00edroztathatunk egyedire. Az \u00fct\u00e9s\u00e1ll\u00f3 iPhone tok k\u00fcl\u00f6nlegess\u00e9ge, hogy Aerospace Grade 5 tit\u00e1niumb\u00f3l k\u00e9sz\u00fclt, ami 2,5x kem\u00e9nyebb az ac\u00e9ln\u00e1l \u00e9s fele olyan k\u00f6nny\u0171 csak. A legt\u00f6bb pr\u00e9mium term\u00e9khez hasonl\u00f3an ez is limit\u00e1lt darabsz\u00e1mban \u00e9rhet\u0151 csak el, term\u00e9szetesen egyedileg sorsz\u00e1mozva.<\/p><div id=\"gazda-3190163739\" class=\"gazda-tartalomban gazda-entity-placement\"><script async src=\"https:\/\/pagead2.googlesyndication.com\/pagead\/js\/adsbygoogle.js\"><\/script>\r\n<ins class=\"adsbygoogle\"\r\n     style=\"display:block\"\r\n     data-ad-format=\"fluid\"\r\n     data-ad-layout-key=\"-6t+ed+2i-1n-4w\"\r\n     data-ad-client=\"ca-pub-1959107119989764\"\r\n     data-ad-slot=\"4008251320\"><\/ins>\r\n<script>\r\n     (adsbygoogle = window.adsbygoogle || []).push({});\r\n<\/script><\/div>\n<div class=\"ads-in-post2\"><script async src=\"https:\/\/pagead2.googlesyndication.com\/pagead\/js\/adsbygoogle.js\"><\/script>\r\n<ins class=\"adsbygoogle\"\r\n     style=\"display:block\"\r\n     data-ad-format=\"fluid\"\r\n     data-ad-layout-key=\"-6t+ed+2i-1n-4w\"\r\n     data-ad-client=\"ca-pub-1959107119989764\"\r\n     data-ad-slot=\"4008251320\"><\/ins>\r\n<script>\r\n     (adsbygoogle = window.adsbygoogle || []).push({});\r\n<\/script><\/div>\n<p>A tok meglehet\u0151sen egyedire siker\u00fclt, mivel a telefonra helyezve a k\u00e9sz\u00fcl\u00e9k\u00fcnk m\u00e9g v\u00e9letlen\u00fcl sem lesz \u00f6sszekeverhet\u0151 egy egyszer\u0171 iPhone-nal. Az egyedi diz\u00e1jn\u00fa nyitott fels\u0151 \u00e9s als\u00f3 \u00e9lek ellen\u00e9re, a gy\u00e1rt\u00f3 specifik\u00e1ci\u00f3ja szerint komoly v\u00e9delemre sz\u00e1m\u00edthat telefonunk egy elejt\u00e9s eset\u00e9n is.<\/p>\n<p>A legdr\u00e1g\u00e1bb speci\u00e1lisan h\u0151kezelt, ez\u00e1ltal egyedi Advent Aurora tok\u00e9rt ha hajland\u00f3ak vagyunk akkor ak\u00e1r 1295 doll\u00e1rt is fizethet\u00fcnk, ami j\u00f3val magasabb, mint az iPhone X amerikai elad\u00e1si \u00e1ra. Ha az \u00e1r ellen\u00e9re valaki Magyarorsz\u00e1gra is megrendeln\u00e9, akkor \u00e9rdemes v\u00e1mmal \u00e9s \u00e1f\u00e1val is sz\u00e1molni a term\u00e9k \u00e1r\u00e1t illet\u0151en, \u00edgy k\u00f6nnyen rendelhet\u00fcnk magunknak egy 1500$-os tokot!<\/p>\n","protected":false},"excerpt":{"rendered":"<p>A leg\u00fajabb Apple okostelefon hivatalosan is Magyarorsz\u00e1gon lesz a legdr\u00e1g\u00e1bb, de most m\u00e1r nem kell agg\u00f3dnia azoknak sem, akiknek m\u00e9g a telefon megv\u00e9tele ut\u00e1n is marad egy kis f\u00f6l\u00f6sleges p\u00e9nze.<\/p>\n","protected":false},"author":1,"featured_media":98634,"comment_status":"closed","ping_status":"open","sticky":false,"template":"","format":"standard","meta":[],"categories":[146,4,19],"tags":[],"_links":{"self":[{"href":"https:\/\/gazdasagportal.hu\/index.php\/wp-json\/wp\/v2\/posts\/98632"}],"collection":[{"href":"https:\/\/gazdasagportal.hu\/index.php\/wp-json\/wp\/v2\/posts"}],"about":[{"href":"https:\/\/gazdasagportal.hu\/index.php\/wp-json\/wp\/v2\/types\/post"}],"author":[{"embeddable":true,"href":"https:\/\/gazdasagportal.hu\/index.php\/wp-json\/wp\/v2\/users\/1"}],"replies":[{"embeddable":true,"href":"https:\/\/gazdasagportal.hu\/index.php\/wp-json\/wp\/v2\/comments?post=98632"}],"version-history":[{"count":1,"href":"https:\/\/gazdasagportal.hu\/index.php\/wp-json\/wp\/v2\/posts\/98632\/revisions"}],"predecessor-version":[{"id":98633,"href":"https:\/\/gazdasagportal.hu\/index.php\/wp-json\/wp\/v2\/posts\/98632\/revisions\/98633"}],"wp:featuredmedia":[{"embeddable":true,"href":"https:\/\/gazdasagportal.hu\/index.php\/wp-json\/wp\/v2\/media\/98634"}],"wp:attachment":[{"href":"https:\/\/gazdasagportal.hu\/index.php\/wp-json\/wp\/v2\/media?parent=98632"}],"wp:term":[{"taxonomy":"category","embeddable":true,"href":"https:\/\/gazdasagportal.hu\/index.php\/wp-json\/wp\/v2\/categories?post=98632"},{"taxonomy":"post_tag","embeddable":true,"href":"https:\/\/gazdasagportal.hu\/index.php\/wp-json\/wp\/v2\/tags?post=98632"}],"curies":[{"name":"wp","href":"https:\/\/api.w.org\/{rel}","templated":true}]}}