{"id":9863,"date":"2013-06-13T13:36:33","date_gmt":"2013-06-13T11:36:33","guid":{"rendered":"http:\/\/stockportal.hu\/?p=9863"},"modified":"2013-06-13T13:36:33","modified_gmt":"2013-06-13T11:36:33","slug":"elkeszult-a-kormany-infokommunikacios-strategiaja","status":"publish","type":"post","link":"https:\/\/gazdasagportal.hu\/index.php\/elkeszult-a-kormany-infokommunikacios-strategiaja\/","title":{"rendered":"Elk\u00e9sz\u00fclt a korm\u00e1ny infokommunik\u00e1ci\u00f3s strat\u00e9gi\u00e1ja"},"content":{"rendered":"<p><strong>A digit\u00e1lis infrastrukt\u00fara fejleszt\u00e9s\u00e9t, a t\u00e1rsadalom digit\u00e1lis \u00edr\u00e1stud\u00e1s\u00e1nak n\u00f6vel\u00e9s\u00e9t, a v\u00e1llalatok kutat\u00e1s-fejleszt\u00e9si tev\u00e9kenys\u00e9g\u00e9nek t\u00e1mogat\u00e1s\u00e1t, valamint a digit\u00e1lis \u00e1llam kialak\u00edt\u00e1s\u00e1t c\u00e9lozza a korm\u00e1ny k\u00f6vetkez\u0151 \u00e9vekre sz\u00f3l\u00f3 infokommunik\u00e1c\u00f3s strat\u00e9gi\u00e1ja &#8211; mondta V\u00e1lyi-Nagy Vilmos, a Nemzeti Fejleszt\u00e9si Miniszt\u00e9rium infokommunik\u00e1ci\u00f3\u00e9rt felel\u0151s \u00e1llamtitk\u00e1ra az Inform\u00e1ci\u00f3s T\u00e1rsadalom Parlamentje elnevez\u00e9s\u0171 rendezv\u00e9nyen cs\u00fct\u00f6rt\u00f6k\u00f6n Budapesten.<!--more--><\/strong><\/p>\n<p>Hozz\u00e1tette, hogy a 2014-20-as uni\u00f3s tervez\u00e9si ciklusra sz\u00f3l\u00f3 cselekv\u00e9si terv hamarosan nyilv\u00e1noss\u00e1gra ker\u00fcl, \u00e9s t\u00e1rsadalmi vita keret\u00e9ben lehet majd hozz\u00e1sz\u00f3lni.<br \/>\nA dokumentum &#8211; amely hazai kis \u00e9s nagyv\u00e1llalatokkal, multinacion\u00e1lis c\u00e9gekkel, valamint \u00e9rdekv\u00e9delmi szervezetekkel egy\u00fcttm\u0171k\u00f6dve k\u00e9sz\u00fclt &#8211; meghat\u00e1rozza az infokommunik\u00e1ci\u00f3s strat\u00e9gia k\u00f6vetkez\u0151 h\u00e9t \u00e9vre sz\u00f3l\u00f3 forr\u00e1sfelhaszn\u00e1l\u00e1s\u00e1t \u00e9s a fejleszt\u00e9s f\u0151 ir\u00e1nyait &#8211; fejtette ki az \u00e1llamtitk\u00e1r.<br \/>\nAz \u00e1llamtitk\u00e1r ismertette, hogy Magyarorsz\u00e1gon jelenleg a lakoss\u00e1g 55 sz\u00e1zal\u00e9ka haszn\u00e1l internetet, 43 sz\u00e1zal\u00e9knak pedig egy\u00e1ltal\u00e1n nincs sz\u00e1m\u00edt\u00f3g\u00e9pe. A\u00a0\u00a0k\u00f6vetkez\u0151 id\u0151szak fontos feladat\u00e1nak nevezte, hogy javuljanak ezek az ar\u00e1nysz\u00e1mok.<br \/>\nEnnek \u00e9rdek\u00e9ben forr\u00e1st kell biztos\u00edtani a digit\u00e1lis \u00edr\u00e1stud\u00e1s terjeszt\u00e9s\u00e9t c\u00e9lz\u00f3 k\u00e9pz\u00e9sekre. Ezen bel\u00fcl is nagy figyelmet kell, hogy kapjon az id\u0151sebb koroszt\u00e1ly k\u00e9pz\u00e9se, \u0151k ugyanis j\u00f3val kisebb m\u00e9rt\u00e9kben haszn\u00e1lnak sz\u00e1m\u00edt\u00f3g\u00e9pet, illetve digit\u00e1lis eszk\u00f6z\u00f6ket. A fiatalok k\u00f6zel 100 sz\u00e1zal\u00e9ka digit\u00e1lis \u00edr\u00e1stud\u00f3, azonban ebben a koroszt\u00e1lyoszt\u00e1lyban is nagyobb hangs\u00falyt kell fektetni az iskolai min\u0151s\u00e9gi informatikai k\u00e9pz\u00e9sre, tov\u00e1bb\u00e1 az informatikus \u00e9s m\u00e9rn\u00f6kk\u00e9pz\u00e9sre &#8211; fejtette ki az \u00e1llamtitk\u00e1r.<br \/>\nA digit\u00e1lis infrastrukt\u00fara fejleszt\u00e9se szint\u00e9n hangs\u00falyos eleme a strat\u00e9gi\u00e1nak, ezen bel\u00fcl c\u00e9l a sz\u00e9less\u00e1v\u00fa internet el\u00e9r\u00e9s biztos\u00edt\u00e1sa a jelenleg m\u00e9g ell\u00e1tatlan kist\u00e9rs\u00e9gekben is.<br \/>\nA digit\u00e1lis gazdas\u00e1g fejleszt\u00e9se ter\u00fclet\u00e9n kifejezetten a kis- \u00e9s k\u00f6zepes v\u00e1llalkoz\u00e1sok t\u00e1mogat\u00e1sa kap hangs\u00falyt. A korm\u00e1ny sz\u00e1nd\u00e9ka l\u00e9nyegesen emelni, \u00e9s minden v\u00e1llalkoz\u00e1s sz\u00e1m\u00e1ra el\u00e9rhet\u0151v\u00e9 tenni\u00a0\u00a0a kutat\u00e1s-fejleszt\u00e9si aktivit\u00e1s n\u00f6vel\u00e9s\u00e9t c\u00e9lz\u00f3 forr\u00e1sokat. Priorit\u00e1st kap az export megjelen\u00e9s t\u00e1mogat\u00e1sa is, tov\u00e1bb\u00e1 start-up programokat t\u00e1mogat\u00f3 csomagok kialak\u00edt\u00e1sa is szerepel a strat\u00e9gi\u00e1ban.<br \/>\nA digit\u00e1lis \u00e1llam kialak\u00edt\u00e1s\u00e1val a korm\u00e1ny azt szeretn\u00e9 el\u00e9rni, hogy az int\u00e9zm\u00e9nyek t\u00f6bbs\u00e9g\u00e9ben teljes k\u00f6r\u0171, \u00e1ltal\u00e1nos \u00fcgyint\u00e9z\u00e9sre legyen lehet\u0151s\u00e9g\u00fck az \u00e1llampolg\u00e1roknak, illetve a v\u00e1llalatoknak.<br \/>\nV\u00e1lyi-Nagy Vilmos k\u00f6z\u00f6lte, hogy az elk\u00f6vetkez\u0151 egy \u00e9vben v\u00e1rhat\u00f3an lez\u00e1rul az infokommunik\u00e1ci\u00f3s fejleszt\u00e9st c\u00e9lz\u00f3 operat\u00edv program tervez\u00e9se, l\u00e9trej\u00f6n a kapcsol\u00f3d\u00f3 int\u00e9zm\u00e9nyrendszer, \u00e9s megkezd\u0151dhet a forr\u00e1sok felhaszn\u00e1l\u00e1s\u00e1nak nemzetgazdas\u00e1gi szint\u0171 eloszt\u00e1sa. Az operat\u00edv programot a j\u00f3v\u00e1hagy\u00e1s el\u0151tt el kell fogadtatni Br\u00fcsszellel is. Az \u00e1llamtitk\u00e1r v\u00e9lem\u00e9nye szerint 2014 tavasz\u00e1n elindulhatnak az operat\u00edv programhoz kapcsol\u00f3d\u00f3 konkr\u00e9t p\u00e1ly\u00e1zatok. (MTI)<\/p>\n","protected":false},"excerpt":{"rendered":"<p>A digit\u00e1lis infrastrukt\u00fara fejleszt\u00e9s\u00e9t, a t\u00e1rsadalom digit\u00e1lis \u00edr\u00e1stud\u00e1s\u00e1nak n\u00f6vel\u00e9s\u00e9t, a v\u00e1llalatok kutat\u00e1s-fejleszt\u00e9si tev\u00e9kenys\u00e9g\u00e9nek t\u00e1mogat\u00e1s\u00e1t, valamint a digit\u00e1lis \u00e1llam kialak\u00edt\u00e1s\u00e1t c\u00e9lozza a korm\u00e1ny k\u00f6vetkez\u0151 \u00e9vekre sz\u00f3l\u00f3 infokommunik\u00e1c\u00f3s strat\u00e9gi\u00e1ja &#8211; mondta V\u00e1lyi-Nagy Vilmos, a Nemzeti Fejleszt\u00e9si Miniszt\u00e9rium infokommunik\u00e1ci\u00f3\u00e9rt felel\u0151s \u00e1llamtitk\u00e1ra az Inform\u00e1ci\u00f3s T\u00e1rsadalom Parlamentje elnevez\u00e9s\u0171 rendezv\u00e9nyen cs\u00fct\u00f6rt\u00f6k\u00f6n Budapesten.<\/p>\n","protected":false},"author":1,"featured_media":0,"comment_status":"open","ping_status":"closed","sticky":false,"template":"","format":"standard","meta":[],"categories":[49],"tags":[],"_links":{"self":[{"href":"https:\/\/gazdasagportal.hu\/index.php\/wp-json\/wp\/v2\/posts\/9863"}],"collection":[{"href":"https:\/\/gazdasagportal.hu\/index.php\/wp-json\/wp\/v2\/posts"}],"about":[{"href":"https:\/\/gazdasagportal.hu\/index.php\/wp-json\/wp\/v2\/types\/post"}],"author":[{"embeddable":true,"href":"https:\/\/gazdasagportal.hu\/index.php\/wp-json\/wp\/v2\/users\/1"}],"replies":[{"embeddable":true,"href":"https:\/\/gazdasagportal.hu\/index.php\/wp-json\/wp\/v2\/comments?post=9863"}],"version-history":[{"count":2,"href":"https:\/\/gazdasagportal.hu\/index.php\/wp-json\/wp\/v2\/posts\/9863\/revisions"}],"predecessor-version":[{"id":9865,"href":"https:\/\/gazdasagportal.hu\/index.php\/wp-json\/wp\/v2\/posts\/9863\/revisions\/9865"}],"wp:attachment":[{"href":"https:\/\/gazdasagportal.hu\/index.php\/wp-json\/wp\/v2\/media?parent=9863"}],"wp:term":[{"taxonomy":"category","embeddable":true,"href":"https:\/\/gazdasagportal.hu\/index.php\/wp-json\/wp\/v2\/categories?post=9863"},{"taxonomy":"post_tag","embeddable":true,"href":"https:\/\/gazdasagportal.hu\/index.php\/wp-json\/wp\/v2\/tags?post=9863"}],"curies":[{"name":"wp","href":"https:\/\/api.w.org\/{rel}","templated":true}]}}