{"id":98621,"date":"2017-10-10T13:10:03","date_gmt":"2017-10-10T11:10:03","guid":{"rendered":"http:\/\/gazdasagportal.hu\/?p=98621"},"modified":"2017-10-10T13:19:27","modified_gmt":"2017-10-10T11:19:27","slug":"az-eu-tanacsa-megerositette-az-eszak-koreaval-szembeni-unios-szankciokat","status":"publish","type":"post","link":"https:\/\/gazdasagportal.hu\/index.php\/az-eu-tanacsa-megerositette-az-eszak-koreaval-szembeni-unios-szankciokat\/","title":{"rendered":"Az EU Tan\u00e1csa meger\u0151s\u00edtette az \u00c9szak-Kore\u00e1val szembeni uni\u00f3s szankci\u00f3kat"},"content":{"rendered":"<p><strong>Az Eur\u00f3pai Uni\u00f3 Tan\u00e1csa az ENSZ Biztons\u00e1gi Tan\u00e1cs\u00e1nak (BT) legut\u00f3bbi hat\u00e1rozat\u00e1val \u00f6sszhangban meger\u0151s\u00edtette az \u00c9szak-Kore\u00e1val szembeni uni\u00f3s szankci\u00f3kat.<\/strong><!--more--><\/p>\n<div class=\"ads-in-post1\"><div id=\"gazdasagportal.hu_fullbanner_wideboard\"><\/div>\r\n<\/div>\n<p>    Az uni\u00f3s test\u00fclet keddi k\u00f6zlem\u00e9nye szerint az Eur\u00f3pai Uni\u00f3 a tov\u00e1bb szigor\u00edtott korl\u00e1toz\u00f3 int\u00e9zked\u00e9seibe be\u00e9p\u00edtette az ENSZ Biztons\u00e1gi Tan\u00e1cs\u00e1nak szeptemberi hat\u00e1rozat\u00e1ban foglaltakat, v\u00e1laszul a Phenjan atomfegyver-, illetve ballisztikusrak\u00e9ta-fejleszt\u00e9si programjaihoz k\u00f6t\u0151d\u0151 tev\u00e9kenys\u00e9geire, amelyek &#8222;s\u00e9rtik \u00e9s ny\u00edltan semmibe veszik&#8221; az ENSZ BT kor\u00e1bbi hat\u00e1rozatait.<br \/>\n    A bevezetett int\u00e9zked\u00e9sek t\u00f6bbek k\u00f6z\u00f6tt megtiltj\u00e1k a f\u00f6ldg\u00e1zkondenz\u00e1tumok \u00e9rt\u00e9kes\u00edt\u00e9s\u00e9t, valamint korl\u00e1toz\u00e1sokat vezetnek be a finom\u00edtott k\u0151olajterm\u00e9kek \u00e9s a k\u0151olaj elad\u00e1s\u00e1ra \u00c9szak-Korea r\u00e9sz\u00e9re, \u00e9s tiltj\u00e1k az onnan sz\u00e1rmaz\u00f3 textilterm\u00e9kek importj\u00e1t.<br \/>\n    Az uni\u00f3s tag\u00e1llamok tov\u00e1bb\u00e1 nem \u00e1ll\u00edthatnak ki a ter\u00fclet\u00fckre bel\u00e9p\u00e9st \u00e9s ott munkav\u00e1llal\u00e1st lehet\u0151v\u00e9 tev\u0151 \u00faj enged\u00e9lyeket \u00e9szak-koreai \u00e1llampolg\u00e1rok r\u00e9sz\u00e9re, mivel azok ezzel olyan bev\u00e9telre tehetnek szert, amely k\u00e9s\u0151bb az orsz\u00e1g illeg\u00e1lis nukle\u00e1ris programj\u00e1nak vagy ballisztikusrak\u00e9ta-programj\u00e1nak t\u00e1mogat\u00e1s\u00e1ra ker\u00fclhet felhaszn\u00e1l\u00e1sra.<\/p>\n<div class=\"ads-in-post2\"><script async src=\"https:\/\/pagead2.googlesyndication.com\/pagead\/js\/adsbygoogle.js\"><\/script>\r\n<ins class=\"adsbygoogle\"\r\n     style=\"display:block\"\r\n     data-ad-format=\"fluid\"\r\n     data-ad-layout-key=\"-6t+ed+2i-1n-4w\"\r\n     data-ad-client=\"ca-pub-1959107119989764\"\r\n     data-ad-slot=\"4008251320\"><\/ins>\r\n<script>\r\n     (adsbygoogle = window.adsbygoogle || []).push({});\r\n<\/script><\/div>\n    A felsoroltak emellett az ENSZ BT \u00e1ltal humanit\u00e1rius vagy meg\u00e9lhet\u00e9si okokb\u00f3l biztos\u00edtott mentess\u00e9geket is \u00e1t\u00fcltetik az uni\u00f3s int\u00e9zked\u00e9sekbe.<br \/>\n    Az uni\u00f3 ezt megel\u0151z\u0151en szeptember k\u00f6zep\u00e9n \u00fcltette \u00e1t az ENSZ BT hat\u00e1rozat\u00e1val v\u00e9grehajtott \u00fajabb jegyz\u00e9kbe v\u00e9teleket azzal, hogy a vagyonieszk\u00f6z-befagyaszt\u00e1s, illetve szem\u00e9lyi utaz\u00e1si korl\u00e1toz\u00e1s hat\u00e1lya al\u00e1 tartoz\u00f3 emberek \u00e9s szervezetek jegyz\u00e9k\u00e9be h\u00e1rom olyan szervezetet \u00e9s egy olyan szem\u00e9lyt vett fel, amelyek, illetve aki t\u00e1mogatja az eml\u00edtett tiltott programokat.<br \/>\n    Az uni\u00f3s jegyz\u00e9kben jelenleg 63 ember \u00e9s 53 szervezet \u00e1ll az ENSZ \u00e1ltal \u00c9szak-Kore\u00e1val szemben bevezetett korl\u00e1toz\u00f3 int\u00e9zked\u00e9sek hat\u00e1lya alatt. Az EU ezenfel\u00fcl tov\u00e1bbi 38 embert \u00e9s 4 szervezetet vett jegyz\u00e9kbe saj\u00e1t kezdem\u00e9nyez\u00e9s alapj\u00e1n.<br \/>\n    Az uni\u00f3 az ENSZ BT \u00f6sszes olyan hat\u00e1rozat\u00e1t v\u00e9grehajtja, amelyeket a test\u00fclet \u00c9szak-Korea atomfegyverekhez \u00e9s ballisztikus rak\u00e9t\u00e1khoz kapcsol\u00f3d\u00f3 programjaira v\u00e1laszul fogadott el &#8211; \u00e1ll az uni\u00f3s test\u00fclet k\u00f6zlem\u00e9ny\u00e9ben.(MTI)<\/p>\n","protected":false},"excerpt":{"rendered":"<p>Az Eur\u00f3pai Uni\u00f3 Tan\u00e1csa az ENSZ Biztons\u00e1gi Tan\u00e1cs\u00e1nak (BT) legut\u00f3bbi hat\u00e1rozat\u00e1val \u00f6sszhangban meger\u0151s\u00edtette az \u00c9szak-Kore\u00e1val szembeni uni\u00f3s szankci\u00f3kat.<\/p>\n","protected":false},"author":1,"featured_media":0,"comment_status":"closed","ping_status":"open","sticky":false,"template":"","format":"standard","meta":[],"categories":[12],"tags":[],"_links":{"self":[{"href":"https:\/\/gazdasagportal.hu\/index.php\/wp-json\/wp\/v2\/posts\/98621"}],"collection":[{"href":"https:\/\/gazdasagportal.hu\/index.php\/wp-json\/wp\/v2\/posts"}],"about":[{"href":"https:\/\/gazdasagportal.hu\/index.php\/wp-json\/wp\/v2\/types\/post"}],"author":[{"embeddable":true,"href":"https:\/\/gazdasagportal.hu\/index.php\/wp-json\/wp\/v2\/users\/1"}],"replies":[{"embeddable":true,"href":"https:\/\/gazdasagportal.hu\/index.php\/wp-json\/wp\/v2\/comments?post=98621"}],"version-history":[{"count":2,"href":"https:\/\/gazdasagportal.hu\/index.php\/wp-json\/wp\/v2\/posts\/98621\/revisions"}],"predecessor-version":[{"id":98623,"href":"https:\/\/gazdasagportal.hu\/index.php\/wp-json\/wp\/v2\/posts\/98621\/revisions\/98623"}],"wp:attachment":[{"href":"https:\/\/gazdasagportal.hu\/index.php\/wp-json\/wp\/v2\/media?parent=98621"}],"wp:term":[{"taxonomy":"category","embeddable":true,"href":"https:\/\/gazdasagportal.hu\/index.php\/wp-json\/wp\/v2\/categories?post=98621"},{"taxonomy":"post_tag","embeddable":true,"href":"https:\/\/gazdasagportal.hu\/index.php\/wp-json\/wp\/v2\/tags?post=98621"}],"curies":[{"name":"wp","href":"https:\/\/api.w.org\/{rel}","templated":true}]}}