{"id":98619,"date":"2017-10-10T12:53:02","date_gmt":"2017-10-10T10:53:02","guid":{"rendered":"http:\/\/gazdasagportal.hu\/?p=98619"},"modified":"2017-10-10T14:06:19","modified_gmt":"2017-10-10T12:06:19","slug":"szijjarto-a-kulhoni-magyarsag-sorsa-nem-alku-targya","status":"publish","type":"post","link":"https:\/\/gazdasagportal.hu\/index.php\/szijjarto-a-kulhoni-magyarsag-sorsa-nem-alku-targya\/","title":{"rendered":"Szijj\u00e1rt\u00f3: a k\u00fclhoni magyars\u00e1g sorsa nem alku t\u00e1rgya"},"content":{"rendered":"<p><strong>A k\u00fclhoni magyars\u00e1g sorsa nem alku t\u00e1rgya, Ukrajn\u00e1nak vissza kell vonnia az oktat\u00e1si t\u00f6rv\u00e9ny kisebbs\u00e9geket s\u00e9rt\u0151 rendelkez\u00e9seit &#8211; jelentette ki a k\u00fclgazdas\u00e1gi \u00e9s k\u00fcl\u00fcgyminiszter kedden Budapesten, sajt\u00f3t\u00e1j\u00e9koztat\u00f3n.<\/strong><!--more--><\/p>\n<div class=\"ads-in-post1\"><div id=\"gazdasagportal.hu_fullbanner_wideboard\"><\/div>\r\n<\/div>\n    Szijj\u00e1rt\u00f3 P\u00e9ter hangs\u00falyozta: az \u00faj ukr\u00e1n oktat\u00e1si t\u00f6rv\u00e9ny megs\u00e9rtette az Ukrajna \u00e9s az Eur\u00f3pai Uni\u00f3 k\u00f6z\u00f6tti t\u00e1rsul\u00e1si szerz\u0151d\u00e9st. Mivel az a kisebbs\u00e9gek jogainak er\u0151s\u00edt\u00e9s\u00e9r\u0151l is rendelkezik, Magyarorsz\u00e1g h\u00e9tf\u0151n, az uni\u00f3s k\u00fcl\u00fcgyminiszterek luxemburgi tan\u00e1cskoz\u00e1s\u00e1n kezdem\u00e9nyezni fogja a t\u00e1rsul\u00e1si szerz\u0151d\u00e9s fel\u00fclvizsg\u00e1lat\u00e1t. Ehhez \u00f6ssze kell h\u00edvni a t\u00e1rsul\u00e1si tan\u00e1csot, Magyarorsz\u00e1g pedig kezdem\u00e9nyezni fogja, hogy annak napirendj\u00e9n szerepeljen a t\u00e1rsul\u00e1si szerz\u0151d\u00e9s Ukrajna \u00e1ltal t\u00f6rt\u00e9n\u0151 megszeg\u00e9se. Az elfogad\u00e1shoz min\u0151s\u00edtett t\u00f6bbs\u00e9gre van sz\u00fcks\u00e9g &#8211; tette hozz\u00e1.<br \/>\n    Ha Ukrajna nem teszi meg a sz\u00fcks\u00e9ges int\u00e9zked\u00e9seket, akkor kereskedelmet \u00e9rint\u0151 b\u00fcntet\u0151int\u00e9zked\u00e9sek l\u00e9phetnek \u00e9letbe, a t\u00e1rsul\u00e1shoz ugyanis szabadkereskedelmi meg\u00e1llapod\u00e1s is tartozik, amivel megny\u00edltak az eur\u00f3pai piacok Ukrajna el\u0151tt. \u00cdgy, ha bebizonyosodik a t\u00e1rsul\u00e1si szerz\u0151d\u00e9s megszeg\u00e9se, az kereskedelmi, gazdas\u00e1gi szankci\u00f3kat is vonhat mag\u00e1val &#8211; fogalmazott a k\u00fclgazdas\u00e1gi \u00e9s k\u00fcl\u00fcgyminiszter.<br \/>\n    Kiemelte, hogy Ukrajna az uni\u00f3s integr\u00e1ci\u00f3 \u00e9rdek\u00e9ben tov\u00e1bbi l\u00e9p\u00e9seket tervez, de Magyarorsz\u00e1g blokkolni fogja ezeket, am\u00edg az oktat\u00e1si t\u00f6rv\u00e9ny a jelenlegi form\u00e1j\u00e1ban \u00e9rv\u00e9nyben marad.<br \/>\n    Szijj\u00e1rt\u00f3 P\u00e9ter felid\u00e9zte, hogy az Eur\u00f3pai Uni\u00f3 \u00e9s Ukrajna k\u00f6z\u00f6tti t\u00e1rsul\u00e1si meg\u00e1llapod\u00e1st Magyarorsz\u00e1g az els\u0151k k\u00f6z\u00f6tt ratifik\u00e1lta 2014-ben. A miniszter &#8222;h\u00e1tba sz\u00far\u00e1snak&#8221; nevezte, hogy az id\u00e9n szeptember 1-j\u00e9n hat\u00e1lyba l\u00e9pett szerz\u0151d\u00e9s ut\u00e1n n\u00e9gy nappal Kijev olyan t\u00f6rv\u00e9nyt fogadott el, amely szerzett jogokat vesz el a k\u00e1rp\u00e1taljai magyarokt\u00f3l.<\/p>\n<div class=\"ads-in-post2\"><script async src=\"https:\/\/pagead2.googlesyndication.com\/pagead\/js\/adsbygoogle.js\"><\/script>\r\n<ins class=\"adsbygoogle\"\r\n     style=\"display:block\"\r\n     data-ad-format=\"fluid\"\r\n     data-ad-layout-key=\"-6t+ed+2i-1n-4w\"\r\n     data-ad-client=\"ca-pub-1959107119989764\"\r\n     data-ad-slot=\"4008251320\"><\/ins>\r\n<script>\r\n     (adsbygoogle = window.adsbygoogle || []).push({});\r\n<\/script><\/div>\n    K\u00f6z\u00f6lte: ungv\u00e1ri egyeztet\u00e9s\u00fck\u00f6n a k\u00e1rp\u00e1taljai magyarok k\u00e9pvisel\u0151i, civil szervezetei, a helyi egyh\u00e1zak \u00e9s pedag\u00f3gusok azt k\u00e9rt\u00e9k, hogy a magyar korm\u00e1ny ne h\u00e1tr\u00e1ljon meg, ez\u00e9rt egyeztet\u00e9s helyett a t\u00f6rv\u00e9ny visszavon\u00e1sa hozhat csak megold\u00e1st.<br \/>\n    A miniszter kiemelte, hogy K\u00e1rp\u00e1talj\u00e1n 71 int\u00e9zm\u00e9nyben folyik magyar oktat\u00e1s, ezeket az int\u00e9zm\u00e9nyeket az \u00faj t\u00f6rv\u00e9ny a l\u00e9t\u00fckben fenyegeti, tan\u00e1raikat pedig elbocs\u00e1thatj\u00e1k miatta. A helyiek szerint a Szovjetuni\u00f3 idej\u00e9ben jobb volt a helyzet oktat\u00e1si szempontb\u00f3l &#8211; tette hozz\u00e1.<br \/>\n    Szijj\u00e1rt\u00f3 P\u00e9ter &#8222;cinikus mes\u00e9nek&#8221; nevezte azt az \u00e9rvel\u00e9st, hogy a t\u00f6rv\u00e9nyre a kisebbs\u00e9gek hi\u00e1nyos ukr\u00e1nnyelv-tud\u00e1sa miatt lenne sz\u00fcks\u00e9g, \u00e9s hangs\u00falyozta, Magyarorsz\u00e1g minden nemzetk\u00f6zi f\u00f3rumon c\u00e1folni fogja ezt.<br \/>\n    Az anyanyelvi oktat\u00e1snak \u00e9s az ukr\u00e1n nyelv ismeret\u00e9nek semmi k\u00f6z\u00fck egym\u00e1shoz, ut\u00f3bbit a magyar nyelv\u0171 oktat\u00e1s mellett is lehetne fejleszteni &#8211; mondta.<br \/>\n    Szijj\u00e1rt\u00f3 P\u00e9ter kijelentette, hogy a k\u00e9rd\u00e9sr\u0151l a cs\u00fct\u00f6rt\u00f6k\u00f6n Budapestre \u00e9rkez\u0151 ukr\u00e1n k\u00fcl\u00fcgyminiszterrel is egyeztetni fog, \u00e9s kijelentette: Ukrajna sz\u00e1m\u00e1ra nem csup\u00e1n f\u00f6ldrajzilag vezet az \u00fat Magyarorsz\u00e1gon \u00e1t Eur\u00f3p\u00e1ba.<br \/>\n    Megold\u00e1st csak a t\u00f6rv\u00e9ny kisebbs\u00e9geket s\u00e9rt\u0151 r\u00e9sz\u00e9nek visszavon\u00e1sa jelenthet, a magyar korm\u00e1ny pedig harcolni fog ez\u00e9rt &#8211; tette hozz\u00e1.(MTI)<\/p>\n","protected":false},"excerpt":{"rendered":"<p>A k\u00fclhoni magyars\u00e1g sorsa nem alku t\u00e1rgya, Ukrajn\u00e1nak vissza kell vonnia az oktat\u00e1si t\u00f6rv\u00e9ny kisebbs\u00e9geket s\u00e9rt\u0151 rendelkez\u00e9seit &#8211; jelentette ki a k\u00fclgazdas\u00e1gi \u00e9s k\u00fcl\u00fcgyminiszter kedden Budapesten, sajt\u00f3t\u00e1j\u00e9koztat\u00f3n.<\/p>\n","protected":false},"author":1,"featured_media":0,"comment_status":"closed","ping_status":"open","sticky":false,"template":"","format":"standard","meta":[],"categories":[4],"tags":[],"_links":{"self":[{"href":"https:\/\/gazdasagportal.hu\/index.php\/wp-json\/wp\/v2\/posts\/98619"}],"collection":[{"href":"https:\/\/gazdasagportal.hu\/index.php\/wp-json\/wp\/v2\/posts"}],"about":[{"href":"https:\/\/gazdasagportal.hu\/index.php\/wp-json\/wp\/v2\/types\/post"}],"author":[{"embeddable":true,"href":"https:\/\/gazdasagportal.hu\/index.php\/wp-json\/wp\/v2\/users\/1"}],"replies":[{"embeddable":true,"href":"https:\/\/gazdasagportal.hu\/index.php\/wp-json\/wp\/v2\/comments?post=98619"}],"version-history":[{"count":4,"href":"https:\/\/gazdasagportal.hu\/index.php\/wp-json\/wp\/v2\/posts\/98619\/revisions"}],"predecessor-version":[{"id":98630,"href":"https:\/\/gazdasagportal.hu\/index.php\/wp-json\/wp\/v2\/posts\/98619\/revisions\/98630"}],"wp:attachment":[{"href":"https:\/\/gazdasagportal.hu\/index.php\/wp-json\/wp\/v2\/media?parent=98619"}],"wp:term":[{"taxonomy":"category","embeddable":true,"href":"https:\/\/gazdasagportal.hu\/index.php\/wp-json\/wp\/v2\/categories?post=98619"},{"taxonomy":"post_tag","embeddable":true,"href":"https:\/\/gazdasagportal.hu\/index.php\/wp-json\/wp\/v2\/tags?post=98619"}],"curies":[{"name":"wp","href":"https:\/\/api.w.org\/{rel}","templated":true}]}}