{"id":98615,"date":"2017-10-10T12:05:21","date_gmt":"2017-10-10T10:05:21","guid":{"rendered":"http:\/\/gazdasagportal.hu\/?p=98615"},"modified":"2017-10-10T12:05:21","modified_gmt":"2017-10-10T10:05:21","slug":"orban-minden-adott-hogy-a-kovetkezo-evek-a-gazdasagi-sikerekrol-szoljanak","status":"publish","type":"post","link":"https:\/\/gazdasagportal.hu\/index.php\/orban-minden-adott-hogy-a-kovetkezo-evek-a-gazdasagi-sikerekrol-szoljanak\/","title":{"rendered":"Orb\u00e1n: minden adott, hogy a k\u00f6vetkez\u0151 \u00e9vek a gazdas\u00e1gi sikerekr\u0151l sz\u00f3ljanak"},"content":{"rendered":"<p><strong>Magyarorsz\u00e1gon minden k\u00e9szen \u00e1ll ahhoz, hogy a k\u00f6vetkez\u0151 \u00e9vek a gazdas\u00e1gi sikerek jegy\u00e9ben teljenek el &#8211; jelentette ki Orb\u00e1n Viktor minisztereln\u00f6k kedden a Pest megyei P\u00e1tyon, a Nemzeti Ipari Park \u00dczemeltet\u0151 \u00e9s Fejleszt\u0151 Zrt. beruh\u00e1z\u00e1s\u00e1ban \u00e9p\u00fclt \u00faj nemzetk\u00f6zi logisztikai k\u00f6zpont megnyit\u00f3j\u00e1n.<\/strong><!--more--><\/p>\n<div class=\"ads-in-post1\"><div id=\"gazdasagportal.hu_fullbanner_wideboard\"><\/div>\r\n<\/div>\n<p>    &#8222;\u00daj korszakot szeretn\u00e9nk nyitni, a m\u00e9g magasabb gazdas\u00e1gi n\u00f6veked\u00e9s korszak\u00e1t a magyar gazdas\u00e1gt\u00f6rt\u00e9netben&#8221; &#8211; mondta a korm\u00e1nyf\u0151.<br \/>\n    K\u00f6z\u00f6lte: a korm\u00e1ny elind\u00edtotta Eur\u00f3pa legnagyobb, ipari parkok fejleszt\u00e9s\u00e9vel foglalkoz\u00f3 beruh\u00e1z\u00e1ssorozat\u00e1t, amelynek k\u00e9t z\u00e1szl\u00f3shaj\u00f3ja az 5 milli\u00e1rd forintos &#8211; 75 sz\u00e1zal\u00e9kban piaci hitelb\u0151l megval\u00f3s\u00edtott &#8211; p\u00e1tyi \u00e9s a 17 milli\u00e1rd forintos hatvani beruh\u00e1z\u00e1s. Mindk\u00e9t fejleszt\u00e9s \u00e1llami fedezet\u0171, de piaci alap\u00fa.<br \/>\n    \u00c1m ez csak a kezdet, mert megindulnak azok a projektek, amelyek lefedik ipari parkokkal eg\u00e9sz Magyarorsz\u00e1got. A Modern v\u00e1rosok programban 13 megyei jog\u00fa v\u00e1rosban \u00f6sszesen 44 milli\u00e1rd forint \u00e9rtekben \u00e9p\u00edtenek majd ipari parkokat &#8211; fejtette ki.<br \/>\n    Orb\u00e1n Viktor arr\u00f3l is besz\u00e9lt, hogy nem h\u00edve az \u00e1llam jelent\u0151s gazdas\u00e1gi szerepv\u00e1llal\u00e1s\u00e1nak, &#8222;jobban b\u00edzunk a v\u00e1llalkoz\u00f3kban, a befektet\u0151kben, mint a saj\u00e1t b\u00fcrokrat\u00e1inkban&#8221;, de az \u00e1llami iparipark-fejleszt\u00e9si program meghirdet\u00e9se n\u00e9lk\u00fcl elmaradn\u00e1nak a beruh\u00e1z\u00f3k.<br \/>\n    Az iparipark-program jelent\u0151s\u00e9ge, hogy enyh\u00edti az orsz\u00e1g k\u00fcl\u00f6nb\u00f6z\u0151 r\u00e9szei k\u00f6z\u00f6tti fejletts\u00e9gi k\u00fcl\u00f6nbs\u00e9geket is &#8211; jegyezte meg.<br \/>\n    T\u00e1j\u00e9koztat\u00e1sa szerint 2020-ig 150-200 milli\u00e1rd forintot ford\u00edtanak az iparipark-h\u00e1l\u00f3zat ki\u00e9p\u00edt\u00e9s\u00e9re, a l\u00e9trej\u00f6v\u0151 l\u00e9tes\u00edtm\u00e9nyek pedig a legkomolyabb ig\u00e9nyeket t\u00e1maszt\u00f3 c\u00e9gek ingerk\u00fcsz\u00f6b\u00e9t is meg\u00fctik majd.<br \/>\n    A korm\u00e1nyf\u0151 szerint a kontinens &#8222;sz\u00edv\u00e9ben&#8221; l\u00e9v\u0151 Magyarorsz\u00e1got &#8222;a J\u00f3isten is arra teremtette&#8221;, hogy kiemelked\u0151 teljes\u00edtm\u00e9nyt ny\u00fajtson a logisztikai iparban, \u00e9s c\u00e9lja is, hogy a r\u00e9gi\u00f3 logisztikai szolg\u00e1ltat\u00f3 k\u00f6zpontj\u00e1v\u00e1 v\u00e1ljon. Hozz\u00e1f\u0171zte: a visegr\u00e1di n\u00e9gyek (Magyarorsz\u00e1g mellett Csehorsz\u00e1g, Szlov\u00e1kia \u00e9s Lengyelorsz\u00e1g) Eur\u00f3pa legstabilabb, legbiztons\u00e1gosabb \u00e9s legnagyobb gazdas\u00e1gi n\u00f6veked\u00e9st produk\u00e1l\u00f3 r\u00e9gi\u00f3j\u00e1t alkotj\u00e1k.<br \/>\n    Sz\u00fcks\u00e9g van ugyanakkor a szabad \u00e1ruforgalomra is &#8211; folytatta -, ez\u00e9rt Magyarorsz\u00e1gnak, a nemzetgazdas\u00e1g\u00e1nak \u00e9s a logisztikai ipar\u00e1gnak is az az \u00e9rdeke, hogy az Eur\u00f3pai Uni\u00f3 bels\u0151 hat\u00e1rai nyitottak legyenek, a k\u00fcls\u0151 hat\u00e1rok pedig v\u00e9dettek \u00e9s z\u00e1rtak. T\u00edz \u00e9ve ez m\u00e9g \u00edgy is volt, ma azonban a k\u00fcls\u0151 hat\u00e1rok nyitva vannak, \u00e9s egyre t\u00f6bb bels\u0151 hat\u00e1rt \u00e9p\u00edtenek vissza, a magyar politika feladata, hogy ezt a folyamatot megpr\u00f3b\u00e1lja meg\u00e1ll\u00edtani &#8211; mondta.<br \/>\n    A mostani megnyit\u00f3 szerinte azt mutatja, hogy az elm\u00falt \u00e9vekben megteremtett magyar gazdas\u00e1gpolitikai kl\u00edma j\u00f3 alapot ny\u00fajt az ide \u00e9rkez\u0151 befektet\u0151 c\u00e9geknek. &#8222;\u00dagy tekint\u00fcnk Magyarorsz\u00e1gra, mint egy nagy j\u00f6v\u0151 el\u0151tt \u00e1ll\u00f3 orsz\u00e1gra, \u00e9s \u00f6r\u00fcl\u00fcnk, hogy nemcsak mi l\u00e1tjuk \u00edgy saj\u00e1t magunkat, hanem az ide \u00e9rkez\u0151 befektet\u0151k is ezt gondolj\u00e1k r\u00f3lunk&#8221; &#8211; fogalmazott a minisztereln\u00f6k.<br \/>\n    A p\u00e1tyi ipari parkban tev\u00e9kenyked\u0151 k\u00fclf\u00f6ldi c\u00e9gek, amelyek &#8222;igazi nagy vadak&#8221;, Magyarorsz\u00e1got v\u00e1lasztott\u00e1k m\u0171k\u00f6d\u00e9s\u00fck helysz\u00edn\u00e9\u00fcl, ami azt jelenti, hogy az orsz\u00e1g versenyk\u00e9pess\u00e9ge rendben van, a befektet\u0151k b\u00edznak Magyarorsz\u00e1gban \u00e9s a dolgoz\u00f3k munkamin\u0151s\u00e9g\u00e9ben, szak\u00e9rtelm\u00e9ben &#8211; hangs\u00falyozta Orb\u00e1n Viktor.<br \/>\n    A p\u00e1tyi beruh\u00e1z\u00e1sr\u00f3l elmondta: az \u00faj csarnok els\u0151 k\u00f6rben 160 embernek ad munk\u00e1t, r\u00e1ad\u00e1sul a magyar nemzetgazdas\u00e1g k\u00e9t fontos \u00e1gazat\u00e1t fogja \u00f6ssze, a j\u00e1rm\u0171ipart \u00e9s a logisztik\u00e1t.<br \/>\n    &#8222;Abban b\u00edzom, hogy a K\u00fchne + Nagel mostani beruh\u00e1z\u00e1sa is kapcsol\u00f3dik egy \u00faj fejezet megnyit\u00e1s\u00e1hoz a magyar gazdas\u00e1g t\u00f6rt\u00e9net\u00e9ben&#8221; &#8211; z\u00e1rta szavait Orb\u00e1n Viktor.<br \/>\n    A nemzeti ipari parki program tavaly vette kezdet\u00e9t a p\u00e1tyi beruh\u00e1z\u00e1ssal, amikor lerakt\u00e1k a vil\u00e1g egyik vezet\u0151 sz\u00e1ll\u00edtm\u00e1nyoz\u00f3 \u00e9s logisztikai v\u00e1llalata, a K\u00fchne + Nagel region\u00e1lis aut\u00f3alkatr\u00e9sz-eloszt\u00f3 k\u00f6zpontj\u00e1nak alapk\u00f6v\u00e9t. A t\u00f6bb mint 23 ezer n\u00e9gyzetm\u00e9teres beruh\u00e1z\u00e1s kivitelez\u00e9s\u00e9t az Inpark m\u00e1rkan\u00e9v alatt tev\u00e9kenyked\u0151, \u00e1llami tulajdon\u00fa Nemzeti Ipari Park \u00dczemeltet\u0151 \u00e9s Fejleszt\u0151 Zrt. v\u00e9gezte.(MTI)<\/p>\n","protected":false},"excerpt":{"rendered":"<p>Magyarorsz\u00e1gon minden k\u00e9szen \u00e1ll ahhoz, hogy a k\u00f6vetkez\u0151 \u00e9vek a gazdas\u00e1gi sikerek jegy\u00e9ben teljenek el &#8211; jelentette ki Orb\u00e1n Viktor minisztereln\u00f6k kedden a Pest megyei P\u00e1tyon, a Nemzeti Ipari Park \u00dczemeltet\u0151 \u00e9s Fejleszt\u0151 Zrt. beruh\u00e1z\u00e1s\u00e1ban \u00e9p\u00fclt \u00faj nemzetk\u00f6zi logisztikai k\u00f6zpont megnyit\u00f3j\u00e1n.<\/p>\n","protected":false},"author":1,"featured_media":0,"comment_status":"closed","ping_status":"open","sticky":false,"template":"","format":"standard","meta":[],"categories":[4,19],"tags":[],"_links":{"self":[{"href":"https:\/\/gazdasagportal.hu\/index.php\/wp-json\/wp\/v2\/posts\/98615"}],"collection":[{"href":"https:\/\/gazdasagportal.hu\/index.php\/wp-json\/wp\/v2\/posts"}],"about":[{"href":"https:\/\/gazdasagportal.hu\/index.php\/wp-json\/wp\/v2\/types\/post"}],"author":[{"embeddable":true,"href":"https:\/\/gazdasagportal.hu\/index.php\/wp-json\/wp\/v2\/users\/1"}],"replies":[{"embeddable":true,"href":"https:\/\/gazdasagportal.hu\/index.php\/wp-json\/wp\/v2\/comments?post=98615"}],"version-history":[{"count":1,"href":"https:\/\/gazdasagportal.hu\/index.php\/wp-json\/wp\/v2\/posts\/98615\/revisions"}],"predecessor-version":[{"id":98616,"href":"https:\/\/gazdasagportal.hu\/index.php\/wp-json\/wp\/v2\/posts\/98615\/revisions\/98616"}],"wp:attachment":[{"href":"https:\/\/gazdasagportal.hu\/index.php\/wp-json\/wp\/v2\/media?parent=98615"}],"wp:term":[{"taxonomy":"category","embeddable":true,"href":"https:\/\/gazdasagportal.hu\/index.php\/wp-json\/wp\/v2\/categories?post=98615"},{"taxonomy":"post_tag","embeddable":true,"href":"https:\/\/gazdasagportal.hu\/index.php\/wp-json\/wp\/v2\/tags?post=98615"}],"curies":[{"name":"wp","href":"https:\/\/api.w.org\/{rel}","templated":true}]}}