{"id":98613,"date":"2017-10-10T11:38:03","date_gmt":"2017-10-10T09:38:03","guid":{"rendered":"http:\/\/gazdasagportal.hu\/?p=98613"},"modified":"2017-10-10T11:38:03","modified_gmt":"2017-10-10T09:38:03","slug":"mediapara-2017-buborekok-alhirek-polarizmus-populizmus","status":"publish","type":"post","link":"https:\/\/gazdasagportal.hu\/index.php\/mediapara-2017-buborekok-alhirek-polarizmus-populizmus\/","title":{"rendered":"M\u00e9diapara 2017: bubor\u00e9kok, \u00e1lh\u00edrek, polarizmus, populizmus"},"content":{"rendered":"<p><strong>\u00c1talakult a magyar m\u00e9diapiac tulajdonosi szerkezete, 2010 \u00f3ta sokkal ink\u00e1bb magyar v\u00e1llalkoz\u00f3k \u00e9s \u00e9rdekek kez\u00e9be ker\u00fcltek a kiadv\u00e1nyok, csatorn\u00e1k, mint a kor\u00e1bbi k\u00fclf\u00f6ldi t\u00f6bbs\u00e9gi tulajdonl\u00e1s idej\u00e9n. Az igencsak \u00e1tpolitiz\u00e1lt magyar m\u00e9diapiacot tov\u00e1bb torz\u00edtja egy halom t\u00e9nyez\u0151.<\/strong><!--more--><\/p>\n<div class=\"ads-in-post1\"><div id=\"gazdasagportal.hu_fullbanner_wideboard\"><\/div>\r\n<\/div>\n<p>&#8222;M\u00e9dia \u00e9s politika \u00faj viszonya \u2013 f\u00fcggetlen \u00fajs\u00e1g\u00edr\u00e1s \u00e9s \u00e1lh\u00edripar&#8221; c\u00edmmel tartott szakmai konferenci\u00e1t a Political Capital, melyre kifejezetten sok \u00e9rdekl\u0151d\u0151 l\u00e1togatott el 2017. okt\u00f3ber 4-\u00e9n. A rendezv\u00e9ny c\u00e9lja az volt, hogy k\u00f6r\u00fclj\u00e1rja a sajt\u00f3 megv\u00e1ltozott helyzet\u00e9t \u00e9s szerep\u00e9t az \u00e1lh\u00edrek vil\u00e1g\u00e1ban, hogy mik\u00e9nt tudnak az \u00fajs\u00e1g\u00edr\u00f3k a megv\u00e1ltozott k\u00f6r\u00fclm\u00e9nyekre reag\u00e1lni, illetve egy\u00fctt \u00e9lni ezzel az \u00faj szitu\u00e1ci\u00f3val, mik a m\u00e1r l\u00e1that\u00f3 ir\u00e1nyok. Wessenauer Veszna, a szervez\u0151 int\u00e9zet elemz\u0151je el\u0151ad\u00e1s\u00e1ban kifejtette, hogy 2010 ut\u00e1n Magyarorsz\u00e1gon is megv\u00e1ltozott a m\u00e9dia \u00e9s a politika viszonya. A helyzetet tov\u00e1bb nehez\u00edti, hogy a Reuters Institue Digital Newsreport 2017-es jelent\u00e9se szerint Magyarorsz\u00e1gon egyre t\u00f6bben, az internetez\u0151k 68%-a a k\u00f6z\u00f6ss\u00e9gi m\u00e9di\u00e1b\u00f3l t\u00e1j\u00e9kodik, ahol viszont m\u00e9g ink\u00e1bb torzulnak az inform\u00e1ci\u00f3k a kialakul\u00f3 v\u00e9lem\u00e9ny bubor\u00e9kok, echo chamber hat\u00e1sok \u00e9s \u00e1lh\u00edrek miatt.<\/p>\n<p><iframe loading=\"lazy\" width=\"509\" height=\"319\" src=\"http:\/\/gazdasagtv.hu\/iframe.php?id=11370\" style=\"border: none; overflow: hidden\" scrolling=\"no\"><\/iframe><br \/>Forr\u00e1s: <a href=\"http:\/\/gazdasagtv.hu\" style=\"color: #df1100; font-weight: bold; text-decoration: none;\" target=\"_blank\" rel=\"noopener\">Gazdas\u00e1gTV.hu<\/a><\/p><div id=\"gazda-272777602\" class=\"gazda-tartalomban gazda-entity-placement\"><script async src=\"https:\/\/pagead2.googlesyndication.com\/pagead\/js\/adsbygoogle.js\"><\/script>\r\n<ins class=\"adsbygoogle\"\r\n     style=\"display:block\"\r\n     data-ad-format=\"fluid\"\r\n     data-ad-layout-key=\"-6t+ed+2i-1n-4w\"\r\n     data-ad-client=\"ca-pub-1959107119989764\"\r\n     data-ad-slot=\"4008251320\"><\/ins>\r\n<script>\r\n     (adsbygoogle = window.adsbygoogle || []).push({});\r\n<\/script><\/div>\n","protected":false},"excerpt":{"rendered":"<p>\u00c1talakult a magyar m\u00e9diapiac tulajdonosi szerkezete, 2010 \u00f3ta sokkal ink\u00e1bb magyar v\u00e1llalkoz\u00f3k \u00e9s \u00e9rdekek kez\u00e9be ker\u00fcltek a kiadv\u00e1nyok, csatorn\u00e1k, mint a kor\u00e1bbi k\u00fclf\u00f6ldi t\u00f6bbs\u00e9gi tulajdonl\u00e1s idej\u00e9n. Az igencsak \u00e1tpolitiz\u00e1lt magyar m\u00e9diapiacot tov\u00e1bb torz\u00edtja egy halom t\u00e9nyez\u0151.<\/p>\n","protected":false},"author":1,"featured_media":0,"comment_status":"closed","ping_status":"open","sticky":false,"template":"","format":"standard","meta":[],"categories":[4],"tags":[],"_links":{"self":[{"href":"https:\/\/gazdasagportal.hu\/index.php\/wp-json\/wp\/v2\/posts\/98613"}],"collection":[{"href":"https:\/\/gazdasagportal.hu\/index.php\/wp-json\/wp\/v2\/posts"}],"about":[{"href":"https:\/\/gazdasagportal.hu\/index.php\/wp-json\/wp\/v2\/types\/post"}],"author":[{"embeddable":true,"href":"https:\/\/gazdasagportal.hu\/index.php\/wp-json\/wp\/v2\/users\/1"}],"replies":[{"embeddable":true,"href":"https:\/\/gazdasagportal.hu\/index.php\/wp-json\/wp\/v2\/comments?post=98613"}],"version-history":[{"count":1,"href":"https:\/\/gazdasagportal.hu\/index.php\/wp-json\/wp\/v2\/posts\/98613\/revisions"}],"predecessor-version":[{"id":98614,"href":"https:\/\/gazdasagportal.hu\/index.php\/wp-json\/wp\/v2\/posts\/98613\/revisions\/98614"}],"wp:attachment":[{"href":"https:\/\/gazdasagportal.hu\/index.php\/wp-json\/wp\/v2\/media?parent=98613"}],"wp:term":[{"taxonomy":"category","embeddable":true,"href":"https:\/\/gazdasagportal.hu\/index.php\/wp-json\/wp\/v2\/categories?post=98613"},{"taxonomy":"post_tag","embeddable":true,"href":"https:\/\/gazdasagportal.hu\/index.php\/wp-json\/wp\/v2\/tags?post=98613"}],"curies":[{"name":"wp","href":"https:\/\/api.w.org\/{rel}","templated":true}]}}