{"id":98604,"date":"2017-10-10T09:56:57","date_gmt":"2017-10-10T07:56:57","guid":{"rendered":"http:\/\/gazdasagportal.hu\/?p=98604"},"modified":"2017-10-10T09:56:57","modified_gmt":"2017-10-10T07:56:57","slug":"tovabb-nott-a-hasznalt-autok-eladasa","status":"publish","type":"post","link":"https:\/\/gazdasagportal.hu\/index.php\/tovabb-nott-a-hasznalt-autok-eladasa\/","title":{"rendered":"Tov\u00e1bb n\u0151tt a haszn\u00e1lt aut\u00f3k elad\u00e1sa"},"content":{"rendered":"<p><strong>Tov\u00e1bb n\u0151tt a haszn\u00e1lt aut\u00f3k elad\u00e1sa a harmadik negyed\u00e9vben \u00e9s a j\u00e1rm\u0171vek \u00e1rai is emelkedtek a haszn\u00e1ltaut\u00f3.hu adatai szerint.<\/strong><!--more--><\/p>\n<div class=\"ads-in-post1\"><div id=\"gazdasagportal.hu_fullbanner_wideboard\"><\/div>\r\n<\/div>\n<p>    Az internetes j\u00e1rm\u0171kereskedelmi port\u00e1l keddi k\u00f6zlem\u00e9nye szerint j\u00faliust\u00f3l szeptemberig Magyarorsz\u00e1gon 180 ezer haszn\u00e1lt aut\u00f3t adtak el, m\u00edg az el\u0151z\u0151 negyed\u00e9vben 173 ezret, az \u00e1tlag\u00e1rak pedig 3,2 sz\u00e1zal\u00e9kkal emelkedtek. A legnagyobb, 13 sz\u00e1zal\u00e9kos dr\u00e1gul\u00e1st az egyter\u0171 j\u00e1rm\u0171vekn\u00e9l m\u00e9rt\u00e9k, de az als\u00f3-, a k\u00f6z\u00e9p- \u00e9s fels\u0151-k\u00f6z\u00e9pkateg\u00f3ri\u00e1s aut\u00f3k\u00e9rt is 9 sz\u00e1zal\u00e9kkal kell t\u00f6bbet fizetni. A nagy, valamint a mini- \u00e9s kisaut\u00f3k 4,5 sz\u00e1zal\u00e9kkal dr\u00e1gultak, a terepj\u00e1r\u00f3k \u00e1r\u00e1nak n\u00f6veked\u00e9se viszont nem haladta meg az infl\u00e1ci\u00f3 m\u00e9rt\u00e9k\u00e9t &#8211; k\u00f6z\u00f6lt\u00e9k.<br \/>\n    Az adatok szerint els\u0151 kilenc h\u00f3nap sor\u00e1n a belf\u00f6ldr\u0151l v\u00e1s\u00e1rl\u00f3k 49 sz\u00e1zal\u00e9ka v\u00e1lasztotta a legn\u00e9pszer\u0171bb \u00f6t aut\u00f3m\u00e1rk\u00e1t: Opelt a haszn\u00e1lt aut\u00f3t keres\u0151k 14 sz\u00e1zal\u00e9ka, Suzukit pedig 10 sz\u00e1zal\u00e9ka vett, de n\u00e9pszer\u0171 volt a Volkswagen, a Ford \u00e9s a Renault is. A k\u00fclf\u00f6ldr\u0151l be\u00e9rkezett kocsik k\u00f6z\u00f6tt a Volkswagen ar\u00e1nya 12 sz\u00e1zal\u00e9k, az Opel\u00e9 11 sz\u00e1zal\u00e9k, a Ford\u00e9 pedig 10 sz\u00e1zal\u00e9k volt. A BMW 7 sz\u00e1zal\u00e9kkal, az Audi \u00e9s a Mercedes 6-6 sz\u00e1zal\u00e9kkal r\u00e9szesedik ebb\u0151l a kateg\u00f3ri\u00e1b\u00f3l &#8211; \u00edrt\u00e1k.<br \/>\n    A k\u00f6zlem\u00e9ny id\u00e9zi a port\u00e1l \u00e9rt\u00e9kes\u00edt\u00e9si vezet\u0151j\u00e9t, aki szerint az \u00e9v k\u00f6zep\u00e9t\u0151l \u00fajra felgyorsult a haszn\u00e1ltaut\u00f3-import, ez pedig &#8211; mint fogalmazott &#8211; k\u00f6zvetlen\u00fcl \u00e9s a lecser\u00e9lt aut\u00f3k elad\u00e1sa miatt is n\u00f6veli a belf\u00f6ldi haszn\u00e1ltaut\u00f3-piac forgalm\u00e1t. Fodor L\u00e1szl\u00f3 hozz\u00e1tette: az \u00e9v v\u00e9g\u00e9ig ak\u00e1r 700 ezer haszn\u00e1lt aut\u00f3t is eladhatnak Magyarorsz\u00e1gon, ami csaknem 80 ezerrel t\u00f6bb a tavalyin\u00e1l.(MTI)<\/p>\n","protected":false},"excerpt":{"rendered":"<p>Tov\u00e1bb n\u0151tt a haszn\u00e1lt aut\u00f3k elad\u00e1sa a harmadik negyed\u00e9vben \u00e9s a j\u00e1rm\u0171vek \u00e1rai is emelkedtek a haszn\u00e1ltaut\u00f3.hu adatai szerint.<\/p>\n","protected":false},"author":1,"featured_media":0,"comment_status":"closed","ping_status":"open","sticky":false,"template":"","format":"standard","meta":[],"categories":[19],"tags":[],"_links":{"self":[{"href":"https:\/\/gazdasagportal.hu\/index.php\/wp-json\/wp\/v2\/posts\/98604"}],"collection":[{"href":"https:\/\/gazdasagportal.hu\/index.php\/wp-json\/wp\/v2\/posts"}],"about":[{"href":"https:\/\/gazdasagportal.hu\/index.php\/wp-json\/wp\/v2\/types\/post"}],"author":[{"embeddable":true,"href":"https:\/\/gazdasagportal.hu\/index.php\/wp-json\/wp\/v2\/users\/1"}],"replies":[{"embeddable":true,"href":"https:\/\/gazdasagportal.hu\/index.php\/wp-json\/wp\/v2\/comments?post=98604"}],"version-history":[{"count":1,"href":"https:\/\/gazdasagportal.hu\/index.php\/wp-json\/wp\/v2\/posts\/98604\/revisions"}],"predecessor-version":[{"id":98605,"href":"https:\/\/gazdasagportal.hu\/index.php\/wp-json\/wp\/v2\/posts\/98604\/revisions\/98605"}],"wp:attachment":[{"href":"https:\/\/gazdasagportal.hu\/index.php\/wp-json\/wp\/v2\/media?parent=98604"}],"wp:term":[{"taxonomy":"category","embeddable":true,"href":"https:\/\/gazdasagportal.hu\/index.php\/wp-json\/wp\/v2\/categories?post=98604"},{"taxonomy":"post_tag","embeddable":true,"href":"https:\/\/gazdasagportal.hu\/index.php\/wp-json\/wp\/v2\/tags?post=98604"}],"curies":[{"name":"wp","href":"https:\/\/api.w.org\/{rel}","templated":true}]}}