{"id":9860,"date":"2013-06-13T12:56:45","date_gmt":"2013-06-13T10:56:45","guid":{"rendered":"http:\/\/stockportal.hu\/?p=9860"},"modified":"2013-06-13T12:56:45","modified_gmt":"2013-06-13T10:56:45","slug":"tizenket-del-alfoldi-helyszin-csatlakozott-az-unios-fejlesztesek-nyilt-napjahoz","status":"publish","type":"post","link":"https:\/\/gazdasagportal.hu\/index.php\/tizenket-del-alfoldi-helyszin-csatlakozott-az-unios-fejlesztesek-nyilt-napjahoz\/","title":{"rendered":"Tizenk\u00e9t d\u00e9l-alf\u00f6ldi helysz\u00edn csatlakozott az Uni\u00f3s fejleszt\u00e9sek ny\u00edlt napj\u00e1hoz"},"content":{"rendered":"<p><strong>Az id\u00e9n m\u00e1sodik alkalommal megrendezett Uni\u00f3s fejleszt\u00e9sek ny\u00edlt napj\u00e1n 12 d\u00e9l-alf\u00f6ldi helysz\u00ednt l\u00e1togathatnak meg az \u00e9rdekl\u0151d\u0151k &#8211; mondta\u00a0\u00a0cs\u00fct\u00f6rt\u00f6ki, szegedi sajt\u00f3t\u00e1j\u00e9koztat\u00f3j\u00e1n D\u00e9l-alf\u00f6ldi Region\u00e1lis Fejleszt\u00e9si \u00dcgyn\u00f6ks\u00e9g Nonprofit Kft., igazgat\u00f3helyettese.<!--more--><\/strong><\/p>\n<p>Szombaton az uni\u00f3s t\u00e1mogat\u00e1sb\u00f3l megval\u00f3sult beruh\u00e1z\u00e1sok k\u00f6z\u00fcl a hotelek mellett, az akt\u00edv kikapcsol\u00f3d\u00e1st biztos\u00edt\u00f3 beruh\u00e1z\u00e1sok, f\u00fcrd\u0151k, illetve kast\u00e9lyok ny\u00edlnak meg a nagyk\u00f6z\u00f6ns\u00e9g el\u0151tt &#8211; tette hozz\u00e1 Bosny\u00e1kovits T\u00fcnde.<br \/>\nKifejtette: a program c\u00e9lja, hogy megmutass\u00e1k az eur\u00f3pai uni\u00f3s tags\u00e1g mennyi mindennel j\u00e1rult hozz\u00e1 a hazai kultur\u00e1lis \u00e9s turisztikai l\u00e9tes\u00edtm\u00e9nyek, helyi v\u00e1llalkoz\u00e1sok fejl\u0151d\u00e9s\u00e9hez.<br \/>\nCsongr\u00e1d megy\u00e9ben Mak\u00f3n, a Makovecz Imre tervei alapj\u00e1n \u00e9p\u00fclt Hagymatikumban, a maros-parti kalandparkban \u00e9s a Lombkorona s\u00e9t\u00e1nyon kapcsol\u00f3dhatnak ki az \u00e9rdekl\u0151d\u0151k. \u00d3pusztaszer is megnyitja kapuit, Szegeden az Art Hotelben \u00e9s a hozz\u00e1 tartoz\u00f3 Sanzon \u00e9tteremben tehetnek l\u00e1togat\u00e1st. \u00a0\u00a0\u00a0\u00a0B\u00e9k\u00e9s megy\u00e9ben a l\u00f6k\u00f6sh\u00e1zi V\u00e1s\u00e1rhelyi-Br\u00e9da Kast\u00e9ly csatlakozott az uni\u00f3s ny\u00edlt naphoz, programokat k\u00edn\u00e1l a gyulai Erkel Eml\u00e9kh\u00e1z is. Mellett\u00fck a szarvasi Arbor\u00e9tum is csatlakozott a rendezv\u00e9nyhez, \u00e9s ingyenesen l\u00e1togathat\u00f3 a t\u00f6rt\u00e9nelmi Magyarorsz\u00e1g m\u00e9rtani k\u00f6zep\u00e9n elk\u00e9sz\u00fclt Mini Magyarorsz\u00e1g Makettpark. A telep\u00fcl\u00e9sen a Liget Apartman &amp; Hotel is megnyitja kapuit. \u00a0\u00a0\u00a0\u00a0B\u00e1cs-Kiskun megy\u00e9ben a Baj\u00e1t\u00f3l 30 kilom\u00e9terre tal\u00e1lhat\u00f3 Haj\u00f3si \u00c9rseki Kast\u00e9ly k\u00edn\u00e1l programokat, illetve a kecskem\u00e9ti Gy\u0171jtem\u00e9nyek H\u00e1za v\u00e1rja a l\u00e1togat\u00f3kat. Itt az eur\u00f3pai sz\u00ednvonal\u00fa ki\u00e1ll\u00edt\u00f3termekben a vend\u00e9gek \u00edzel\u00edt\u0151t kapnak a magyar n\u00e9prajz, az eur\u00f3pai iparm\u0171v\u00e9szet, az egyh\u00e1zm\u0171v\u00e9szet legszebb t\u00e1rgyi eml\u00e9keib\u0151l. Emellett a megyesz\u00e9khelyen a Sheraton Hotelben is l\u00e1togat\u00e1st tehetnek az \u00e9rdekl\u0151d\u0151k. A sz\u00e1lloda a gyerekeknek eg\u00e9sz napos filmvet\u00edt\u00e9st szervez. \u00a0\u00a0\u00a0\u00a0V\u00e1ry \u00c9va, a DARF\u00dc Nonprofit Kft. turisztikai priorit\u00e1sfelel\u0151se elmondta: a r\u00e9gi\u00f3ban az elm\u00falt uni\u00f3s ciklusban 40 milli\u00e1rd forint \u00e1llt rendelkez\u00e9sre a turizmus n\u00e9pszer\u0171s\u00edt\u00e9s\u00e9re. Az id\u0151szakban t\u00f6bb mint 500 p\u00e1ly\u00e1zat \u00e9rkezett be, 106 milli\u00e1rd forint forr\u00e1sig\u00e9nnyel. Ennek hat\u00e1s\u00e1ra mindh\u00e1rom megy\u00e9ben jelent\u0151s fejleszt\u00e9sek val\u00f3sulhattak meg. A felhaszn\u00e1lhat\u00f3 forr\u00e1sb\u00f3l eddig m\u00e1r 36 milli\u00e1rd forintot k\u00f6t\u00f6ttek le, melynek fel\u00e9t m\u00e1r ki is fizett\u00e9k. \u00a0\u00a0\u00a0\u00a0J\u00faniusban id\u00e9n m\u00e1r m\u00e1sodik alkalommal rendezik meg az uni\u00f3s fejleszt\u00e9sek ny\u00edlt napj\u00e1t. Az els\u0151, id\u00e9n m\u00e1rciusban tartott rendezv\u00e9ny orsz\u00e1gosan 6000 \u00e9rdekl\u0151d\u0151t, fiatalt \u00e9s csal\u00e1dot vonzott. J\u00faniusban orsz\u00e1gszerte t\u00f6bb mint 60 fejleszt\u00e9s csatlakozott a kezdem\u00e9nyez\u00e9shez. (MTI)<\/p>\n","protected":false},"excerpt":{"rendered":"<p>Az id\u00e9n m\u00e1sodik alkalommal megrendezett Uni\u00f3s fejleszt\u00e9sek ny\u00edlt napj\u00e1n 12 d\u00e9l-alf\u00f6ldi helysz\u00ednt l\u00e1togathatnak meg az \u00e9rdekl\u0151d\u0151k &#8211; mondta\u00a0\u00a0cs\u00fct\u00f6rt\u00f6ki, szegedi sajt\u00f3t\u00e1j\u00e9koztat\u00f3j\u00e1n D\u00e9l-alf\u00f6ldi Region\u00e1lis Fejleszt\u00e9si \u00dcgyn\u00f6ks\u00e9g Nonprofit Kft., igazgat\u00f3helyettese.<\/p>\n","protected":false},"author":1,"featured_media":0,"comment_status":"open","ping_status":"closed","sticky":false,"template":"","format":"standard","meta":[],"categories":[19],"tags":[],"_links":{"self":[{"href":"https:\/\/gazdasagportal.hu\/index.php\/wp-json\/wp\/v2\/posts\/9860"}],"collection":[{"href":"https:\/\/gazdasagportal.hu\/index.php\/wp-json\/wp\/v2\/posts"}],"about":[{"href":"https:\/\/gazdasagportal.hu\/index.php\/wp-json\/wp\/v2\/types\/post"}],"author":[{"embeddable":true,"href":"https:\/\/gazdasagportal.hu\/index.php\/wp-json\/wp\/v2\/users\/1"}],"replies":[{"embeddable":true,"href":"https:\/\/gazdasagportal.hu\/index.php\/wp-json\/wp\/v2\/comments?post=9860"}],"version-history":[{"count":2,"href":"https:\/\/gazdasagportal.hu\/index.php\/wp-json\/wp\/v2\/posts\/9860\/revisions"}],"predecessor-version":[{"id":9862,"href":"https:\/\/gazdasagportal.hu\/index.php\/wp-json\/wp\/v2\/posts\/9860\/revisions\/9862"}],"wp:attachment":[{"href":"https:\/\/gazdasagportal.hu\/index.php\/wp-json\/wp\/v2\/media?parent=9860"}],"wp:term":[{"taxonomy":"category","embeddable":true,"href":"https:\/\/gazdasagportal.hu\/index.php\/wp-json\/wp\/v2\/categories?post=9860"},{"taxonomy":"post_tag","embeddable":true,"href":"https:\/\/gazdasagportal.hu\/index.php\/wp-json\/wp\/v2\/tags?post=9860"}],"curies":[{"name":"wp","href":"https:\/\/api.w.org\/{rel}","templated":true}]}}