{"id":98574,"date":"2017-10-09T13:58:56","date_gmt":"2017-10-09T11:58:56","guid":{"rendered":"http:\/\/gazdasagportal.hu\/?p=98574"},"modified":"2017-10-09T13:58:56","modified_gmt":"2017-10-09T11:58:56","slug":"novak-a-fiatalok-annyi-gyermeket-terveznek-amennyi-megallithatna-a-nepessegfogyast","status":"publish","type":"post","link":"https:\/\/gazdasagportal.hu\/index.php\/novak-a-fiatalok-annyi-gyermeket-terveznek-amennyi-megallithatna-a-nepessegfogyast\/","title":{"rendered":"Nov\u00e1k: a fiatalok annyi gyermeket terveznek, amennyi meg\u00e1ll\u00edthatn\u00e1 a n\u00e9pess\u00e9gfogy\u00e1st"},"content":{"rendered":"<p><strong>A mai magyar fiatalok annyi gyermeket terveznek, amennyi el\u00e9g lehet ahhoz, hogy Magyarorsz\u00e1gon meg\u00e1lljon a n\u00e9pess\u00e9gfogy\u00e1s &#8211; mondta az Emberi Er\u0151forr\u00e1sok Miniszt\u00e9rium\u00e1nak (Emmi) ifj\u00fas\u00e1g- \u00e9s csal\u00e1d\u00fcgyek\u00e9rt is felel\u0151s \u00e1llamtitk\u00e1ra egy h\u00e9tf\u0151i budapesti rendezv\u00e9nyen.<\/strong><!--more--><\/p>\n<div class=\"ads-in-post1\"><div id=\"gazdasagportal.hu_fullbanner_wideboard\"><\/div>\r\n<\/div>\n<p>    Nov\u00e1k Katalin szerint ha a fiatalok minden seg\u00edts\u00e9get megkapn\u00e1nak a gyermekv\u00e1llal\u00e1shoz, akkor a n\u00e9pess\u00e9gcs\u00f6kken\u00e9si folyamatot vissza lehetne ford\u00edtani. K\u00f6z\u00f6lte, kutat\u00e1sok szerint a fiatalok \u00e1tlagosan 2,4 gyermeket szeretn\u00e9nek, \u00e9s a leg\u00fajabb felm\u00e9r\u00e9sek is ezt az adatot t\u00fckr\u00f6zik vissza.     A H\u00e1rom Kir\u00e1lyfi, H\u00e1rom Kir\u00e1lyl\u00e1ny Mozgalom &#8222;Apa (is) csak egy van!&#8221; c\u00edm\u0171 rendezv\u00e9ny\u00e9n az ap\u00e1k csal\u00e1di szerep\u00e9nek fontoss\u00e1g\u00e1r\u00f3l sz\u00f3lva azt mondta: sz\u00e1mukra is komoly kih\u00edv\u00e1s a munka \u00e9s a csal\u00e1di \u00e9let \u00f6sszeegyeztet\u00e9se, mint az any\u00e1knak, \u00e9s a korm\u00e1ny sz\u00e1mukra ugyan\u00fagy biztos\u00edtja is a t\u00e1mogat\u00e1sokat \u00e9s kedvezm\u00e9nyeket, ahogy az any\u00e1knak.     Nov\u00e1k Katalin szerint a magyar t\u00e1rsadalomban egyre ink\u00e1bb kezd &#8222;trendiv\u00e9&#8221; v\u00e1lni az apas\u00e1g, \u00edgy p\u00e9ld\u00e1ul az a &#8222;ciki&#8221;, ha egy \u00f3vodai vagy iskolai sz\u00fcl\u0151i \u00e9rtekezleten nem vesz r\u00e9szt az apa is.<br \/>\n    Ismertet\u00e9se szerint a korm\u00e1nyzati ifj\u00fas\u00e1gkutat\u00e1s \u00e9s a H\u00e1rom kir\u00e1lyfi mozgalom egy m\u00e1sik kutat\u00e1sa is azt igazolta vissza, hogy a magyar fiatalok csal\u00e1dban, h\u00e1zass\u00e1gban k\u00e9pzelik el az \u00e9let\u00fcket \u00e9s gyermekeket szeretn\u00e9nek nevelni. A megk\u00e9rdezett fiatalemberek pedig a csal\u00e1dban &#8222;jelen l\u00e9v\u0151&#8221; ap\u00e1k szeretn\u00e9nek lenni &#8211; mondta, hozz\u00e1t\u00e9ve: sokszor \u00e9ppen az\u00e9rt halasztj\u00e1k el a gyerekv\u00e1llal\u00e1st a fiatalok, hogy a maguk \u00e1ltal magasra tett m\u00e9rc\u00e9nek, v\u00e1llal\u00e1soknak megfeleljenek.<br \/>\n    A fiatalok akkor mernek \u00e9letre sz\u00f3l\u00f3 d\u00f6nt\u00e9seket hozni \u00e9s elk\u00f6telez\u0151dni, csal\u00e1dot alap\u00edtani, gyerekeket v\u00e1llalni, ha biztons\u00e1gban \u00e9rzik magukat, ennek az egyik legfontosabb alapja &#8211; az anyagiak mellette &#8211; a stabil p\u00e1rkapcsolat, amire lehet \u00e9p\u00edteni &#8211; mondta.<br \/>\n    Nov\u00e1k Katalin a csal\u00e1dok m\u00e1jusi, budapesti nemzetk\u00f6zi vil\u00e1gtal\u00e1lkoz\u00f3j\u00e1n elhangzott egyik el\u0151ad\u00e1sb\u00f3l id\u00e9zett adatokat, amelyek szerint egy k\u00e9tsz\u00fcl\u0151s csal\u00e1dban \u00e9l\u0151 t\u00edz\u00e9ves fi\u00faval az apja hetente 30 percet besz\u00e9lget, ugyanakkor 44 \u00f3r\u00e1t t\u00f6lt telev\u00edzi\u00f3 vagy sz\u00e1m\u00edt\u00f3g\u00e9p el\u0151tt. Nagyon nem mindegy, hogy az ap\u00e1k mennyire vannak jelen a gyerekek \u00e9let\u00e9ben, mert m\u00e1s viselked\u00e9si mint\u00e1t k\u00f6vetnek azok a fiatalok, akikkel t\u00f6bbet foglalkoznak, mint azok, akikkel kevesebbet &#8211; tette hozz\u00e1.<br \/>\n    Az \u00e1llamtitk\u00e1r szerint v\u00e1ltoznia kell annak a szeml\u00e9letnek is, amely szerint az apa csak seg\u00edt, &#8222;beseg\u00edt&#8221; otthon az any\u00e1nak, mert ez azt t\u00fckr\u00f6zi, hogy otthon minden az anya dolga. Arr\u00f3l is besz\u00e9lt, hogy a j\u00f3 h\u00e1zass\u00e1gban \u00e9l\u0151 f\u00e9rfiak tov\u00e1bb \u00e9lnek, a j\u00f3 h\u00e1zass\u00e1g eg\u00e9szs\u00e9gmegtart\u00f3 er\u0151 \u00e9s biztons\u00e1got ad minden tagja sz\u00e1m\u00e1ra.<br \/>\n    Nov\u00e1k Katalin k\u00f6z\u00f6lte, hogy a H\u00e1rom kir\u00e1lyfi mozgalom alap\u00edt\u00f3ja, Kopp M\u00e1ria orvos, pszichol\u00f3gus neve alatt a k\u00f6zelj\u00f6v\u0151ben egy kutat\u00f3int\u00e9zet indul, amely a n\u00e9pesed\u00e9s\u00fcggyel, csal\u00e1dpolitik\u00e1val foglalkozik majd.<br \/>\n    Az &#8222;apakonferenci\u00e1n&#8221; L\u00e9der L\u00e1szl\u00f3 pszichol\u00f3gus a &#8222;modern apas\u00e1g&#8221; fogalm\u00e1r\u00f3l sz\u00f3lva azt mondta: az ap\u00e1k az any\u00e1kkal egyenrang\u00fa f\u00e9lk\u00e9nt \u00e9s szinte egyenl\u0151 terhel\u00e9ssel vesznek r\u00e9szt a gyermekr\u0151l val\u00f3 gondoskod\u00e1sban, a nevel\u00e9sben, a csal\u00e1di \u00e9letben.<br \/>\n    \u00dagy l\u00e1tja, az ap\u00e1k csal\u00e1di szerep\u00e9t az egy\u00e9ni \u00e9s t\u00e1rsadalmi felfog\u00e1sban is moderniz\u00e1lni kell az apa \u00e9s az anya egyenrang\u00fas\u00e1g\u00e1nak tekintet\u00e9ben. Pszichol\u00f3giailag egy apa \u00e9s egy anya szeretete \u00e9s gondoskod\u00e1sa egyenrag\u00fa &#8211; jelentette ki.<br \/>\n    A pszichol\u00f3gus skandin\u00e1v \u00e9s magyar kutat\u00e1sokat is id\u00e9zett, ezek adatai szerint a csal\u00e1dalap\u00edt\u00e1s el\u0151tt \u00e1ll\u00f3 huszon\u00e9ves fiatalemberek 80-97 sz\u00e1zal\u00e9ka akar egy\u00e9rtelm\u0171en gyereket, \u00e9s volt felm\u00e9r\u00e9s, amelynek sor\u00e1n arr\u00f3l sz\u00e1moltak be, hogy gyermek n\u00e9lk\u00fcl az \u00e9let\u00fcket kev\u00e9sb\u00e9 \u00e9rzik \u00e9rt\u00e9kesnek.<br \/>\n    L\u00e9der L\u00e1szl\u00f3 megd\u00f6bbent\u0151nek nevezte, hogy a kutat\u00f3k egy\u00f6ntet\u0171en arra jutottak: a fiatalemberek gyerekv\u00e1llal\u00e1si ig\u00e9nye mindenhol magasabb, mint a koroszt\u00e1lyba tartoz\u00f3 n\u0151k\u00e9.<br \/>\n    Arr\u00f3l is besz\u00e9lt, hogy az ap\u00e1k foglalkoztatotts\u00e1ga minden orsz\u00e1gban magasabb, mint a gyermektelen f\u00e9rfiak\u00e9, m\u00edg a n\u0151kn\u00e9l ez pont ford\u00edtva van: ha gyermek\u00fck van, akkor a foglalkoztatotts\u00e1guk cs\u00f6kken, nagyon alacsony. Ez a v\u00e1llalati kult\u00fara leegyszer\u0171s\u00edtve azt jelenti hogy &#8222;a munk\u00e1ltat\u00f3k szeretik a csal\u00e1dos f\u00e9rfiakat, de nem szeretik a csal\u00e1dos n\u0151ket&#8221; &#8211; mondta a pszichol\u00f3gus. (MTI)<\/p>\n","protected":false},"excerpt":{"rendered":"<p>A mai magyar fiatalok annyi gyermeket terveznek, amennyi el\u00e9g lehet ahhoz, hogy Magyarorsz\u00e1gon meg\u00e1lljon a n\u00e9pess\u00e9gfogy\u00e1s &#8211; mondta az Emberi Er\u0151forr\u00e1sok Miniszt\u00e9rium\u00e1nak (Emmi) ifj\u00fas\u00e1g- \u00e9s csal\u00e1d\u00fcgyek\u00e9rt is felel\u0151s \u00e1llamtitk\u00e1ra egy h\u00e9tf\u0151i budapesti rendezv\u00e9nyen.<\/p>\n","protected":false},"author":1,"featured_media":0,"comment_status":"closed","ping_status":"open","sticky":false,"template":"","format":"standard","meta":[],"categories":[4,19],"tags":[],"_links":{"self":[{"href":"https:\/\/gazdasagportal.hu\/index.php\/wp-json\/wp\/v2\/posts\/98574"}],"collection":[{"href":"https:\/\/gazdasagportal.hu\/index.php\/wp-json\/wp\/v2\/posts"}],"about":[{"href":"https:\/\/gazdasagportal.hu\/index.php\/wp-json\/wp\/v2\/types\/post"}],"author":[{"embeddable":true,"href":"https:\/\/gazdasagportal.hu\/index.php\/wp-json\/wp\/v2\/users\/1"}],"replies":[{"embeddable":true,"href":"https:\/\/gazdasagportal.hu\/index.php\/wp-json\/wp\/v2\/comments?post=98574"}],"version-history":[{"count":1,"href":"https:\/\/gazdasagportal.hu\/index.php\/wp-json\/wp\/v2\/posts\/98574\/revisions"}],"predecessor-version":[{"id":98575,"href":"https:\/\/gazdasagportal.hu\/index.php\/wp-json\/wp\/v2\/posts\/98574\/revisions\/98575"}],"wp:attachment":[{"href":"https:\/\/gazdasagportal.hu\/index.php\/wp-json\/wp\/v2\/media?parent=98574"}],"wp:term":[{"taxonomy":"category","embeddable":true,"href":"https:\/\/gazdasagportal.hu\/index.php\/wp-json\/wp\/v2\/categories?post=98574"},{"taxonomy":"post_tag","embeddable":true,"href":"https:\/\/gazdasagportal.hu\/index.php\/wp-json\/wp\/v2\/tags?post=98574"}],"curies":[{"name":"wp","href":"https:\/\/api.w.org\/{rel}","templated":true}]}}