{"id":98568,"date":"2017-10-09T12:37:45","date_gmt":"2017-10-09T10:37:45","guid":{"rendered":"http:\/\/gazdasagportal.hu\/?p=98568"},"modified":"2017-10-09T12:37:45","modified_gmt":"2017-10-09T10:37:45","slug":"a-nato-nem-akar-ujabb-hideghaborut-2","status":"publish","type":"post","link":"https:\/\/gazdasagportal.hu\/index.php\/a-nato-nem-akar-ujabb-hideghaborut-2\/","title":{"rendered":"A NATO nem akar \u00fajabb hidegh\u00e1bor\u00fat"},"content":{"rendered":"<p><strong>A NATO-t aggasztja a hat\u00e1rain\u00e1l megn\u00f6vekedett orosz katonai jelenl\u00e9t, amit nem hagy v\u00e1lasz n\u00e9lk\u00fcl, ugyanakkor p\u00e1rbesz\u00e9dre t\u00f6rekszik Oroszorsz\u00e1ggal, nem akar \u00fajabb hidegh\u00e1bor\u00fat &#8211; mondta Jens Stoltenberg, az \u00e9szak-atlanti szervezet f\u0151titk\u00e1ra h\u00e9tf\u0151n Bukarestben a NATO parlamenti k\u00f6zgy\u0171l\u00e9se 63. \u00fcl\u00e9sszak\u00e1nak megnyit\u00f3j\u00e1n.<\/strong><!--more--><\/p>\n<div class=\"ads-in-post1\"><div id=\"gazdasagportal.hu_fullbanner_wideboard\"><\/div>\r\n<\/div>\n<p>    Klaus Iohannis rom\u00e1n \u00e1llamf\u0151 a NATO keleti sz\u00e1rny\u00e1nak meger\u0151s\u00edt\u00e9s\u00e9t szorgalmazta felsz\u00f3lal\u00e1s\u00e1ban.<br \/>\n    Stoltenberg az \u00fcl\u00e9sszak megnyit\u00f3j\u00e1n arr\u00f3l besz\u00e9lt, hogy a v\u00e9delmi sz\u00f6vets\u00e9g &#8222;k\u00f6telezetts\u00e9gv\u00e1llal\u00e1sainak ar\u00e1ny\u00e1ban&#8221; meger\u0151s\u00edtette jelenl\u00e9t\u00e9t a Fekete-tenger t\u00e9rs\u00e9g\u00e9ben, v\u00e1laszul az Ukrajna elleni orosz akci\u00f3kra kanadai, rom\u00e1n, olasz \u00e9s bolg\u00e1r pil\u00f3t\u00e1k k\u00f6z\u00f6sen j\u00e1r\u0151r\u00f6znek a t\u00e9rs\u00e9gben. A NATO f\u0151titk\u00e1ra besz\u00e1molt arr\u00f3l is, hogy Rom\u00e1ni\u00e1ban egy \u00faj nemzetk\u00f6zi NATO-dand\u00e1r alakult, amelyet h\u00e9tf\u0151n szem\u00e9lyesen is felkeres a rom\u00e1n eln\u00f6k t\u00e1rsas\u00e1g\u00e1ban.<br \/>\n    Stoltenberg ugyanakkor fontosnak nevezte, hogy a NATO kett\u0151s Oroszorsz\u00e1g-politik\u00e1t folytasson, amely a v\u00e9delem er\u0151s\u00edt\u00e9s\u00e9re \u00e9s p\u00e1rbesz\u00e9dre egyar\u00e1nt \u00e9p\u00edt.<br \/>\n    &#8222;Oroszorsz\u00e1g a szomsz\u00e9dunk, itt van \u00e9s itt is marad, nem akarjuk elszigetelni, a NATO nem akar \u00fajabb hidegh\u00e1bor\u00fat, megel\u0151zni, nem kirobbantani akarunk konfliktusokat&#8221; &#8211; hangoztatta a NATO f\u0151titk\u00e1ra. Hozz\u00e1tette, hogy a NATO-nak egyszerre kell sz\u00e1mos m\u00e1s kih\u00edv\u00e1sra \u00e9s fenyeget\u00e9sre is v\u00e1laszt adnia, Afganiszt\u00e1nt\u00f3l az \u00e9szak-afrikai instabilit\u00e1sig, \u00e9s kiemelt szerepe lesz m\u00e9g sok \u00e9ven kereszt\u00fcl a terrorizmus lek\u00fczd\u00e9s\u00e9ben.<br \/>\n    A NATO f\u0151titk\u00e1ra \u00fcdv\u00f6z\u00f6lte Rom\u00e1nia szerepv\u00e1llal\u00e1s\u00e1t a NATO koszov\u00f3i \u00e9s afganiszt\u00e1ni misszi\u00f3iban, illetve azt, hogy Rom\u00e1nia a GDP k\u00e9t sz\u00e1zal\u00e9k\u00e1ra n\u00f6velte v\u00e9delmi k\u00f6lts\u00e9gvet\u00e9s\u00e9t.<br \/>\n    Klaus Iohannis rom\u00e1n \u00e1llamf\u0151 a NATO keleti sz\u00e1rny\u00e1nak, f\u0151leg a fekete-tengeri t\u00e9rs\u00e9gnek a meger\u0151s\u00edt\u00e9s\u00e9t szorgalmazta a parlamenti k\u00f6zgy\u0171l\u00e9s bukaresti \u00fcl\u00e9sszak\u00e1nak megnyit\u00f3j\u00e1n. Oroszorsz\u00e1ggal kapcsolatban hossz\u00fa t\u00e1v\u00fa, \u00e1tfog\u00f3 NATO-strat\u00e9gi\u00e1t s\u00fcrgetett, amelynek szerinte a p\u00e1rbesz\u00e9det, illetve a v\u00e9delem meger\u0151s\u00edt\u00e9s\u00e9t \u00e9s az elrettent\u00e9st is mag\u00e1ban kell foglalnia.<br \/>\n    A NATO 29 tagorsz\u00e1g\u00e1nak csaknem 270 t\u00f6rv\u00e9nyhoz\u00e1si k\u00e9pvisel\u0151je, valamint 12 partnerorsz\u00e1g k\u00fcld\u00f6tts\u00e9ge \u00e9s a t\u00e1rsult orsz\u00e1gok megfigyel\u0151i vesznek r\u00e9szt a NATO parlamenti k\u00f6zgy\u0171l\u00e9s\u00e9nek bukaresti \u00fcl\u00e9sszak\u00e1n.<br \/>\n    Jens Stoltenberg h\u00e9tf\u0151n felkeresi a rom\u00e1n eln\u00f6ki hivatalt, tal\u00e1lkozik Mihai Tudose minisztereln\u00f6kkel, majd Klaus Iohannis \u00e1llamf\u0151vel egy\u00fctt a d\u00e9l-rom\u00e1niai Craiov\u00e1ra utazik, ahol &#8211; a vars\u00f3i NATO-cs\u00facs d\u00f6nt\u00e9se \u00e9rtelm\u00e9ben &#8211; egy nemzetk\u00f6zi NATO-dand\u00e1rt szerveznek, a tervek szerint lengyel, amerikai, \u00e9s n\u00e9met r\u00e9szv\u00e9tellel, 60 kilom\u00e9ternyire att\u00f3l a deveselui katonai t\u00e1maszpontt\u00f3l, ahol m\u00e1sf\u00e9l \u00e9ve felavatt\u00e1k az amerikai rak\u00e9tav\u00e9delmi rendszer rom\u00e1niai elemeit.<br \/>\n(MTI)<\/p>\n","protected":false},"excerpt":{"rendered":"<p>A NATO-t aggasztja a hat\u00e1rain\u00e1l megn\u00f6vekedett orosz katonai jelenl\u00e9t, amit nem hagy v\u00e1lasz n\u00e9lk\u00fcl, ugyanakkor p\u00e1rbesz\u00e9dre t\u00f6rekszik Oroszorsz\u00e1ggal, nem akar \u00fajabb hidegh\u00e1bor\u00fat &#8211; mondta Jens Stoltenberg, az \u00e9szak-atlanti szervezet f\u0151titk\u00e1ra h\u00e9tf\u0151n Bukarestben a NATO parlamenti k\u00f6zgy\u0171l\u00e9se 63. \u00fcl\u00e9sszak\u00e1nak megnyit\u00f3j\u00e1n.<\/p>\n","protected":false},"author":1,"featured_media":0,"comment_status":"closed","ping_status":"open","sticky":false,"template":"","format":"standard","meta":[],"categories":[12],"tags":[],"_links":{"self":[{"href":"https:\/\/gazdasagportal.hu\/index.php\/wp-json\/wp\/v2\/posts\/98568"}],"collection":[{"href":"https:\/\/gazdasagportal.hu\/index.php\/wp-json\/wp\/v2\/posts"}],"about":[{"href":"https:\/\/gazdasagportal.hu\/index.php\/wp-json\/wp\/v2\/types\/post"}],"author":[{"embeddable":true,"href":"https:\/\/gazdasagportal.hu\/index.php\/wp-json\/wp\/v2\/users\/1"}],"replies":[{"embeddable":true,"href":"https:\/\/gazdasagportal.hu\/index.php\/wp-json\/wp\/v2\/comments?post=98568"}],"version-history":[{"count":1,"href":"https:\/\/gazdasagportal.hu\/index.php\/wp-json\/wp\/v2\/posts\/98568\/revisions"}],"predecessor-version":[{"id":98569,"href":"https:\/\/gazdasagportal.hu\/index.php\/wp-json\/wp\/v2\/posts\/98568\/revisions\/98569"}],"wp:attachment":[{"href":"https:\/\/gazdasagportal.hu\/index.php\/wp-json\/wp\/v2\/media?parent=98568"}],"wp:term":[{"taxonomy":"category","embeddable":true,"href":"https:\/\/gazdasagportal.hu\/index.php\/wp-json\/wp\/v2\/categories?post=98568"},{"taxonomy":"post_tag","embeddable":true,"href":"https:\/\/gazdasagportal.hu\/index.php\/wp-json\/wp\/v2\/tags?post=98568"}],"curies":[{"name":"wp","href":"https:\/\/api.w.org\/{rel}","templated":true}]}}